{"id":27802,"date":"2025-03-19T04:09:00","date_gmt":"2025-03-19T03:09:00","guid":{"rendered":"https:\/\/sven-ove.nu\/?p=27802"},"modified":"2025-03-18T15:29:42","modified_gmt":"2025-03-18T14:29:42","slug":"snabbportratt-av-svensson","status":"publish","type":"post","link":"https:\/\/sven-ove.nu\/?p=27802","title":{"rendered":"Snabbportr\u00e4tt av Svensson"},"content":{"rendered":"\n<figure class=\"wp-block-image size-large\"><a href=\"https:\/\/sven-ove.nu\/wp-content\/uploads\/2025\/03\/Sven-OveritadavGunnarEhne1982-scaled.jpg\"><img loading=\"lazy\" decoding=\"async\" width=\"1024\" height=\"990\" src=\"https:\/\/sven-ove.nu\/wp-content\/uploads\/2025\/03\/Sven-OveritadavGunnarEhne1982-1024x990.jpg\" alt=\"\" class=\"wp-image-27809\" srcset=\"https:\/\/sven-ove.nu\/wp-content\/uploads\/2025\/03\/Sven-OveritadavGunnarEhne1982-1024x990.jpg 1024w, https:\/\/sven-ove.nu\/wp-content\/uploads\/2025\/03\/Sven-OveritadavGunnarEhne1982-300x290.jpg 300w, https:\/\/sven-ove.nu\/wp-content\/uploads\/2025\/03\/Sven-OveritadavGunnarEhne1982-768x743.jpg 768w, https:\/\/sven-ove.nu\/wp-content\/uploads\/2025\/03\/Sven-OveritadavGunnarEhne1982-1536x1485.jpg 1536w, https:\/\/sven-ove.nu\/wp-content\/uploads\/2025\/03\/Sven-OveritadavGunnarEhne1982-2048x1980.jpg 2048w\" sizes=\"auto, (max-width: 1024px) 100vw, 1024px\" \/><\/a><\/figure>\n\n\n\n<blockquote class=\"wp-block-quote is-layout-flow wp-block-quote-is-layout-flow\">\n<p class=\"wp-block-paragraph\">D\u00f6st\u00e4dar vidare. D\u00e5 g\u00f6r jag \u00e4nnu ett fynd.<\/p>\n<\/blockquote>\n\n\n\n<p class=\"wp-block-paragraph\">Ett snabbportr\u00e4tt av mig fr\u00e5n sommaren 1982. Tecknat med kulspets i all hast av poeten <a href=\"https:\/\/www.varmlandslitteratur.se\/Ehne_Gunnar.htm\" data-type=\"link\" data-id=\"https:\/\/www.varmlandslitteratur.se\/Ehne_Gunnar.htm\">Gunnar Ehne<\/a> som bodde hos oss en natt. Han l\u00e5nade min anteckningsbok.<br><br>\u00c4n en g\u00e5ng g\u00f6r han mig r\u00f6rd, den gode Millmark\u00f4rn. Dessutom \u00e4r det likt s\u00e4ger mina barn.<\/p>\n\n\n\n<p class=\"has-light-blue-background-color has-background wp-block-paragraph\"><a href=\"https:\/\/sven-ove.nu\/\">Hem<\/a>&nbsp;|&nbsp;<a href=\"https:\/\/sven-ove.nu\/?page_id=170\">Om mig<\/a>&nbsp;|&nbsp;<a href=\"https:\/\/sven-ove.nu\/?page_id=1385\">Skriva &amp; prata<\/a>&nbsp;|&nbsp;<a href=\"https:\/\/sven-ove.nu\/?page_id=100\">Politik<\/a>&nbsp;|&nbsp;<a href=\"https:\/\/sven-ove.nu\/?page_id=102\">L\u00f6pa<\/a>&nbsp;|&nbsp;<a href=\"https:\/\/sven-ove.nu\/?page_id=108\">Viktor Root<\/a>&nbsp;&nbsp;<br><em>Inl\u00e4gg nr 2 453, (c) Sven-Ove Svensson (men dela g\u00e4rna<\/em>)<\/p>\n","protected":false},"excerpt":{"rendered":"<p>D\u00f6st\u00e4dar vidare. D\u00e5 g\u00f6r jag \u00e4nnu ett fynd. Ett snabbportr\u00e4tt av mig fr\u00e5n sommaren 1982. Tecknat med kulspets i all hast av poeten Gunnar Ehne som bodde hos oss en natt. Han l\u00e5nade min anteckningsbok. \u00c4n en g\u00e5ng g\u00f6r han mig r\u00f6rd, den gode Millmark\u00f4rn. Dessutom \u00e4r det likt s\u00e4ger mina barn. Hem&nbsp;|&nbsp;Om mig&nbsp;|&nbsp;Skriva &amp; &hellip; <a href=\"https:\/\/sven-ove.nu\/?p=27802\" class=\"more-link\">Forts\u00e4tt l\u00e4sa <span class=\"screen-reader-text\">Snabbportr\u00e4tt av Svensson<\/span><\/a><\/p>\n","protected":false},"author":1,"featured_media":0,"comment_status":"closed","ping_status":"open","sticky":false,"template":"","format":"standard","meta":{"_crdt_document":"","_monsterinsights_skip_tracking":false,"_monsterinsights_sitenote_active":false,"_monsterinsights_sitenote_note":"","_monsterinsights_sitenote_category":0,"footnotes":""},"categories":[28],"tags":[24],"class_list":["post-27802","post","type-post","status-publish","format-standard","hentry","category-kreativt-folk","tag-karlek"],"_links":{"self":[{"href":"https:\/\/sven-ove.nu\/index.php?rest_route=\/wp\/v2\/posts\/27802","targetHints":{"allow":["GET"]}}],"collection":[{"href":"https:\/\/sven-ove.nu\/index.php?rest_route=\/wp\/v2\/posts"}],"about":[{"href":"https:\/\/sven-ove.nu\/index.php?rest_route=\/wp\/v2\/types\/post"}],"author":[{"embeddable":true,"href":"https:\/\/sven-ove.nu\/index.php?rest_route=\/wp\/v2\/users\/1"}],"replies":[{"embeddable":true,"href":"https:\/\/sven-ove.nu\/index.php?rest_route=%2Fwp%2Fv2%2Fcomments&post=27802"}],"version-history":[{"count":7,"href":"https:\/\/sven-ove.nu\/index.php?rest_route=\/wp\/v2\/posts\/27802\/revisions"}],"predecessor-version":[{"id":27814,"href":"https:\/\/sven-ove.nu\/index.php?rest_route=\/wp\/v2\/posts\/27802\/revisions\/27814"}],"wp:attachment":[{"href":"https:\/\/sven-ove.nu\/index.php?rest_route=%2Fwp%2Fv2%2Fmedia&parent=27802"}],"wp:term":[{"taxonomy":"category","embeddable":true,"href":"https:\/\/sven-ove.nu\/index.php?rest_route=%2Fwp%2Fv2%2Fcategories&post=27802"},{"taxonomy":"post_tag","embeddable":true,"href":"https:\/\/sven-ove.nu\/index.php?rest_route=%2Fwp%2Fv2%2Ftags&post=27802"}],"curies":[{"name":"wp","href":"https:\/\/api.w.org\/{rel}","templated":true}]}}