{"id":27833,"date":"2025-03-27T04:37:00","date_gmt":"2025-03-27T03:37:00","guid":{"rendered":"https:\/\/sven-ove.nu\/?p=27833"},"modified":"2025-03-26T09:41:19","modified_gmt":"2025-03-26T08:41:19","slug":"fattigdomens-historia-i-var-kommun","status":"publish","type":"post","link":"https:\/\/sven-ove.nu\/?p=27833","title":{"rendered":"Fattigdomens historia i v\u00e5r kommun"},"content":{"rendered":"\n<figure class=\"wp-block-image size-large\"><a href=\"https:\/\/sven-ove.nu\/wp-content\/uploads\/2025\/03\/IMG_2161.jpeg\"><img loading=\"lazy\" decoding=\"async\" width=\"1024\" height=\"986\" src=\"https:\/\/sven-ove.nu\/wp-content\/uploads\/2025\/03\/IMG_2161-1024x986.jpeg\" alt=\"\" class=\"wp-image-27834\" srcset=\"https:\/\/sven-ove.nu\/wp-content\/uploads\/2025\/03\/IMG_2161-1024x986.jpeg 1024w, https:\/\/sven-ove.nu\/wp-content\/uploads\/2025\/03\/IMG_2161-300x289.jpeg 300w, https:\/\/sven-ove.nu\/wp-content\/uploads\/2025\/03\/IMG_2161-768x740.jpeg 768w, https:\/\/sven-ove.nu\/wp-content\/uploads\/2025\/03\/IMG_2161-1536x1480.jpeg 1536w, https:\/\/sven-ove.nu\/wp-content\/uploads\/2025\/03\/IMG_2161.jpeg 1964w\" sizes=\"auto, (max-width: 1024px) 100vw, 1024px\" \/><\/a><\/figure>\n\n\n\n<blockquote class=\"wp-block-quote is-layout-flow wp-block-quote-is-layout-flow\">\n<p class=\"wp-block-paragraph\">Onsdag. Solig v\u00e5rmorgon, f\u00f6rfrukost p\u00e5 balkongen, en talgoxe filar och skator fraktar kvist.<\/p>\n<\/blockquote>\n\n\n\n<p class=\"wp-block-paragraph\">Det \u00e4r hos de sn\u00e4lla m\u00e4nniskorna som skatorna bygger bo sa farmor. Vad g\u00f6r det d\u00e5 att v\u00e5r h\u00f6ga tuja p\u00e5 framsidan f\u00e5tt en kvast.<\/p>\n\n\n\n<p class=\"wp-block-paragraph\">Tisdagen var ocks\u00e5 en bra dag. Bente Sabel fr\u00e5n Oslo kom till Kulturhuset i Deje f\u00f6r att ber\u00e4tta om hur hon hittat sina f\u00f6rf\u00e4der i en fj\u00e4rran skog l\u00e5ngt norrut i \u00d6vre Ullerud. D\u00e4r, p\u00e5 gr\u00e4nsen mellan Forshaga och Munkfors kommuner, l\u00e5g de fattiga torpen vid V\u00e5gsj\u00f6n.<\/p>\n\n\n\n<p class=\"wp-block-paragraph\">Hennes f\u00f6rf\u00e4der och deras grannar hade knappast tid till att sitta p\u00e5 n\u00e5gra balkonger och sk\u00e5da skator. 1865 r\u00e4knades 347 319 svenskar som utfattiga och tv\u00e5 tredjedelar av landets befolkning, 1,9 miljoner, var s\u00e5 fattiga att de inte kunde betala skatt. Tre \u00e5r senare kom de riktiga n\u00f6d\u00e5ren.<\/p>\n\n\n\n<p class=\"wp-block-paragraph\">Bentes farfar Erik Gustav Sabel gjorde som m\u00e5nga svenskar. Han utvandrade till Norge. En emigration som inte \u00e4r lika uppm\u00e4rksammad som den till Amerika.<\/p>\n\n\n\n<p class=\"wp-block-paragraph\">Bente Sabels bok heter <strong>Skogsborna. En historia om fattigfolk fr\u00e5n V\u00e4rmland.<\/strong><\/p>\n\n\n\n<p class=\"wp-block-paragraph\">L\u00e4s den.<\/p>\n\n\n\n<figure class=\"wp-block-image size-large\"><a href=\"https:\/\/sven-ove.nu\/wp-content\/uploads\/2025\/03\/IMG_2162-scaled.jpeg\"><img loading=\"lazy\" decoding=\"async\" width=\"887\" height=\"1024\" src=\"https:\/\/sven-ove.nu\/wp-content\/uploads\/2025\/03\/IMG_2162-887x1024.jpeg\" alt=\"\" class=\"wp-image-27836\" srcset=\"https:\/\/sven-ove.nu\/wp-content\/uploads\/2025\/03\/IMG_2162-887x1024.jpeg 887w, https:\/\/sven-ove.nu\/wp-content\/uploads\/2025\/03\/IMG_2162-260x300.jpeg 260w, https:\/\/sven-ove.nu\/wp-content\/uploads\/2025\/03\/IMG_2162-768x887.jpeg 768w, https:\/\/sven-ove.nu\/wp-content\/uploads\/2025\/03\/IMG_2162-1330x1536.jpeg 1330w, https:\/\/sven-ove.nu\/wp-content\/uploads\/2025\/03\/IMG_2162-1774x2048.jpeg 1774w\" sizes=\"auto, (max-width: 887px) 100vw, 887px\" \/><\/a><\/figure>\n\n\n\n<p class=\"has-light-gray-background-color has-background wp-block-paragraph\"><a href=\"https:\/\/sven-ove.nu\/\">Hem<\/a>\u00a0|\u00a0<a href=\"https:\/\/sven-ove.nu\/?page_id=170\">Om mig<\/a>\u00a0|\u00a0<a href=\"https:\/\/sven-ove.nu\/?page_id=1385\">Skriva &amp; prata<\/a>\u00a0|\u00a0<a href=\"https:\/\/sven-ove.nu\/?page_id=100\">Politik<\/a>\u00a0|\u00a0<a href=\"https:\/\/sven-ove.nu\/?page_id=102\">L\u00f6pa<\/a>\u00a0|\u00a0<a href=\"https:\/\/sven-ove.nu\/?page_id=108\">Viktor Root<\/a>\u00a0\u00a0<br><em>Inl\u00e4gg nr 2 455, (c) Sven-Ove Svensson (men dela g\u00e4rna<\/em>)<\/p>\n","protected":false},"excerpt":{"rendered":"<p>Onsdag. Solig v\u00e5rmorgon, f\u00f6rfrukost p\u00e5 balkongen, en talgoxe filar och skator fraktar kvist. Det \u00e4r hos de sn\u00e4lla m\u00e4nniskorna som skatorna bygger bo sa farmor. Vad g\u00f6r det d\u00e5 att v\u00e5r h\u00f6ga tuja p\u00e5 framsidan f\u00e5tt en kvast. Tisdagen var ocks\u00e5 en bra dag. Bente Sabel fr\u00e5n Oslo kom till Kulturhuset i Deje f\u00f6r att &hellip; <a href=\"https:\/\/sven-ove.nu\/?p=27833\" class=\"more-link\">Forts\u00e4tt l\u00e4sa <span class=\"screen-reader-text\">Fattigdomens historia i v\u00e5r kommun<\/span><\/a><\/p>\n","protected":false},"author":1,"featured_media":0,"comment_status":"closed","ping_status":"open","sticky":false,"template":"","format":"standard","meta":{"_crdt_document":"","_monsterinsights_skip_tracking":false,"_monsterinsights_sitenote_active":false,"_monsterinsights_sitenote_note":"","_monsterinsights_sitenote_category":0,"footnotes":""},"categories":[28,4],"tags":[8,18,14,21],"class_list":["post-27833","post","type-post","status-publish","format-standard","hentry","category-kreativt-folk","category-skrivande","tag-historia","tag-lardomar","tag-lasning","tag-ord"],"_links":{"self":[{"href":"https:\/\/sven-ove.nu\/index.php?rest_route=\/wp\/v2\/posts\/27833","targetHints":{"allow":["GET"]}}],"collection":[{"href":"https:\/\/sven-ove.nu\/index.php?rest_route=\/wp\/v2\/posts"}],"about":[{"href":"https:\/\/sven-ove.nu\/index.php?rest_route=\/wp\/v2\/types\/post"}],"author":[{"embeddable":true,"href":"https:\/\/sven-ove.nu\/index.php?rest_route=\/wp\/v2\/users\/1"}],"replies":[{"embeddable":true,"href":"https:\/\/sven-ove.nu\/index.php?rest_route=%2Fwp%2Fv2%2Fcomments&post=27833"}],"version-history":[{"count":3,"href":"https:\/\/sven-ove.nu\/index.php?rest_route=\/wp\/v2\/posts\/27833\/revisions"}],"predecessor-version":[{"id":27838,"href":"https:\/\/sven-ove.nu\/index.php?rest_route=\/wp\/v2\/posts\/27833\/revisions\/27838"}],"wp:attachment":[{"href":"https:\/\/sven-ove.nu\/index.php?rest_route=%2Fwp%2Fv2%2Fmedia&parent=27833"}],"wp:term":[{"taxonomy":"category","embeddable":true,"href":"https:\/\/sven-ove.nu\/index.php?rest_route=%2Fwp%2Fv2%2Fcategories&post=27833"},{"taxonomy":"post_tag","embeddable":true,"href":"https:\/\/sven-ove.nu\/index.php?rest_route=%2Fwp%2Fv2%2Ftags&post=27833"}],"curies":[{"name":"wp","href":"https:\/\/api.w.org\/{rel}","templated":true}]}}