{"id":2801,"date":"2012-08-02T04:00:20","date_gmt":"2012-08-02T03:00:20","guid":{"rendered":"http:\/\/sven-ove.nu\/?p=2801"},"modified":"2012-08-01T14:32:21","modified_gmt":"2012-08-01T13:32:21","slug":"ar-det-till-att-vilja-ha-en-kram","status":"publish","type":"post","link":"https:\/\/sven-ove.nu\/?p=2801","title":{"rendered":"\u00c4r det till att vilja ha en kram?"},"content":{"rendered":"<p><a href=\"http:\/\/www.youtube.com\/watch?v=vVyp_lW0Csc&amp;feature=youtu.be\" target=\"_blank\"><img loading=\"lazy\" decoding=\"async\" class=\"alignright size-medium wp-image-2803\" title=\"Kramas eller\" src=\"https:\/\/sven-ove.nu\/wp-content\/uploads\/2012\/08\/Kramas-eller1-300x189.jpg\" alt=\"\" width=\"300\" height=\"189\" srcset=\"https:\/\/sven-ove.nu\/wp-content\/uploads\/2012\/08\/Kramas-eller1-300x189.jpg 300w, https:\/\/sven-ove.nu\/wp-content\/uploads\/2012\/08\/Kramas-eller1.jpg 675w\" sizes=\"auto, (max-width: 300px) 100vw, 300px\" \/><\/a>Pl\u00f6tsligt en dag har n\u00e5gon best\u00e4mt att vi ska b\u00f6rja kramas, \u00e4ven n\u00e4r vi inte gjort m\u00e5l eller det inte \u00e4r v\u00e5r k\u00e4resta vi tr\u00e4ffar. H\u00e4r \u00e4r l\u00e4nken till en beg\u00e5vad film som f\u00f6rklarar saken:<\/p>\n<p><a href=\"http:\/\/www.youtube.com\/watch?v=vVyp_lW0Csc&amp;feature=youtu.be\">http:\/\/www.youtube.com\/watch?v=vVyp_lW0Csc&amp;feature=youtu.be<\/a><\/p>\n<p style=\"padding-left: 30px;\"><strong>F\u00f6r \u00f6vrigt vill jag inte bli kallad Ni, bara s\u00e5 ni vet det, expediter, kypare och andra. Jag <span style=\"text-decoration: underline;\">har<\/span> inte l\u00f6ss. Det <span style=\"text-decoration: underline;\">\u00e4r<\/span> inte artigt att h\u00e4lsa mig med det gamla 1600-talsordet. Jag blir lika ledsen varje g\u00e5ng.<\/strong><\/p>\n<p>\u201dNi\u201d? Ska ni g\u00f6ra ungdomsuppror mot den \u00e4ldre generationen, kan ni v\u00e4l \u00e5tminstone g\u00f6ra ett som pekar fram\u00e5t. Inte 400 \u00e5r bak\u00e5t.<\/p>\n<p>Sn\u00e4lla ni.<br \/>\nVi kallar inte dig f\u00f6r I, din ormsaltare.<\/p>\n","protected":false},"excerpt":{"rendered":"<p>Pl\u00f6tsligt en dag har n\u00e5gon best\u00e4mt att vi ska b\u00f6rja kramas, \u00e4ven n\u00e4r vi inte gjort m\u00e5l eller det inte \u00e4r v\u00e5r k\u00e4resta vi tr\u00e4ffar. H\u00e4r \u00e4r l\u00e4nken till en beg\u00e5vad film som f\u00f6rklarar saken: http:\/\/www.youtube.com\/watch?v=vVyp_lW0Csc&amp;feature=youtu.be F\u00f6r \u00f6vrigt vill jag inte bli kallad Ni, bara s\u00e5 ni vet det, expediter, kypare och andra. Jag har &hellip; <a href=\"https:\/\/sven-ove.nu\/?p=2801\" class=\"more-link\">Forts\u00e4tt l\u00e4sa <span class=\"screen-reader-text\">\u00c4r det till att vilja ha en kram?<\/span><\/a><\/p>\n","protected":false},"author":1,"featured_media":0,"comment_status":"open","ping_status":"open","sticky":false,"template":"","format":"standard","meta":{"_crdt_document":"","_monsterinsights_skip_tracking":false,"_monsterinsights_sitenote_active":false,"_monsterinsights_sitenote_note":"","_monsterinsights_sitenote_category":0,"footnotes":""},"categories":[9],"tags":[16,20],"class_list":["post-2801","post","type-post","status-publish","format-standard","hentry","category-politik","tag-dumheter","tag-rad"],"_links":{"self":[{"href":"https:\/\/sven-ove.nu\/index.php?rest_route=\/wp\/v2\/posts\/2801","targetHints":{"allow":["GET"]}}],"collection":[{"href":"https:\/\/sven-ove.nu\/index.php?rest_route=\/wp\/v2\/posts"}],"about":[{"href":"https:\/\/sven-ove.nu\/index.php?rest_route=\/wp\/v2\/types\/post"}],"author":[{"embeddable":true,"href":"https:\/\/sven-ove.nu\/index.php?rest_route=\/wp\/v2\/users\/1"}],"replies":[{"embeddable":true,"href":"https:\/\/sven-ove.nu\/index.php?rest_route=%2Fwp%2Fv2%2Fcomments&post=2801"}],"version-history":[{"count":4,"href":"https:\/\/sven-ove.nu\/index.php?rest_route=\/wp\/v2\/posts\/2801\/revisions"}],"predecessor-version":[{"id":2807,"href":"https:\/\/sven-ove.nu\/index.php?rest_route=\/wp\/v2\/posts\/2801\/revisions\/2807"}],"wp:attachment":[{"href":"https:\/\/sven-ove.nu\/index.php?rest_route=%2Fwp%2Fv2%2Fmedia&parent=2801"}],"wp:term":[{"taxonomy":"category","embeddable":true,"href":"https:\/\/sven-ove.nu\/index.php?rest_route=%2Fwp%2Fv2%2Fcategories&post=2801"},{"taxonomy":"post_tag","embeddable":true,"href":"https:\/\/sven-ove.nu\/index.php?rest_route=%2Fwp%2Fv2%2Ftags&post=2801"}],"curies":[{"name":"wp","href":"https:\/\/api.w.org\/{rel}","templated":true}]}}