{"id":28111,"date":"2025-05-28T05:15:00","date_gmt":"2025-05-28T04:15:00","guid":{"rendered":"https:\/\/sven-ove.nu\/?p=28111"},"modified":"2025-05-28T06:50:07","modified_gmt":"2025-05-28T05:50:07","slug":"ai-i-var-vardag","status":"publish","type":"post","link":"https:\/\/sven-ove.nu\/?p=28111","title":{"rendered":"Hoppsan, vi anv\u00e4nder ju AI hela tiden!"},"content":{"rendered":"\n<figure class=\"wp-block-image size-large\"><a href=\"https:\/\/sven-ove.nu\/wp-content\/uploads\/2025\/05\/IMG_2667.jpeg\"><img loading=\"lazy\" decoding=\"async\" width=\"1024\" height=\"1024\" src=\"https:\/\/sven-ove.nu\/wp-content\/uploads\/2025\/05\/IMG_2667-1024x1024.jpeg\" alt=\"\" class=\"wp-image-28112\" srcset=\"https:\/\/sven-ove.nu\/wp-content\/uploads\/2025\/05\/IMG_2667-1024x1024.jpeg 1024w, https:\/\/sven-ove.nu\/wp-content\/uploads\/2025\/05\/IMG_2667-300x300.jpeg 300w, https:\/\/sven-ove.nu\/wp-content\/uploads\/2025\/05\/IMG_2667-150x150.jpeg 150w, https:\/\/sven-ove.nu\/wp-content\/uploads\/2025\/05\/IMG_2667-768x768.jpeg 768w, https:\/\/sven-ove.nu\/wp-content\/uploads\/2025\/05\/IMG_2667.jpeg 1440w\" sizes=\"auto, (max-width: 1024px) 100vw, 1024px\" \/><\/a><\/figure>\n\n\n\n<blockquote class=\"wp-block-quote is-layout-flow wp-block-quote-is-layout-flow\">\n<p class=\"wp-block-paragraph\">Anteckningar inf\u00f6r m\u00f6te om artificiell intelligens med V\u00e4rml\u00e4ndska F\u00f6rfattars\u00e4llskapet i kv\u00e4ll.<\/p>\n\n\n\n<p class=\"wp-block-paragraph\">En t\u00e4nkt dag i mitt liv:<\/p>\n<\/blockquote>\n\n\n\n<p class=\"wp-block-paragraph\">N\u00e4r jag vaknade i morse plockade jag upp mobilen fr\u00e5n nattduksbordet. Han kollade mig i ansiktet, s\u00e5g att det var jag och loggade in.<\/p>\n\n\n\n<p class=\"wp-block-paragraph\">Garmin-appen i mobilen h\u00e4mtade uppgifter fr\u00e5n klockan p\u00e5 min arm och konstaterade att jag sovit 6 timmar och 45 minuter. Mitt body battery var 98. S\u00e5 pass laddad var jag.<\/p>\n\n\n\n<p class=\"wp-block-paragraph\">En koll i mejlen visade att tre tveksamma mejl automatiskt sorterats in i skr\u00e4pkorgen.<\/p>\n\n\n\n<p class=\"wp-block-paragraph\">Jag klickade fram tidningen och l\u00e4ste en artikel. Den hade en sammanfattning som var skriven med hj\u00e4lp av AI och sedan godk\u00e4nd av journalisten. Jag kollade notiserna om s\u00e5lda fastigheter i min kommun men hoppade \u00f6ver sportnotiserna. \u00c4ven de sm\u00e5texterna var sammanst\u00e4llda med AI.<\/p>\n\n\n\n<p class=\"wp-block-paragraph\"><strong>Den bl\u00e5 pluppen<br><\/strong>Efter frukost tog jag en tur i skogen. Jag ville leta Hittaut-stolpar. En av kontrollerna var sv\u00e5r att hitta fast jag hade papperskarta och kompass med mig.<\/p>\n\n\n\n<p class=\"wp-block-paragraph\">D\u00e5 tittade jag p\u00e5 kartan i mobilappen. D\u00e4r visade en bl\u00e5 plupp hur n\u00e4ra jag var och \u00e5t vilket h\u00e5ll jag skulle g\u00e5.<\/p>\n\n\n\n<p class=\"wp-block-paragraph\">Nordost.<\/p>\n\n\n\n<p class=\"wp-block-paragraph\"><strong>Bromsar in av sig sj\u00e4lv<br><\/strong>P\u00e5 eftermiddagen for jag till stan, hit till m\u00f6tet. Om jag hade velat s\u00e5 kunde gps:en ha visat mig vilken v\u00e4g som var snabbast. N\u00e4r jag kom ut p\u00e5 62:an gjorde den adaptiva farth\u00e5llaren i min bil att den saktade in n\u00e4r bilen framf\u00f6r k\u00f6rde l\u00e5ngsammare \u00e4n jag.<\/p>\n\n\n\n<p class=\"wp-block-paragraph\">D\u00e5 jag kom till parkeringen h\u00e4r utanf\u00f6r kunde jag fr\u00e5ga Siri i mobilen:<br>&#8211; Hej Siri. Hur anv\u00e4nder jag AI i vardagen?<\/p>\n\n\n\n<p class=\"wp-block-paragraph\">P\u00e5 mindre \u00e4n en sekund gav hon mig bland annat en l\u00e4nk med 15 exempel:<br><a href=\"https:\/\/www.ri.se\/sv\/ai-i-vardagen-och-tekniken-bakom\">https:\/\/www.ri.se\/sv\/ai-i-vardagen-och-tekniken-bakom<\/a><\/p>\n\n\n\n<p class=\"wp-block-paragraph\">Allts\u00e5: jag anv\u00e4nder AI hela tiden, utan att ens ha startat Chat GPT.<br>Det tror jag dom flesta av oss g\u00f6r.<\/p>\n\n\n\n<p class=\"wp-block-paragraph\"><strong>Makten och kontrollen<br><\/strong>Min syn p\u00e5 AI kan sammanfattas i hur jag anv\u00e4nder den adaptiva farth\u00e5llaren p\u00e5 bilen.<\/p>\n\n\n\n<p class=\"wp-block-paragraph\">1. Jag tycker den \u00e4r ett nyttigt hj\u00e4lpmedel. Den saktar in bilen n\u00e4r det beh\u00f6vs.<br>2. Men \u2013 jag ser till att hela tiden sj\u00e4lv ha makten och kontrollen.<br>Skulle han g\u00f6ra fel s\u00e5 bromsar jag sj\u00e4lv.<\/p>\n\n\n\n<p class=\"wp-block-paragraph\">S\u00e5 ser jag p\u00e5 AI:<br>AI \u00e4r bra att ha. Det g\u00f6r j\u00e4ttemycket nytta.<br>Men en sak \u00e4r viktig. M\u00e4nniskan m\u00e5ste ha <strong>makten<\/strong> och <strong>kontrollen<\/strong>.<\/p>\n\n\n\n<p class=\"wp-block-paragraph\">Demokratisk makt och kontroll.<\/p>\n\n\n\n<p class=\"has-background wp-block-paragraph\" style=\"background-color:#d4ffa3\"><a href=\"https:\/\/sven-ove.nu\/\">Hem<\/a>&nbsp;|&nbsp;<a href=\"https:\/\/sven-ove.nu\/?page_id=170\">Om mig<\/a>&nbsp;|&nbsp;<a href=\"https:\/\/sven-ove.nu\/?page_id=1385\">Skriva &amp; prata<\/a>&nbsp;|&nbsp;<a href=\"https:\/\/sven-ove.nu\/?page_id=100\">Politik<\/a>&nbsp;|&nbsp;<a href=\"https:\/\/sven-ove.nu\/?page_id=102\">L\u00f6pa<\/a>&nbsp;|&nbsp;<a href=\"https:\/\/sven-ove.nu\/?page_id=108\">Viktor Root<\/a>&nbsp;&nbsp;<br><em>Inl\u00e4gg nr 2 470, (c) Sven-Ove Svensson (men dela g\u00e4rna<\/em>)<\/p>\n","protected":false},"excerpt":{"rendered":"<p>Anteckningar inf\u00f6r m\u00f6te om artificiell intelligens med V\u00e4rml\u00e4ndska F\u00f6rfattars\u00e4llskapet i kv\u00e4ll. En t\u00e4nkt dag i mitt liv: N\u00e4r jag vaknade i morse plockade jag upp mobilen fr\u00e5n nattduksbordet. Han kollade mig i ansiktet, s\u00e5g att det var jag och loggade in. Garmin-appen i mobilen h\u00e4mtade uppgifter fr\u00e5n klockan p\u00e5 min arm och konstaterade att jag &hellip; <a href=\"https:\/\/sven-ove.nu\/?p=28111\" class=\"more-link\">Forts\u00e4tt l\u00e4sa <span class=\"screen-reader-text\">Hoppsan, vi anv\u00e4nder ju AI hela tiden!<\/span><\/a><\/p>\n","protected":false},"author":1,"featured_media":0,"comment_status":"closed","ping_status":"open","sticky":false,"template":"","format":"standard","meta":{"_crdt_document":"","_monsterinsights_skip_tracking":false,"_monsterinsights_sitenote_active":false,"_monsterinsights_sitenote_note":"","_monsterinsights_sitenote_category":0,"footnotes":""},"categories":[28,9],"tags":[13],"class_list":["post-28111","post","type-post","status-publish","format-standard","hentry","category-kreativt-folk","category-politik","tag-utrustning"],"_links":{"self":[{"href":"https:\/\/sven-ove.nu\/index.php?rest_route=\/wp\/v2\/posts\/28111","targetHints":{"allow":["GET"]}}],"collection":[{"href":"https:\/\/sven-ove.nu\/index.php?rest_route=\/wp\/v2\/posts"}],"about":[{"href":"https:\/\/sven-ove.nu\/index.php?rest_route=\/wp\/v2\/types\/post"}],"author":[{"embeddable":true,"href":"https:\/\/sven-ove.nu\/index.php?rest_route=\/wp\/v2\/users\/1"}],"replies":[{"embeddable":true,"href":"https:\/\/sven-ove.nu\/index.php?rest_route=%2Fwp%2Fv2%2Fcomments&post=28111"}],"version-history":[{"count":14,"href":"https:\/\/sven-ove.nu\/index.php?rest_route=\/wp\/v2\/posts\/28111\/revisions"}],"predecessor-version":[{"id":28129,"href":"https:\/\/sven-ove.nu\/index.php?rest_route=\/wp\/v2\/posts\/28111\/revisions\/28129"}],"wp:attachment":[{"href":"https:\/\/sven-ove.nu\/index.php?rest_route=%2Fwp%2Fv2%2Fmedia&parent=28111"}],"wp:term":[{"taxonomy":"category","embeddable":true,"href":"https:\/\/sven-ove.nu\/index.php?rest_route=%2Fwp%2Fv2%2Fcategories&post=28111"},{"taxonomy":"post_tag","embeddable":true,"href":"https:\/\/sven-ove.nu\/index.php?rest_route=%2Fwp%2Fv2%2Ftags&post=28111"}],"curies":[{"name":"wp","href":"https:\/\/api.w.org\/{rel}","templated":true}]}}