{"id":28142,"date":"2025-06-03T04:05:00","date_gmt":"2025-06-03T03:05:00","guid":{"rendered":"https:\/\/sven-ove.nu\/?p=28142"},"modified":"2025-06-03T07:17:26","modified_gmt":"2025-06-03T06:17:26","slug":"den-trion-trivs-jag-i","status":"publish","type":"post","link":"https:\/\/sven-ove.nu\/?p=28142","title":{"rendered":"Den trion trivs jag i"},"content":{"rendered":"\n<p class=\"wp-block-paragraph\"><strong>Anita Stjernl\u00f6f-Lund<\/strong> som inte bara \u00e4r en m\u00e4stare p\u00e5 att formge b\u00f6cker, hon skriver bra ocks\u00e5.<\/p>\n\n\n\n<p class=\"wp-block-paragraph\"><strong>Ann-Katrin Majbrittsdotter<\/strong>, den duktiga konstn\u00e4ren som skrev s\u00e5 fint om Amir, den afghanske flyktingpojken, och nu om afghanska kvinnor.<\/p>\n\n\n\n<p class=\"wp-block-paragraph\">Det s\u00e4llskapet fick jag vara med i n\u00e4r Helena Hagelin p\u00e5 v\u00e5rt bibliotek skulle v\u00e4lja ut tre forshagaf\u00f6rfattare i Bibliotek V\u00e4rmlands serie &#8221;V\u00e4rml\u00e4ndska r\u00f6ster&#8221;.<\/p>\n\n\n\n<p class=\"wp-block-paragraph\">Jag blev s\u00e5 glad.<\/p>\n\n\n\n<p class=\"has-background wp-block-paragraph\" style=\"background-color:#bef984\">### L\u00e4s mer: <br><a href=\"https:\/\/www.bibliotekvarmland.se\/varmlandskaroster?fbclid=IwY2xjawKqgidleHRuA2FlbQIxMABicmlkETFvazVKeW9KTzhNeFYyTGl3AR6MXdOQVs2nlN7uFvtvevHmMyd_rXTgqdBXyTC6VhrSds81AZJC9rXw7e7z2w_aem_dZMnrbv0W848soHd-IxIxQ\" data-type=\"link\" data-id=\"https:\/\/www.bibliotekvarmland.se\/varmlandskaroster?fbclid=IwY2xjawKqgidleHRuA2FlbQIxMABicmlkETFvazVKeW9KTzhNeFYyTGl3AR6MXdOQVs2nlN7uFvtvevHmMyd_rXTgqdBXyTC6VhrSds81AZJC9rXw7e7z2w_aem_dZMnrbv0W848soHd-IxIxQ\"><strong>Veckans v\u00e4rml\u00e4ndska nedslag: Forshaga<\/strong><\/a><\/p>\n\n\n\n<figure class=\"wp-block-image size-large\"><a href=\"https:\/\/sven-ove.nu\/wp-content\/uploads\/2025\/06\/Forshaga-tre.jpeg\"><img loading=\"lazy\" decoding=\"async\" width=\"565\" height=\"1024\" src=\"https:\/\/sven-ove.nu\/wp-content\/uploads\/2025\/06\/Forshaga-tre-565x1024.jpeg\" alt=\"\" class=\"wp-image-28143\" srcset=\"https:\/\/sven-ove.nu\/wp-content\/uploads\/2025\/06\/Forshaga-tre-565x1024.jpeg 565w, https:\/\/sven-ove.nu\/wp-content\/uploads\/2025\/06\/Forshaga-tre-165x300.jpeg 165w, https:\/\/sven-ove.nu\/wp-content\/uploads\/2025\/06\/Forshaga-tre-768x1393.jpeg 768w, https:\/\/sven-ove.nu\/wp-content\/uploads\/2025\/06\/Forshaga-tre-847x1536.jpeg 847w, https:\/\/sven-ove.nu\/wp-content\/uploads\/2025\/06\/Forshaga-tre-1129x2048.jpeg 1129w, https:\/\/sven-ove.nu\/wp-content\/uploads\/2025\/06\/Forshaga-tre.jpeg 1172w\" sizes=\"auto, (max-width: 565px) 100vw, 565px\" \/><\/a><figcaption class=\"wp-element-caption\"><em>Sk\u00e4rmdump fr\u00e5n Facebook<\/em>.<\/figcaption><\/figure>\n\n\n\n<p class=\"has-light-gray-background-color has-background wp-block-paragraph\"><a href=\"https:\/\/sven-ove.nu\/\">Hem<\/a>&nbsp;|&nbsp;<a href=\"https:\/\/sven-ove.nu\/?page_id=170\">Om mig<\/a>&nbsp;|&nbsp;<a href=\"https:\/\/sven-ove.nu\/?page_id=1385\">Skriva &amp; prata<\/a>&nbsp;|&nbsp;<a href=\"https:\/\/sven-ove.nu\/?page_id=100\">Politik<\/a>&nbsp;|&nbsp;<a href=\"https:\/\/sven-ove.nu\/?page_id=102\">L\u00f6pa<\/a>&nbsp;|&nbsp;<a href=\"https:\/\/sven-ove.nu\/?page_id=108\">Viktor Root<\/a>&nbsp;&nbsp;<br><em>Inl\u00e4gg nr 2 472, (c) Sven-Ove Svensson (men dela g\u00e4rna<\/em>)<\/p>\n","protected":false},"excerpt":{"rendered":"<p>Anita Stjernl\u00f6f-Lund som inte bara \u00e4r en m\u00e4stare p\u00e5 att formge b\u00f6cker, hon skriver bra ocks\u00e5. Ann-Katrin Majbrittsdotter, den duktiga konstn\u00e4ren som skrev s\u00e5 fint om Amir, den afghanske flyktingpojken, och nu om afghanska kvinnor. Det s\u00e4llskapet fick jag vara med i n\u00e4r Helena Hagelin p\u00e5 v\u00e5rt bibliotek skulle v\u00e4lja ut tre forshagaf\u00f6rfattare i Bibliotek &hellip; <a href=\"https:\/\/sven-ove.nu\/?p=28142\" class=\"more-link\">Forts\u00e4tt l\u00e4sa <span class=\"screen-reader-text\">Den trion trivs jag i<\/span><\/a><\/p>\n","protected":false},"author":1,"featured_media":0,"comment_status":"closed","ping_status":"open","sticky":false,"template":"","format":"standard","meta":{"_crdt_document":"","_monsterinsights_skip_tracking":false,"_monsterinsights_sitenote_active":false,"_monsterinsights_sitenote_note":"","_monsterinsights_sitenote_category":0,"footnotes":""},"categories":[28,4],"tags":[3,24,14,21,17],"class_list":["post-28142","post","type-post","status-publish","format-standard","hentry","category-kreativt-folk","category-skrivande","tag-arbete","tag-karlek","tag-lasning","tag-ord","tag-solidaritet"],"_links":{"self":[{"href":"https:\/\/sven-ove.nu\/index.php?rest_route=\/wp\/v2\/posts\/28142","targetHints":{"allow":["GET"]}}],"collection":[{"href":"https:\/\/sven-ove.nu\/index.php?rest_route=\/wp\/v2\/posts"}],"about":[{"href":"https:\/\/sven-ove.nu\/index.php?rest_route=\/wp\/v2\/types\/post"}],"author":[{"embeddable":true,"href":"https:\/\/sven-ove.nu\/index.php?rest_route=\/wp\/v2\/users\/1"}],"replies":[{"embeddable":true,"href":"https:\/\/sven-ove.nu\/index.php?rest_route=%2Fwp%2Fv2%2Fcomments&post=28142"}],"version-history":[{"count":8,"href":"https:\/\/sven-ove.nu\/index.php?rest_route=\/wp\/v2\/posts\/28142\/revisions"}],"predecessor-version":[{"id":28152,"href":"https:\/\/sven-ove.nu\/index.php?rest_route=\/wp\/v2\/posts\/28142\/revisions\/28152"}],"wp:attachment":[{"href":"https:\/\/sven-ove.nu\/index.php?rest_route=%2Fwp%2Fv2%2Fmedia&parent=28142"}],"wp:term":[{"taxonomy":"category","embeddable":true,"href":"https:\/\/sven-ove.nu\/index.php?rest_route=%2Fwp%2Fv2%2Fcategories&post=28142"},{"taxonomy":"post_tag","embeddable":true,"href":"https:\/\/sven-ove.nu\/index.php?rest_route=%2Fwp%2Fv2%2Ftags&post=28142"}],"curies":[{"name":"wp","href":"https:\/\/api.w.org\/{rel}","templated":true}]}}