{"id":28177,"date":"2025-06-18T08:09:47","date_gmt":"2025-06-18T07:09:47","guid":{"rendered":"https:\/\/sven-ove.nu\/?p=28177"},"modified":"2025-06-18T09:23:06","modified_gmt":"2025-06-18T08:23:06","slug":"magisk-natt-med-brattforshedens-cikada","status":"publish","type":"post","link":"https:\/\/sven-ove.nu\/?p=28177","title":{"rendered":"Magisk natt med Brattforshedens egen cikada"},"content":{"rendered":"\n<figure class=\"wp-block-image size-large\"><a href=\"https:\/\/sven-ove.nu\/wp-content\/uploads\/2025\/06\/IMG_3035-1-scaled.jpeg\"><img loading=\"lazy\" decoding=\"async\" width=\"1024\" height=\"1024\" src=\"https:\/\/sven-ove.nu\/wp-content\/uploads\/2025\/06\/IMG_3035-1-1024x1024.jpeg\" alt=\"\" class=\"wp-image-28179\" srcset=\"https:\/\/sven-ove.nu\/wp-content\/uploads\/2025\/06\/IMG_3035-1-1024x1024.jpeg 1024w, https:\/\/sven-ove.nu\/wp-content\/uploads\/2025\/06\/IMG_3035-1-300x300.jpeg 300w, https:\/\/sven-ove.nu\/wp-content\/uploads\/2025\/06\/IMG_3035-1-150x150.jpeg 150w, https:\/\/sven-ove.nu\/wp-content\/uploads\/2025\/06\/IMG_3035-1-768x768.jpeg 768w, https:\/\/sven-ove.nu\/wp-content\/uploads\/2025\/06\/IMG_3035-1-1536x1536.jpeg 1536w, https:\/\/sven-ove.nu\/wp-content\/uploads\/2025\/06\/IMG_3035-1-2048x2048.jpeg 2048w\" sizes=\"auto, (max-width: 1024px) 100vw, 1024px\" \/><\/a><\/figure>\n\n\n\n<p class=\"wp-block-paragraph\">Det blev en makal\u00f6s kv\u00e4ll p\u00e5 Brattforsheden i natt. Vi var tre ur Gryningspatrullen som l\u00e4nge l\u00e5g i en tallbacke vid norra Kittelf\u00e4ltet och v\u00e4ntade.<br>Och v\u00e4ntade.<\/p>\n\n\n\n<p class=\"wp-block-paragraph\">Knotten m\u00e5dde bra, natten var fortfarande ljus och kaffet svart. Och vi v\u00e4ntade. P I l\u00e4ste egna fina dikter som vi begrundade.<br>Och v\u00e4ntade.<\/p>\n\n\n\n<p class=\"wp-block-paragraph\">D\u00e5 &#8211; kom f\u00f6rst morkullan orpande \u00f6ver v\u00e5ra huvuden. S\u00e5, prick klockan elva, h\u00f6r vi det f\u00f6rsta surret. Som en tallhedens egen cikada l\u00e5ter hon, nattsk\u00e4rran. Eller han om vi ska vara noga. Det \u00e4r ju hanens s\u00e4tt att h\u00e4vda revir och locka p\u00e5 honor vi h\u00f6r fr\u00e5n tallen en bit bort. Ett magiskt l\u00e4te.<\/p>\n\n\n\n<p class=\"wp-block-paragraph\">Vi ligger i lingonriset och lyssnar. Hela nejden surrar.<br>Vi g\u00e5r s\u00e5 sm\u00e5ningom p\u00e5 den smala stigen, stannar och ser en av nattsk\u00e4rrorna sjunga fr\u00e5n en tallgren 15 meter bort.<br>Vi blir kringflugna av halvtokiga sk\u00e4rror i akrobatiska flyg\u00f6vningar, olikt det mesta vi brukar se en vanlig natt i juni.<\/p>\n\n\n\n<p class=\"wp-block-paragraph\">Innan vi till sist kliver in i bilen igen har vi h\u00f6rt b\u00e5de varningsrop, spels\u00e5ng och det speciella klatschet med vingarna \u00f6ver ryggen. Samt sk\u00e5dat, kollat, glott, betittat och f\u00f6rundrats p\u00e5 n\u00e4rmare h\u00e5ll \u00e4n n\u00e5gonsin.<\/p>\n\n\n\n<p class=\"wp-block-paragraph\">Stort tack, f\u00f4ggler, f\u00f6r den fenomenala uppvisningen!<\/p>\n\n\n\n<figure class=\"wp-block-video\"><video height=\"720\" style=\"aspect-ratio: 1280 \/ 720;\" width=\"1280\" controls src=\"https:\/\/sven-ove.nu\/wp-content\/uploads\/2025\/06\/IMG_3041-5.mov\"><\/video><\/figure>\n\n\n\n<p class=\"wp-block-paragraph\">P\u00e5 tredje grenen nerifr\u00e5n sitter en av kv\u00e4llens nattsk\u00e4rror och sjunger. Film fr\u00e5n norra Kittelf\u00e4ltet p\u00e5 Brattforsheden i natt. <em>(L\u00e4ser du detta i mobilen \u00e4r filmen r\u00e4ttv\u00e4nd, i min dator blir den lustigt nog uppochnerv\u00e4nd. Magi, s\u00e4ger jag ju.)<\/em><\/p>\n\n\n\n<p class=\"has-light-blue-background-color has-background wp-block-paragraph\"><a href=\"https:\/\/sven-ove.nu\/\">Hem<\/a>&nbsp;|&nbsp;<a href=\"https:\/\/sven-ove.nu\/?page_id=170\">Om mig<\/a>&nbsp;|&nbsp;<a href=\"https:\/\/sven-ove.nu\/?page_id=1385\">Skriva &amp; prata<\/a>&nbsp;|&nbsp;<a href=\"https:\/\/sven-ove.nu\/?page_id=100\">Politik<\/a>&nbsp;|&nbsp;<a href=\"https:\/\/sven-ove.nu\/?page_id=102\">L\u00f6pa<\/a>&nbsp;|&nbsp;<a href=\"https:\/\/sven-ove.nu\/?page_id=108\">Viktor Root<\/a>&nbsp;&nbsp;<br><em>Inl\u00e4gg nr 2 475, (c) Sven-Ove Svensson (men dela g\u00e4rna<\/em>)<\/p>\n","protected":false},"excerpt":{"rendered":"<p>Det blev en makal\u00f6s kv\u00e4ll p\u00e5 Brattforsheden i natt. Vi var tre ur Gryningspatrullen som l\u00e4nge l\u00e5g i en tallbacke vid norra Kittelf\u00e4ltet och v\u00e4ntade.Och v\u00e4ntade. Knotten m\u00e5dde bra, natten var fortfarande ljus och kaffet svart. Och vi v\u00e4ntade. P I l\u00e4ste egna fina dikter som vi begrundade.Och v\u00e4ntade. D\u00e5 &#8211; kom f\u00f6rst morkullan orpande &hellip; <a href=\"https:\/\/sven-ove.nu\/?p=28177\" class=\"more-link\">Forts\u00e4tt l\u00e4sa <span class=\"screen-reader-text\">Magisk natt med Brattforshedens egen cikada<\/span><\/a><\/p>\n","protected":false},"author":1,"featured_media":0,"comment_status":"closed","ping_status":"open","sticky":false,"template":"","format":"standard","meta":{"_crdt_document":"","_monsterinsights_skip_tracking":false,"_monsterinsights_sitenote_active":false,"_monsterinsights_sitenote_note":"","_monsterinsights_sitenote_category":0,"footnotes":""},"categories":[6],"tags":[24],"class_list":["post-28177","post","type-post","status-publish","format-standard","hentry","category-natur","tag-karlek"],"_links":{"self":[{"href":"https:\/\/sven-ove.nu\/index.php?rest_route=\/wp\/v2\/posts\/28177","targetHints":{"allow":["GET"]}}],"collection":[{"href":"https:\/\/sven-ove.nu\/index.php?rest_route=\/wp\/v2\/posts"}],"about":[{"href":"https:\/\/sven-ove.nu\/index.php?rest_route=\/wp\/v2\/types\/post"}],"author":[{"embeddable":true,"href":"https:\/\/sven-ove.nu\/index.php?rest_route=\/wp\/v2\/users\/1"}],"replies":[{"embeddable":true,"href":"https:\/\/sven-ove.nu\/index.php?rest_route=%2Fwp%2Fv2%2Fcomments&post=28177"}],"version-history":[{"count":11,"href":"https:\/\/sven-ove.nu\/index.php?rest_route=\/wp\/v2\/posts\/28177\/revisions"}],"predecessor-version":[{"id":28201,"href":"https:\/\/sven-ove.nu\/index.php?rest_route=\/wp\/v2\/posts\/28177\/revisions\/28201"}],"wp:attachment":[{"href":"https:\/\/sven-ove.nu\/index.php?rest_route=%2Fwp%2Fv2%2Fmedia&parent=28177"}],"wp:term":[{"taxonomy":"category","embeddable":true,"href":"https:\/\/sven-ove.nu\/index.php?rest_route=%2Fwp%2Fv2%2Fcategories&post=28177"},{"taxonomy":"post_tag","embeddable":true,"href":"https:\/\/sven-ove.nu\/index.php?rest_route=%2Fwp%2Fv2%2Ftags&post=28177"}],"curies":[{"name":"wp","href":"https:\/\/api.w.org\/{rel}","templated":true}]}}