{"id":28226,"date":"2025-06-27T04:38:00","date_gmt":"2025-06-27T03:38:00","guid":{"rendered":"https:\/\/sven-ove.nu\/?p=28226"},"modified":"2025-06-26T18:56:33","modified_gmt":"2025-06-26T17:56:33","slug":"din-seger-sa-rutte","status":"publish","type":"post","link":"https:\/\/sven-ove.nu\/?p=28226","title":{"rendered":"&#8221;Din seger&#8221; sa Rutte"},"content":{"rendered":"\n<figure class=\"wp-block-image size-large\"><a href=\"https:\/\/sven-ove.nu\/wp-content\/uploads\/2025\/06\/IMG_3235-scaled.jpeg\"><img loading=\"lazy\" decoding=\"async\" width=\"1024\" height=\"1024\" src=\"https:\/\/sven-ove.nu\/wp-content\/uploads\/2025\/06\/IMG_3235-1024x1024.jpeg\" alt=\"\" class=\"wp-image-28227\" srcset=\"https:\/\/sven-ove.nu\/wp-content\/uploads\/2025\/06\/IMG_3235-1024x1024.jpeg 1024w, https:\/\/sven-ove.nu\/wp-content\/uploads\/2025\/06\/IMG_3235-300x300.jpeg 300w, https:\/\/sven-ove.nu\/wp-content\/uploads\/2025\/06\/IMG_3235-150x150.jpeg 150w, https:\/\/sven-ove.nu\/wp-content\/uploads\/2025\/06\/IMG_3235-768x768.jpeg 768w, https:\/\/sven-ove.nu\/wp-content\/uploads\/2025\/06\/IMG_3235-1536x1536.jpeg 1536w, https:\/\/sven-ove.nu\/wp-content\/uploads\/2025\/06\/IMG_3235-2048x2048.jpeg 2048w\" sizes=\"auto, (max-width: 1024px) 100vw, 1024px\" \/><\/a><\/figure>\n\n\n\n<blockquote class=\"wp-block-quote is-layout-flow wp-block-quote-is-layout-flow\">\n<p class=\"wp-block-paragraph\">Jag ligger i hammocken och funderar \u00f6ver v\u00e4rlden. Sol skiner, tr\u00e4dg\u00e5rdss\u00e5ngare sjunger, pr\u00e4stkrage vajar och man f\u00e5r inte s\u00e4ga \u201dVad var det jag sa\u201d. Man f\u00e5r inte.<\/p>\n<\/blockquote>\n\n\n\n<p class=\"wp-block-paragraph\">Inte om Nato-medlemsskap, sj\u00e4lvbest\u00e4mmande och en egen svensk r\u00f6st i v\u00e4rlden. Inte om Dear Donald, ens.<\/p>\n\n\n\n<p class=\"wp-block-paragraph\">Men \u00e4nd\u00e5. Visst \u00e4r det ett gulligt litet sms han skickade, Natochefen Rutte, till sin store ledare. Gulligt och pinsamt talande.<\/p>\n\n\n\n<p class=\"wp-block-paragraph\">Det m\u00e5ste vara fler \u00e4n jag som kommer att t\u00e4nka p\u00e5 hyllningarna av \u201dV\u00e5r Store Rorsman Mao\u201d 1968. Nu fattas det bara att Rutte g\u00f6r en v\u00e4ggtidning ocks\u00e5.<\/p>\n\n\n\n<p class=\"has-background has-medium-font-size wp-block-paragraph\" style=\"background-color:#f9d6d6\"><strong>NATO:s generalsekreterare <\/strong><br><strong>Mark Ruttes sms <\/strong><strong>till Donald Trump:<\/strong><br><br><em>&#8221;Herr president, k\u00e4re Donald, grattis och tack f\u00f6r din avg\u00f6rande insats i Iran \u2013 det var verkligen extraordin\u00e4rt, och n\u00e5got ingen annan v\u00e5gade g\u00f6ra. Det g\u00f6r oss alla s\u00e4krare.<\/em><br><br><em>Du \u00e4r p\u00e5 v\u00e4g mot \u00e4nnu en stor framg\u00e5ng i Haag i kv\u00e4ll. Det var inte l\u00e4tt, men vi har f\u00e5tt alla att skriva under p\u00e5 5 procent!<\/em><br><br><em>Donald, du har lett oss fram till ett verkligt, verkligt viktigt \u00f6gonblick f\u00f6r Amerika, Europa \u2013 och v\u00e4rlden. Du kommer att uppn\u00e5 n\u00e5got som INGEN amerikansk president p\u00e5 \u00e5rtionden har lyckats med.<\/em><br><br><em>Europa kommer att betala p\u00e5 ett STORT s\u00e4tt, som de borde, och det blir din seger.<\/em><br><br><em>Trevlig resa och vi ses p\u00e5 Hans Majest\u00e4ts middag!&#8221;<\/em><\/p>\n\n\n\n<p class=\"wp-block-paragraph\"><strong>Duktig vovve<\/strong><br>Undrar hur kravprofilen s\u00e5g ut n\u00e4r den sms-p\u00f4jken anst\u00e4lldes? Fick han genomg\u00e5 psykologiskt fyrf\u00e4rgstest? De \u00e4r visst v\u00e4\u00e4\u00e4ldigt trov\u00e4rdiga har jag h\u00f6rt. Precis som han:<br><br><em>\u201dDet var inte l\u00e4tt, men vi har f\u00e5tt alla att skriva under\u201d.<\/em><\/p>\n\n\n\n<p class=\"wp-block-paragraph\">Lydigt, Rutte. Duktig vovve. Fin hund.<br>&#8211; SITT!<\/p>\n\n\n\n<hr class=\"wp-block-separator has-alpha-channel-opacity\"\/>\n\n\n\n<figure class=\"wp-block-image size-large\"><a href=\"https:\/\/sven-ove.nu\/wp-content\/uploads\/2025\/06\/IMG_3234.jpeg\"><img loading=\"lazy\" decoding=\"async\" width=\"687\" height=\"1024\" src=\"https:\/\/sven-ove.nu\/wp-content\/uploads\/2025\/06\/IMG_3234-687x1024.jpeg\" alt=\"\" class=\"wp-image-28239\" srcset=\"https:\/\/sven-ove.nu\/wp-content\/uploads\/2025\/06\/IMG_3234-687x1024.jpeg 687w, https:\/\/sven-ove.nu\/wp-content\/uploads\/2025\/06\/IMG_3234-201x300.jpeg 201w, https:\/\/sven-ove.nu\/wp-content\/uploads\/2025\/06\/IMG_3234-768x1145.jpeg 768w, https:\/\/sven-ove.nu\/wp-content\/uploads\/2025\/06\/IMG_3234.jpeg 848w\" sizes=\"auto, (max-width: 687px) 100vw, 687px\" \/><\/a><\/figure>\n\n\n\n<figure class=\"wp-block-image size-large\"><a href=\"https:\/\/sven-ove.nu\/wp-content\/uploads\/2025\/06\/Skarmavbild-2025-06-26-kl.-19.55.20.png\"><img loading=\"lazy\" decoding=\"async\" width=\"1024\" height=\"523\" src=\"https:\/\/sven-ove.nu\/wp-content\/uploads\/2025\/06\/Skarmavbild-2025-06-26-kl.-19.55.20-1024x523.png\" alt=\"\" class=\"wp-image-28242\" srcset=\"https:\/\/sven-ove.nu\/wp-content\/uploads\/2025\/06\/Skarmavbild-2025-06-26-kl.-19.55.20-1024x523.png 1024w, https:\/\/sven-ove.nu\/wp-content\/uploads\/2025\/06\/Skarmavbild-2025-06-26-kl.-19.55.20-300x153.png 300w, https:\/\/sven-ove.nu\/wp-content\/uploads\/2025\/06\/Skarmavbild-2025-06-26-kl.-19.55.20-768x392.png 768w, https:\/\/sven-ove.nu\/wp-content\/uploads\/2025\/06\/Skarmavbild-2025-06-26-kl.-19.55.20.png 1462w\" sizes=\"auto, (max-width: 1024px) 100vw, 1024px\" \/><\/a><\/figure>\n\n\n\n<p class=\"has-background wp-block-paragraph\" style=\"background-color:#d7f6a9\"><a href=\"https:\/\/sven-ove.nu\/\">Hem<\/a>&nbsp;|&nbsp;<a href=\"https:\/\/sven-ove.nu\/?page_id=170\">Om mig<\/a>&nbsp;|&nbsp;<a href=\"https:\/\/sven-ove.nu\/?page_id=1385\">Skriva &amp; prata<\/a>&nbsp;|&nbsp;<a href=\"https:\/\/sven-ove.nu\/?page_id=100\">Politik<\/a>&nbsp;|&nbsp;<a href=\"https:\/\/sven-ove.nu\/?page_id=102\">L\u00f6pa<\/a>&nbsp;|&nbsp;<a href=\"https:\/\/sven-ove.nu\/?page_id=108\">Viktor Root<\/a>&nbsp;&nbsp;<br><em>Inl\u00e4gg nr 2 478, (c) Sven-Ove Svensson (men dela g\u00e4rna<\/em>)<\/p>\n","protected":false},"excerpt":{"rendered":"<p>Jag ligger i hammocken och funderar \u00f6ver v\u00e4rlden. Sol skiner, tr\u00e4dg\u00e5rdss\u00e5ngare sjunger, pr\u00e4stkrage vajar och man f\u00e5r inte s\u00e4ga \u201dVad var det jag sa\u201d. Man f\u00e5r inte. Inte om Nato-medlemsskap, sj\u00e4lvbest\u00e4mmande och en egen svensk r\u00f6st i v\u00e4rlden. Inte om Dear Donald, ens. Men \u00e4nd\u00e5. Visst \u00e4r det ett gulligt litet sms han skickade, Natochefen &hellip; <a href=\"https:\/\/sven-ove.nu\/?p=28226\" class=\"more-link\">Forts\u00e4tt l\u00e4sa <span class=\"screen-reader-text\">&#8221;Din seger&#8221; sa Rutte<\/span><\/a><\/p>\n","protected":false},"author":1,"featured_media":0,"comment_status":"closed","ping_status":"open","sticky":false,"template":"","format":"standard","meta":{"_crdt_document":"","_monsterinsights_skip_tracking":false,"_monsterinsights_sitenote_active":false,"_monsterinsights_sitenote_note":"","_monsterinsights_sitenote_category":0,"footnotes":""},"categories":[9],"tags":[16,14],"class_list":["post-28226","post","type-post","status-publish","format-standard","hentry","category-politik","tag-dumheter","tag-lasning"],"_links":{"self":[{"href":"https:\/\/sven-ove.nu\/index.php?rest_route=\/wp\/v2\/posts\/28226","targetHints":{"allow":["GET"]}}],"collection":[{"href":"https:\/\/sven-ove.nu\/index.php?rest_route=\/wp\/v2\/posts"}],"about":[{"href":"https:\/\/sven-ove.nu\/index.php?rest_route=\/wp\/v2\/types\/post"}],"author":[{"embeddable":true,"href":"https:\/\/sven-ove.nu\/index.php?rest_route=\/wp\/v2\/users\/1"}],"replies":[{"embeddable":true,"href":"https:\/\/sven-ove.nu\/index.php?rest_route=%2Fwp%2Fv2%2Fcomments&post=28226"}],"version-history":[{"count":11,"href":"https:\/\/sven-ove.nu\/index.php?rest_route=\/wp\/v2\/posts\/28226\/revisions"}],"predecessor-version":[{"id":28243,"href":"https:\/\/sven-ove.nu\/index.php?rest_route=\/wp\/v2\/posts\/28226\/revisions\/28243"}],"wp:attachment":[{"href":"https:\/\/sven-ove.nu\/index.php?rest_route=%2Fwp%2Fv2%2Fmedia&parent=28226"}],"wp:term":[{"taxonomy":"category","embeddable":true,"href":"https:\/\/sven-ove.nu\/index.php?rest_route=%2Fwp%2Fv2%2Fcategories&post=28226"},{"taxonomy":"post_tag","embeddable":true,"href":"https:\/\/sven-ove.nu\/index.php?rest_route=%2Fwp%2Fv2%2Ftags&post=28226"}],"curies":[{"name":"wp","href":"https:\/\/api.w.org\/{rel}","templated":true}]}}