{"id":28250,"date":"2025-06-30T04:22:00","date_gmt":"2025-06-30T03:22:00","guid":{"rendered":"https:\/\/sven-ove.nu\/?p=28250"},"modified":"2025-06-28T13:26:50","modified_gmt":"2025-06-28T12:26:50","slug":"en-i-vedledet","status":"publish","type":"post","link":"https:\/\/sven-ove.nu\/?p=28250","title":{"rendered":"En i vedledet"},"content":{"rendered":"\n<figure class=\"wp-block-image size-large\"><a href=\"https:\/\/sven-ove.nu\/wp-content\/uploads\/2025\/06\/IMG_3243-scaled.jpeg\"><img loading=\"lazy\" decoding=\"async\" width=\"1024\" height=\"768\" src=\"https:\/\/sven-ove.nu\/wp-content\/uploads\/2025\/06\/IMG_3243-1024x768.jpeg\" alt=\"\" class=\"wp-image-28251\" srcset=\"https:\/\/sven-ove.nu\/wp-content\/uploads\/2025\/06\/IMG_3243-1024x768.jpeg 1024w, https:\/\/sven-ove.nu\/wp-content\/uploads\/2025\/06\/IMG_3243-300x225.jpeg 300w, https:\/\/sven-ove.nu\/wp-content\/uploads\/2025\/06\/IMG_3243-768x576.jpeg 768w, https:\/\/sven-ove.nu\/wp-content\/uploads\/2025\/06\/IMG_3243-1536x1152.jpeg 1536w, https:\/\/sven-ove.nu\/wp-content\/uploads\/2025\/06\/IMG_3243-2048x1536.jpeg 2048w\" sizes=\"auto, (max-width: 1024px) 100vw, 1024px\" \/><\/a><\/figure>\n\n\n\n<p class=\"wp-block-paragraph\">Varje g\u00e5ng jag klyver ved k\u00e4nner jag hur jag st\u00e5r i ett m\u00e5ngtusen\u00e5rigt led av gamla gubbar med yxa i n\u00e4ven.<\/p>\n\n\n\n<p class=\"wp-block-paragraph\">Det var bara det.<\/p>\n\n\n\n<p class=\"wp-block-paragraph\">Trivs.<\/p>\n\n\n\n<p class=\"has-background wp-block-paragraph\" style=\"background-color:#f6decc\"><a href=\"https:\/\/sven-ove.nu\/\">Hem<\/a>\u00a0|\u00a0<a href=\"https:\/\/sven-ove.nu\/?page_id=170\">Om mig<\/a>\u00a0|\u00a0<a href=\"https:\/\/sven-ove.nu\/?page_id=1385\">Skriva &amp; prata<\/a>\u00a0|\u00a0<a href=\"https:\/\/sven-ove.nu\/?page_id=100\">Politik<\/a>\u00a0|\u00a0<a href=\"https:\/\/sven-ove.nu\/?page_id=102\">L\u00f6pa<\/a>\u00a0|\u00a0<a href=\"https:\/\/sven-ove.nu\/?page_id=108\">Viktor Root<\/a>\u00a0\u00a0<br><em>Inl\u00e4gg nr 2 480, (c) Sven-Ove Svensson (men dela g\u00e4rna<\/em>)<\/p>\n","protected":false},"excerpt":{"rendered":"<p>Varje g\u00e5ng jag klyver ved k\u00e4nner jag hur jag st\u00e5r i ett m\u00e5ngtusen\u00e5rigt led av gamla gubbar med yxa i n\u00e4ven. Det var bara det. Trivs. Hem\u00a0|\u00a0Om mig\u00a0|\u00a0Skriva &amp; prata\u00a0|\u00a0Politik\u00a0|\u00a0L\u00f6pa\u00a0|\u00a0Viktor Root\u00a0\u00a0Inl\u00e4gg nr 2 480, (c) Sven-Ove Svensson (men dela g\u00e4rna)<\/p>\n","protected":false},"author":1,"featured_media":0,"comment_status":"closed","ping_status":"open","sticky":false,"template":"","format":"standard","meta":{"_crdt_document":"","_monsterinsights_skip_tracking":false,"_monsterinsights_sitenote_active":false,"_monsterinsights_sitenote_note":"","_monsterinsights_sitenote_category":0,"footnotes":""},"categories":[10],"tags":[3,8],"class_list":["post-28250","post","type-post","status-publish","format-standard","hentry","category-familjen","tag-arbete","tag-historia"],"_links":{"self":[{"href":"https:\/\/sven-ove.nu\/index.php?rest_route=\/wp\/v2\/posts\/28250","targetHints":{"allow":["GET"]}}],"collection":[{"href":"https:\/\/sven-ove.nu\/index.php?rest_route=\/wp\/v2\/posts"}],"about":[{"href":"https:\/\/sven-ove.nu\/index.php?rest_route=\/wp\/v2\/types\/post"}],"author":[{"embeddable":true,"href":"https:\/\/sven-ove.nu\/index.php?rest_route=\/wp\/v2\/users\/1"}],"replies":[{"embeddable":true,"href":"https:\/\/sven-ove.nu\/index.php?rest_route=%2Fwp%2Fv2%2Fcomments&post=28250"}],"version-history":[{"count":1,"href":"https:\/\/sven-ove.nu\/index.php?rest_route=\/wp\/v2\/posts\/28250\/revisions"}],"predecessor-version":[{"id":28252,"href":"https:\/\/sven-ove.nu\/index.php?rest_route=\/wp\/v2\/posts\/28250\/revisions\/28252"}],"wp:attachment":[{"href":"https:\/\/sven-ove.nu\/index.php?rest_route=%2Fwp%2Fv2%2Fmedia&parent=28250"}],"wp:term":[{"taxonomy":"category","embeddable":true,"href":"https:\/\/sven-ove.nu\/index.php?rest_route=%2Fwp%2Fv2%2Fcategories&post=28250"},{"taxonomy":"post_tag","embeddable":true,"href":"https:\/\/sven-ove.nu\/index.php?rest_route=%2Fwp%2Fv2%2Ftags&post=28250"}],"curies":[{"name":"wp","href":"https:\/\/api.w.org\/{rel}","templated":true}]}}