{"id":28323,"date":"2025-07-25T04:35:00","date_gmt":"2025-07-25T03:35:00","guid":{"rendered":"https:\/\/sven-ove.nu\/?p=28323"},"modified":"2025-07-24T16:55:00","modified_gmt":"2025-07-24T15:55:00","slug":"den-slutliga-bekraftelsen","status":"publish","type":"post","link":"https:\/\/sven-ove.nu\/?p=28323","title":{"rendered":"Den slutliga bekr\u00e4ftelsen"},"content":{"rendered":"\n<figure class=\"wp-block-image size-large\"><a href=\"https:\/\/sven-ove.nu\/wp-content\/uploads\/2025\/07\/Gubbe-i-Forshaga-scaled.jpeg\"><img loading=\"lazy\" decoding=\"async\" width=\"1024\" height=\"1024\" src=\"https:\/\/sven-ove.nu\/wp-content\/uploads\/2025\/07\/Gubbe-i-Forshaga-1024x1024.jpeg\" alt=\"\" class=\"wp-image-28324\" srcset=\"https:\/\/sven-ove.nu\/wp-content\/uploads\/2025\/07\/Gubbe-i-Forshaga-1024x1024.jpeg 1024w, https:\/\/sven-ove.nu\/wp-content\/uploads\/2025\/07\/Gubbe-i-Forshaga-300x300.jpeg 300w, https:\/\/sven-ove.nu\/wp-content\/uploads\/2025\/07\/Gubbe-i-Forshaga-150x150.jpeg 150w, https:\/\/sven-ove.nu\/wp-content\/uploads\/2025\/07\/Gubbe-i-Forshaga-768x768.jpeg 768w, https:\/\/sven-ove.nu\/wp-content\/uploads\/2025\/07\/Gubbe-i-Forshaga-1536x1536.jpeg 1536w, https:\/\/sven-ove.nu\/wp-content\/uploads\/2025\/07\/Gubbe-i-Forshaga-2048x2048.jpeg 2048w\" sizes=\"auto, (max-width: 1024px) 100vw, 1024px\" \/><\/a><\/figure>\n\n\n\n<blockquote class=\"wp-block-quote is-layout-flow wp-block-quote-is-layout-flow\">\n<p class=\"wp-block-paragraph\"><strong>N\u00e4r ens barn fyller \u00e5r \u00e4r det bra att ge bort bok. Det \u00e4r sen gammalt.<\/strong><br><strong>I \u00e5r fick det bli en familjehistoria.<\/strong><\/p>\n<\/blockquote>\n\n\n\n<p class=\"wp-block-paragraph\">\u00c4n har jag inte l\u00e4st boken. Vi tycker ofta att mottagaren b\u00f6r f\u00e5 chansen f\u00f6rst. Min tid kommer. Men sidan 216 har jag gluttat p\u00e5. D\u00e4r g\u00f6mmer sig ett stycke historia.<br>&#8211; Litteraturhistoria?&nbsp;<br>&#8211; Absolut.<br>&#8211; Stavhopparhistoria?&nbsp;<br>&#8211; Det med, boken handlar om en stavkarl har jag h\u00f6rt.<br>&#8211; Din egen privata historia?<br>&#8211; Jo du, som gubbe vill s\u00e4ga. H\u00f6gre kommer man inte som gubbe i Forshaga \u00e4n att bli omskriven som \u201den gubbe i Forshaga\u201d. I bok. Tryckt riktig bok med fyrf\u00e4rgsomslag, smutstitel, ISBN-nummer och allt. <\/p>\n\n\n\n<p class=\"wp-block-paragraph\">J\u00e4spalt va coolt, som vi s\u00e4ger p\u00e5 Grossbolstorps h\u00f6jder.<\/p>\n\n\n\n<p class=\"wp-block-paragraph\"><strong>Dags att \u00f6ppna kepsmuseum?<\/strong><br>Det \u00e4r f\u00f6rfattarparet Jessica Eriksson och Stefan Holm som skrivit boken <em><a href=\"https:\/\/www.bokus.com\/bok\/9789150982268\/ett-sista-hopp\/\" data-type=\"link\" data-id=\"https:\/\/www.bokus.com\/bok\/9789150982268\/ett-sista-hopp\/\">Ett sista hopp<\/a><\/em>. D\u00e4r h\u00e4nder det sig att f\u00f6ljande konversation utspelar sig:<\/p>\n\n\n\n<p class=\"wp-block-paragraph\"><strong>\u201dDu kan snart \u00f6ppna ett kepsmuseum. Det kan inte finnas n\u00e5gon i hela v\u00e4rlden som har s\u00e5 m\u00e5nga kepsar som du.\u201d<\/strong><br><strong>\u00c5terigen tog hon kepsen ifr\u00e5n honom och gav honom dessutom en puss f\u00f6r att s\u00e4ga att det var slutargumenterat.<\/strong><br><strong>\u201dDet g\u00f6r det faktiskt, det s\u00e4gs att det finns en gubbe i Forshaga som har fler. Han har till och med skrivit en bok om dem.\u201d<\/strong><\/p>\n\n\n\n<p class=\"wp-block-paragraph\"><strong>Jag finns!<\/strong><br>Eftersom det bara finns en enda gubbe i Forshaga som har fler kepsar \u00e4n den nyss s\u00e5 h\u00f6jdhoppande stavhopparskribentens romanfigur s\u00e5 kan jag h\u00e4rmed konstatera att ett stycke litteraturhistoria \u00e4r skapad. Ty den gubben \u00e4r jag.<\/p>\n\n\n\n<p class=\"wp-block-paragraph\">Ett tr\u00e4d som faller i skogen utan att n\u00e5gon h\u00f6r det h\u00f6rs inte.<br>En kepsskribent som finns p\u00e5 sidan 216 i bok d\u00e4remot &#8211; han finns. Bok-stav-ligen.<\/p>\n\n\n\n<p class=\"wp-block-paragraph\">J\u00e4spalt va coolt.<\/p>\n\n\n\n<p class=\"has-light-blue-background-color has-background wp-block-paragraph\"><em>### Ordet gubbe \u00e4r belagt i svenskan sedan 1545 med betydelsen man med v\u00f6rdnadsbjudande utseende.<br>### Fr\u00e5gor p\u00e5 det?<\/em><\/p>\n\n\n\n<figure class=\"wp-block-image size-large\"><a href=\"https:\/\/sven-ove.nu\/wp-content\/uploads\/2025\/07\/Sidan-216-scaled.jpeg\"><img loading=\"lazy\" decoding=\"async\" width=\"768\" height=\"1024\" src=\"https:\/\/sven-ove.nu\/wp-content\/uploads\/2025\/07\/Sidan-216-768x1024.jpeg\" alt=\"\" class=\"wp-image-28325\" srcset=\"https:\/\/sven-ove.nu\/wp-content\/uploads\/2025\/07\/Sidan-216-768x1024.jpeg 768w, https:\/\/sven-ove.nu\/wp-content\/uploads\/2025\/07\/Sidan-216-225x300.jpeg 225w, https:\/\/sven-ove.nu\/wp-content\/uploads\/2025\/07\/Sidan-216-1152x1536.jpeg 1152w, https:\/\/sven-ove.nu\/wp-content\/uploads\/2025\/07\/Sidan-216-1536x2048.jpeg 1536w, https:\/\/sven-ove.nu\/wp-content\/uploads\/2025\/07\/Sidan-216-scaled.jpeg 1920w\" sizes=\"auto, (max-width: 768px) 100vw, 768px\" \/><\/a><\/figure>\n\n\n\n<p class=\"has-light-gray-background-color has-background wp-block-paragraph\"><a href=\"https:\/\/sven-ove.nu\/\">Hem<\/a>&nbsp;|&nbsp;<a href=\"https:\/\/sven-ove.nu\/?page_id=170\">Om mig<\/a>&nbsp;|&nbsp;<a href=\"https:\/\/sven-ove.nu\/?page_id=1385\">Skriva &amp; prata<\/a>&nbsp;|&nbsp;<a href=\"https:\/\/sven-ove.nu\/?page_id=100\">Politik<\/a>&nbsp;|&nbsp;<a href=\"https:\/\/sven-ove.nu\/?page_id=102\">L\u00f6pa<\/a>&nbsp;|&nbsp;<a href=\"https:\/\/sven-ove.nu\/?page_id=108\">Viktor Root<\/a>&nbsp;&nbsp;<br><em>Inl\u00e4gg nr 2 486, (c) Sven-Ove Svensson (men dela g\u00e4rna<\/em>)<\/p>\n","protected":false},"excerpt":{"rendered":"<p>N\u00e4r ens barn fyller \u00e5r \u00e4r det bra att ge bort bok. Det \u00e4r sen gammalt.I \u00e5r fick det bli en familjehistoria. \u00c4n har jag inte l\u00e4st boken. Vi tycker ofta att mottagaren b\u00f6r f\u00e5 chansen f\u00f6rst. Min tid kommer. Men sidan 216 har jag gluttat p\u00e5. D\u00e4r g\u00f6mmer sig ett stycke historia.&#8211; Litteraturhistoria?&nbsp;&#8211; Absolut.&#8211; &hellip; <a href=\"https:\/\/sven-ove.nu\/?p=28323\" class=\"more-link\">Forts\u00e4tt l\u00e4sa <span class=\"screen-reader-text\">Den slutliga bekr\u00e4ftelsen<\/span><\/a><\/p>\n","protected":false},"author":1,"featured_media":0,"comment_status":"closed","ping_status":"open","sticky":false,"template":"","format":"standard","meta":{"_crdt_document":"","_monsterinsights_skip_tracking":false,"_monsterinsights_sitenote_active":false,"_monsterinsights_sitenote_note":"","_monsterinsights_sitenote_category":0,"footnotes":""},"categories":[10,28,4],"tags":[8,14,21,13],"class_list":["post-28323","post","type-post","status-publish","format-standard","hentry","category-familjen","category-kreativt-folk","category-skrivande","tag-historia","tag-lasning","tag-ord","tag-utrustning"],"_links":{"self":[{"href":"https:\/\/sven-ove.nu\/index.php?rest_route=\/wp\/v2\/posts\/28323","targetHints":{"allow":["GET"]}}],"collection":[{"href":"https:\/\/sven-ove.nu\/index.php?rest_route=\/wp\/v2\/posts"}],"about":[{"href":"https:\/\/sven-ove.nu\/index.php?rest_route=\/wp\/v2\/types\/post"}],"author":[{"embeddable":true,"href":"https:\/\/sven-ove.nu\/index.php?rest_route=\/wp\/v2\/users\/1"}],"replies":[{"embeddable":true,"href":"https:\/\/sven-ove.nu\/index.php?rest_route=%2Fwp%2Fv2%2Fcomments&post=28323"}],"version-history":[{"count":3,"href":"https:\/\/sven-ove.nu\/index.php?rest_route=\/wp\/v2\/posts\/28323\/revisions"}],"predecessor-version":[{"id":28328,"href":"https:\/\/sven-ove.nu\/index.php?rest_route=\/wp\/v2\/posts\/28323\/revisions\/28328"}],"wp:attachment":[{"href":"https:\/\/sven-ove.nu\/index.php?rest_route=%2Fwp%2Fv2%2Fmedia&parent=28323"}],"wp:term":[{"taxonomy":"category","embeddable":true,"href":"https:\/\/sven-ove.nu\/index.php?rest_route=%2Fwp%2Fv2%2Fcategories&post=28323"},{"taxonomy":"post_tag","embeddable":true,"href":"https:\/\/sven-ove.nu\/index.php?rest_route=%2Fwp%2Fv2%2Ftags&post=28323"}],"curies":[{"name":"wp","href":"https:\/\/api.w.org\/{rel}","templated":true}]}}