{"id":28385,"date":"2025-08-10T10:47:08","date_gmt":"2025-08-10T09:47:08","guid":{"rendered":"https:\/\/sven-ove.nu\/?p=28385"},"modified":"2025-08-10T10:47:08","modified_gmt":"2025-08-10T09:47:08","slug":"upplasning-igen-pa-onsdag","status":"publish","type":"post","link":"https:\/\/sven-ove.nu\/?p=28385","title":{"rendered":"Uppl\u00e4sning igen p\u00e5 onsdag"},"content":{"rendered":"\n<figure class=\"wp-block-image size-large\"><a href=\"https:\/\/sven-ove.nu\/wp-content\/uploads\/2024\/09\/IMG_0930-scaled.jpg\"><img loading=\"lazy\" decoding=\"async\" width=\"1024\" height=\"882\" src=\"https:\/\/sven-ove.nu\/wp-content\/uploads\/2024\/09\/IMG_0930-1024x882.jpg\" alt=\"\" class=\"wp-image-27022\" srcset=\"https:\/\/sven-ove.nu\/wp-content\/uploads\/2024\/09\/IMG_0930-1024x882.jpg 1024w, https:\/\/sven-ove.nu\/wp-content\/uploads\/2024\/09\/IMG_0930-300x258.jpg 300w, https:\/\/sven-ove.nu\/wp-content\/uploads\/2024\/09\/IMG_0930-768x662.jpg 768w, https:\/\/sven-ove.nu\/wp-content\/uploads\/2024\/09\/IMG_0930-1536x1323.jpg 1536w, https:\/\/sven-ove.nu\/wp-content\/uploads\/2024\/09\/IMG_0930-2048x1764.jpg 2048w\" sizes=\"auto, (max-width: 1024px) 100vw, 1024px\" \/><\/a><\/figure>\n\n\n\n<p class=\"wp-block-paragraph\">P\u00e5 onsdag 13 augusti st\u00e5r jag p\u00e5 en scen igen.<br>V\u00e4rml\u00e4ndska F\u00f6rfattars\u00e4llskapet ordnar uppl\u00e4sning i Kvarteret Almen i Karlstad f\u00f6r tredje \u00e5ret i rad.<\/p>\n\n\n\n<p class=\"wp-block-paragraph\">Tid: 18.00.<\/p>\n\n\n\n<p class=\"wp-block-paragraph\">Kom g\u00e4rna och lyssna!<\/p>\n\n\n\n<figure class=\"wp-block-image size-large\"><a href=\"https:\/\/sven-ove.nu\/wp-content\/uploads\/2025\/08\/Skarmavbild-2025-08-10-kl.-11.38.14.jpeg\"><img loading=\"lazy\" decoding=\"async\" width=\"680\" height=\"1024\" src=\"https:\/\/sven-ove.nu\/wp-content\/uploads\/2025\/08\/Skarmavbild-2025-08-10-kl.-11.38.14-680x1024.jpeg\" alt=\"\" class=\"wp-image-28386\" srcset=\"https:\/\/sven-ove.nu\/wp-content\/uploads\/2025\/08\/Skarmavbild-2025-08-10-kl.-11.38.14-680x1024.jpeg 680w, https:\/\/sven-ove.nu\/wp-content\/uploads\/2025\/08\/Skarmavbild-2025-08-10-kl.-11.38.14-199x300.jpeg 199w, https:\/\/sven-ove.nu\/wp-content\/uploads\/2025\/08\/Skarmavbild-2025-08-10-kl.-11.38.14-768x1156.jpeg 768w, https:\/\/sven-ove.nu\/wp-content\/uploads\/2025\/08\/Skarmavbild-2025-08-10-kl.-11.38.14.jpeg 812w\" sizes=\"auto, (max-width: 680px) 100vw, 680px\" \/><\/a><\/figure>\n\n\n\n<p class=\"has-light-blue-background-color has-background wp-block-paragraph\"><a href=\"https:\/\/sven-ove.nu\/\">Hem<\/a>\u00a0|\u00a0<a href=\"https:\/\/sven-ove.nu\/?page_id=170\">Om mig<\/a>\u00a0|\u00a0<a href=\"https:\/\/sven-ove.nu\/?page_id=1385\">Skriva &amp; prata<\/a>\u00a0|\u00a0<a href=\"https:\/\/sven-ove.nu\/?page_id=100\">Politik<\/a>\u00a0|\u00a0<a href=\"https:\/\/sven-ove.nu\/?page_id=102\">L\u00f6pa<\/a>\u00a0|\u00a0<a href=\"https:\/\/sven-ove.nu\/?page_id=108\">Viktor Root<\/a>\u00a0\u00a0<br><em>Inl\u00e4gg nr 2 493, (c) Sven-Ove Svensson (men dela g\u00e4rna<\/em>)<\/p>\n","protected":false},"excerpt":{"rendered":"<p>P\u00e5 onsdag 13 augusti st\u00e5r jag p\u00e5 en scen igen.V\u00e4rml\u00e4ndska F\u00f6rfattars\u00e4llskapet ordnar uppl\u00e4sning i Kvarteret Almen i Karlstad f\u00f6r tredje \u00e5ret i rad. Tid: 18.00. Kom g\u00e4rna och lyssna! Hem\u00a0|\u00a0Om mig\u00a0|\u00a0Skriva &amp; prata\u00a0|\u00a0Politik\u00a0|\u00a0L\u00f6pa\u00a0|\u00a0Viktor Root\u00a0\u00a0Inl\u00e4gg nr 2 493, (c) Sven-Ove Svensson (men dela g\u00e4rna)<\/p>\n","protected":false},"author":1,"featured_media":0,"comment_status":"closed","ping_status":"open","sticky":false,"template":"","format":"standard","meta":{"_crdt_document":"","_monsterinsights_skip_tracking":false,"_monsterinsights_sitenote_active":false,"_monsterinsights_sitenote_note":"","_monsterinsights_sitenote_category":0,"footnotes":""},"categories":[28,4],"tags":[14,21],"class_list":["post-28385","post","type-post","status-publish","format-standard","hentry","category-kreativt-folk","category-skrivande","tag-lasning","tag-ord"],"_links":{"self":[{"href":"https:\/\/sven-ove.nu\/index.php?rest_route=\/wp\/v2\/posts\/28385","targetHints":{"allow":["GET"]}}],"collection":[{"href":"https:\/\/sven-ove.nu\/index.php?rest_route=\/wp\/v2\/posts"}],"about":[{"href":"https:\/\/sven-ove.nu\/index.php?rest_route=\/wp\/v2\/types\/post"}],"author":[{"embeddable":true,"href":"https:\/\/sven-ove.nu\/index.php?rest_route=\/wp\/v2\/users\/1"}],"replies":[{"embeddable":true,"href":"https:\/\/sven-ove.nu\/index.php?rest_route=%2Fwp%2Fv2%2Fcomments&post=28385"}],"version-history":[{"count":1,"href":"https:\/\/sven-ove.nu\/index.php?rest_route=\/wp\/v2\/posts\/28385\/revisions"}],"predecessor-version":[{"id":28387,"href":"https:\/\/sven-ove.nu\/index.php?rest_route=\/wp\/v2\/posts\/28385\/revisions\/28387"}],"wp:attachment":[{"href":"https:\/\/sven-ove.nu\/index.php?rest_route=%2Fwp%2Fv2%2Fmedia&parent=28385"}],"wp:term":[{"taxonomy":"category","embeddable":true,"href":"https:\/\/sven-ove.nu\/index.php?rest_route=%2Fwp%2Fv2%2Fcategories&post=28385"},{"taxonomy":"post_tag","embeddable":true,"href":"https:\/\/sven-ove.nu\/index.php?rest_route=%2Fwp%2Fv2%2Ftags&post=28385"}],"curies":[{"name":"wp","href":"https:\/\/api.w.org\/{rel}","templated":true}]}}