{"id":28459,"date":"2025-09-13T04:43:00","date_gmt":"2025-09-13T03:43:00","guid":{"rendered":"https:\/\/sven-ove.nu\/?p=28459"},"modified":"2025-09-12T16:49:59","modified_gmt":"2025-09-12T15:49:59","slug":"dramat-vid-petteroa","status":"publish","type":"post","link":"https:\/\/sven-ove.nu\/?p=28459","title":{"rendered":"Dramat vid Petter\u00f6a"},"content":{"rendered":"\n<figure class=\"wp-block-image size-large\"><a href=\"https:\/\/sven-ove.nu\/wp-content\/uploads\/2025\/09\/Petteron.png\"><img loading=\"lazy\" decoding=\"async\" width=\"1024\" height=\"878\" src=\"https:\/\/sven-ove.nu\/wp-content\/uploads\/2025\/09\/Petteron-1024x878.png\" alt=\"\" class=\"wp-image-28460\" srcset=\"https:\/\/sven-ove.nu\/wp-content\/uploads\/2025\/09\/Petteron-1024x878.png 1024w, https:\/\/sven-ove.nu\/wp-content\/uploads\/2025\/09\/Petteron-300x257.png 300w, https:\/\/sven-ove.nu\/wp-content\/uploads\/2025\/09\/Petteron-768x659.png 768w, https:\/\/sven-ove.nu\/wp-content\/uploads\/2025\/09\/Petteron-1536x1317.png 1536w, https:\/\/sven-ove.nu\/wp-content\/uploads\/2025\/09\/Petteron.png 1712w\" sizes=\"auto, (max-width: 1024px) 100vw, 1024px\" \/><\/a><\/figure>\n\n\n\n<blockquote class=\"wp-block-quote is-layout-flow wp-block-quote-is-layout-flow\">\n<p class=\"wp-block-paragraph\">H\u00e4rom dagen vandrade vi gubbar i Gryningspatrullen i skogarna runt V\u00e5gsj\u00f6n. En g\u00e5ng var detta ett sin tids utanf\u00f6rskapsomr\u00e5de, p\u00e5 gr\u00e4nsen mellan nuvarande Forshaga och Munkfors kommuner.<br>Vid f\u00f6rsta fikat ber\u00e4ttade jag om dramat:<\/p>\n<\/blockquote>\n\n\n\n<p class=\"wp-block-paragraph\">F\u00f6rvintern 1912 hade varit ovanligt mild. Vid jul hade sj\u00f6n fortfarande inte lagt sig.  H\u00e4r ute p\u00e5 \u00f6n hade en Johan Sabel fr\u00e5n J\u00e4rnskog byggt sig en stuga. N\u00e4r han r\u00f6jde potatisland fick han stenar till en landf\u00f6rbindelse ut till \u00f6n.<\/p>\n\n\n\n<p class=\"wp-block-paragraph\">Nu hade Johan flyttat. I st\u00e4llet hade dottern Anna och hennes man, bruksarbetaren Petter Pettersson fr\u00e5n Dejefors, flyttat in f\u00f6r fem \u00e5r sedan. De hade sju barn och en hund. Anna var gravid med sitt \u00e5ttonde barn.<\/p>\n\n\n\n<p class=\"wp-block-paragraph\">Nu fick ocks\u00e5 \u00f6n sitt namn. Petter\u00f6a.<\/p>\n\n\n\n<p class=\"wp-block-paragraph\">N\u00e5gon brunn fanns inte p\u00e5 \u00f6n. P\u00e5 vintern brukade de hugga upp en vak s\u00e5 de fick vatten.<\/p>\n\n\n\n<p class=\"wp-block-paragraph\"><strong>Hunden rymmer<\/strong><br>L\u00f6rdag kv\u00e4ll den 11 januari 1913 \u00e4r det fortfarande ingen tjock is. Bara s\u00e5 mycket att hunden tror att den b\u00e4r. Pl\u00f6tsligt springer han ut p\u00e5 sj\u00f6n med sex\u00e5ringen Yngve efter sig. B\u00e4gge g\u00e5r igenom isen.<\/p>\n\n\n\n<p class=\"wp-block-paragraph\">\u00c5tta\u00e5rige Gustav st\u00e5r p\u00e5 land och ser alltihop. Han springer ut f\u00f6r att r\u00e4dda lillebror och hunden. Men sjunker han med.<\/p>\n\n\n\n<p class=\"wp-block-paragraph\"><strong>Fyra d\u00f6da p\u00e5 k\u00f6ksgolvet<\/strong><br>Nu rusar mamma Anna i panik ut f\u00f6r att r\u00e4dda sina barn. Pappa Petter har hunnit hem fr\u00e5n arbetet p\u00e5 Munkfors Bruk. Han rusar ocks\u00e5 ut &#8211; och g\u00e5r igenom isen.<\/p>\n\n\n\n<p class=\"wp-block-paragraph\">Alla fyra drunknar.<\/p>\n\n\n\n<p class=\"wp-block-paragraph\">Kvar p\u00e5 land st\u00e5r fem f\u00f6rskr\u00e4ckta barn som nyss har sett sin mamma, sin pappa och tv\u00e5 av syskonen drunkna.<\/p>\n\n\n\n<p class=\"wp-block-paragraph\">Oskar som \u00e4r 13 \u00e5r f\u00e5r ta ett\u00e5riga Signe p\u00e5 armen. Tillsammans med syskonen Ruth, n\u00e4stan 12 \u00e5r, Linnea, n\u00e4stan 11, och Sigrid, 3 \u00e5r, traskar de i m\u00f6rkret bort till det n\u00e4rmaste torpet Sj\u00f6falla, drygt en kilometer s\u00f6derut.<\/p>\n\n\n\n<p class=\"wp-block-paragraph\">P\u00e5 m\u00e5ndagen hittar Petters arbetskamrater fr\u00e5n Munkfors Bruk de drunknade. Barnen gl\u00f6mmer aldrig synen av de fyra d\u00f6da p\u00e5 k\u00f6ksgolvet.<\/p>\n\n\n\n<p class=\"wp-block-paragraph\"><strong>De fem barnen auktionerades bort<\/strong><br>Sj\u00e4lva blir de bortauktionerade. Flera av dem har ingen eller mycket liten kontakt med varandra under resten av livet.<\/p>\n\n\n\n<p class=\"wp-block-paragraph\">Huset kommer morfar Johan och river. Han s\u00e4tter upp det igen i J\u00e4rnbo\u00e5s dit han flyttat.<\/p>\n\n\n\n<p class=\"wp-block-paragraph\">Familjens \u00e4godelar s\u00e4ljs p\u00e5 auktion. Sista r\u00e4kningen \u00e4r p\u00e5 36 kronor f\u00f6r fyra likkistor och 10 kronor f\u00f6r frakt av kistor och lik.<\/p>\n\n\n\n<p class=\"has-light-blue-background-color has-background wp-block-paragraph\">### <em>Anf\u00f6rande vid fika intill Petter\u00f6a med Gryningspatrullen 11 september 2025. Fritt efter Bente Sabels bok Skogsborna, Norl\u00e9n &amp; Slottner, 2023.<\/em><\/p>\n\n\n\n<p class=\"has-light-gray-background-color has-background wp-block-paragraph\"><a href=\"https:\/\/sven-ove.nu\/\">Hem<\/a>&nbsp;|&nbsp;<a href=\"https:\/\/sven-ove.nu\/?page_id=170\">Om mig<\/a>&nbsp;|&nbsp;<a href=\"https:\/\/sven-ove.nu\/?page_id=1385\">Skriva &amp; prata<\/a>&nbsp;|&nbsp;<a href=\"https:\/\/sven-ove.nu\/?page_id=100\">Politik<\/a>&nbsp;|&nbsp;<a href=\"https:\/\/sven-ove.nu\/?page_id=102\">L\u00f6pa<\/a>&nbsp;|&nbsp;<a href=\"https:\/\/sven-ove.nu\/?page_id=108\">Viktor Root<\/a>&nbsp;&nbsp;<br><em>Inl\u00e4gg nr 2 503, (c) Sven-Ove Svensson (men dela g\u00e4rna<\/em>).<\/p>\n","protected":false},"excerpt":{"rendered":"<p>H\u00e4rom dagen vandrade vi gubbar i Gryningspatrullen i skogarna runt V\u00e5gsj\u00f6n. En g\u00e5ng var detta ett sin tids utanf\u00f6rskapsomr\u00e5de, p\u00e5 gr\u00e4nsen mellan nuvarande Forshaga och Munkfors kommuner.Vid f\u00f6rsta fikat ber\u00e4ttade jag om dramat: F\u00f6rvintern 1912 hade varit ovanligt mild. Vid jul hade sj\u00f6n fortfarande inte lagt sig. H\u00e4r ute p\u00e5 \u00f6n hade en Johan Sabel &hellip; <a href=\"https:\/\/sven-ove.nu\/?p=28459\" class=\"more-link\">Forts\u00e4tt l\u00e4sa <span class=\"screen-reader-text\">Dramat vid Petter\u00f6a<\/span><\/a><\/p>\n","protected":false},"author":1,"featured_media":0,"comment_status":"closed","ping_status":"open","sticky":false,"template":"","format":"standard","meta":{"_crdt_document":"","_monsterinsights_skip_tracking":false,"_monsterinsights_sitenote_active":false,"_monsterinsights_sitenote_note":"","_monsterinsights_sitenote_category":0,"footnotes":""},"categories":[4],"tags":[8,14],"class_list":["post-28459","post","type-post","status-publish","format-standard","hentry","category-skrivande","tag-historia","tag-lasning"],"_links":{"self":[{"href":"https:\/\/sven-ove.nu\/index.php?rest_route=\/wp\/v2\/posts\/28459","targetHints":{"allow":["GET"]}}],"collection":[{"href":"https:\/\/sven-ove.nu\/index.php?rest_route=\/wp\/v2\/posts"}],"about":[{"href":"https:\/\/sven-ove.nu\/index.php?rest_route=\/wp\/v2\/types\/post"}],"author":[{"embeddable":true,"href":"https:\/\/sven-ove.nu\/index.php?rest_route=\/wp\/v2\/users\/1"}],"replies":[{"embeddable":true,"href":"https:\/\/sven-ove.nu\/index.php?rest_route=%2Fwp%2Fv2%2Fcomments&post=28459"}],"version-history":[{"count":2,"href":"https:\/\/sven-ove.nu\/index.php?rest_route=\/wp\/v2\/posts\/28459\/revisions"}],"predecessor-version":[{"id":28462,"href":"https:\/\/sven-ove.nu\/index.php?rest_route=\/wp\/v2\/posts\/28459\/revisions\/28462"}],"wp:attachment":[{"href":"https:\/\/sven-ove.nu\/index.php?rest_route=%2Fwp%2Fv2%2Fmedia&parent=28459"}],"wp:term":[{"taxonomy":"category","embeddable":true,"href":"https:\/\/sven-ove.nu\/index.php?rest_route=%2Fwp%2Fv2%2Fcategories&post=28459"},{"taxonomy":"post_tag","embeddable":true,"href":"https:\/\/sven-ove.nu\/index.php?rest_route=%2Fwp%2Fv2%2Ftags&post=28459"}],"curies":[{"name":"wp","href":"https:\/\/api.w.org\/{rel}","templated":true}]}}