{"id":28463,"date":"2025-09-14T04:20:00","date_gmt":"2025-09-14T03:20:00","guid":{"rendered":"https:\/\/sven-ove.nu\/?p=28463"},"modified":"2025-09-12T17:28:00","modified_gmt":"2025-09-12T16:28:00","slug":"illa-sedda-och-undanskymda","status":"publish","type":"post","link":"https:\/\/sven-ove.nu\/?p=28463","title":{"rendered":"Illa sedda och undanskymda"},"content":{"rendered":"\n<figure class=\"wp-block-image size-large\"><a href=\"https:\/\/sven-ove.nu\/wp-content\/uploads\/2025\/09\/IMG_4061-scaled.jpeg\"><img loading=\"lazy\" decoding=\"async\" width=\"1024\" height=\"1024\" src=\"https:\/\/sven-ove.nu\/wp-content\/uploads\/2025\/09\/IMG_4061-1024x1024.jpeg\" alt=\"\" class=\"wp-image-28464\" srcset=\"https:\/\/sven-ove.nu\/wp-content\/uploads\/2025\/09\/IMG_4061-1024x1024.jpeg 1024w, https:\/\/sven-ove.nu\/wp-content\/uploads\/2025\/09\/IMG_4061-300x300.jpeg 300w, https:\/\/sven-ove.nu\/wp-content\/uploads\/2025\/09\/IMG_4061-150x150.jpeg 150w, https:\/\/sven-ove.nu\/wp-content\/uploads\/2025\/09\/IMG_4061-768x768.jpeg 768w, https:\/\/sven-ove.nu\/wp-content\/uploads\/2025\/09\/IMG_4061-1536x1536.jpeg 1536w, https:\/\/sven-ove.nu\/wp-content\/uploads\/2025\/09\/IMG_4061-2048x2048.jpeg 2048w\" sizes=\"auto, (max-width: 1024px) 100vw, 1024px\" \/><\/a><\/figure>\n\n\n\n<blockquote class=\"wp-block-quote is-layout-flow wp-block-quote-is-layout-flow\">\n<p class=\"wp-block-paragraph\">Mitt minif\u00f6redrag nummer tv\u00e5 vid Gryningspatrullens vandring runt V\u00e5gsj\u00f6n h\u00e4rom dagen:<\/p>\n<\/blockquote>\n\n\n\n<p class=\"wp-block-paragraph\">Mot slutet av 1800-talet \u00f6kade befolkningen p\u00e5 svensk landsbygd. Det berodde p\u00e5 freden, vaccinet och pot\u00e4terna, sa Esaias Tegn\u00e9r. Dom fattiga skogsbygderna kallade han f\u00f6raktfullt f\u00f6r barnfabriker.<\/p>\n\n\n\n<p class=\"wp-block-paragraph\">H\u00e4r i den nordv\u00e4stra delen av \u00d6vre Ullerud uppstod en s\u00e5dan skogsbygd. Hit flyttade folk n\u00e4r jorden nere i Rudsheden vid Klar\u00e4lven inte r\u00e4ckte till \u00e5t alla.<\/p>\n\n\n\n<p class=\"wp-block-paragraph\">Den norska journalisten Bente Sabel har forskat i traktens historia. 1863 flyttade hennes farfars morfar Erik Gabrielsson och hans tredje hustru Kjerstin Larsdotter hit till Sj\u00f6falla. Han hade f\u00f6rs\u00f6rjt sig som dr\u00e4ng och torpare, hon som piga.<\/p>\n\n\n\n<p class=\"wp-block-paragraph\">Nu byggde han huset.<\/p>\n\n\n\n<p class=\"wp-block-paragraph\"><strong>Fattig trakt<\/strong><br>Det var en fattig trakt, 7,5 kilometer fr\u00e5n huvudg\u00e5rdarna nere vid Klar\u00e4lven, 5 kilometer fr\u00e5n Munkfors. Det f\u00f6rsta bevarade k\u00f6pekontraktet h\u00e4r uppifr\u00e5n Rudshedens skogar \u00e4r daterat 18 april 1860.<\/p>\n\n\n\n<p class=\"wp-block-paragraph\">Det var ett annat par som k\u00f6pte det som skulle komma att kallas Smaggtorpet en bit bort fr\u00e5n Sj\u00f6falla. De k\u00f6pte bruksr\u00e4tten till 4 tunnland, inte egendomsr\u00e4tten, skriver Bente Sabel i sin bok <strong><em>Skogsborna<\/em><\/strong>. Som <em>f\u00f6rpantnings\u00e4gare<\/em> hade de r\u00e4tt att fiska i sj\u00f6n och ha djur p\u00e5 \u00e4garens mark, utanf\u00f6r sitt eget omr\u00e5de.<\/p>\n\n\n\n<p class=\"wp-block-paragraph\"><strong>Fattigfolks Amerika<\/strong><br>Boken Skogsborna skrevs n\u00e4r Bente Sabel uppt\u00e4ckte att hennes farfar hemma i Oslo var uppv\u00e4xt h\u00e4r.<\/p>\n\n\n\n<p class=\"wp-block-paragraph\">I februari 1888 n\u00e4r Erik Gustav Sabel var 20 \u00e5r klev han p\u00e5 t\u00e5get i Karlstad med enkelbiljett till Kristiania. D\u00e4r fick han jobb i industrin och kom aldrig tillbaka.<\/p>\n\n\n\n<p class=\"wp-block-paragraph\">\u201dFattigfolks Amerika\u201d kallades Norge den g\u00e5ngen.<\/p>\n\n\n\n<p class=\"wp-block-paragraph\">Erik ville ha jobb i Norge. Men han rymde ocks\u00e5 fr\u00e5n ett faderskap. D\u00e4rf\u00f6r har han efterlevande \u00e4ven i Sverige, men det \u00e4r en annan historia.<\/p>\n\n\n\n<p class=\"wp-block-paragraph\"><strong>L\u00c4NK<\/strong>: <a href=\"https:\/\/sven-ove.nu\/?p=28459\" data-type=\"link\" data-id=\"https:\/\/sven-ove.nu\/?p=28459\">Dramat p\u00e5 Petter\u00f6a<\/a><\/p>\n\n\n\n<p class=\"has-light-blue-background-color has-background wp-block-paragraph\"><em>### L\u00e4s Skogsborna. Det \u00e4r en intressant ber\u00e4ttelse om en undanskymd och p\u00e5 den tiden ofta illa sedd del av det som nu \u00e4r Forshaga kommun.<\/em><br><em>### Anna som drunknade vid Petter\u00f6a tillsammans med sin man och tv\u00e5 av barnen var Bente Sabels farfars syster.<\/em><br><em>### Skogen har tagit tillbaka \u00e5kern. Kvar finns &#8211; som ofta n\u00e4r svenska g\u00e5rdar rationaliseras bort &#8211; den gamla sl\u00e5ttermaskinen<\/em><\/p>\n\n\n\n<p class=\"has-light-gray-background-color has-background wp-block-paragraph\"><a href=\"https:\/\/sven-ove.nu\/\">Hem<\/a>&nbsp;|&nbsp;<a href=\"https:\/\/sven-ove.nu\/?page_id=170\">Om mig<\/a>&nbsp;|&nbsp;<a href=\"https:\/\/sven-ove.nu\/?page_id=1385\">Skriva &amp; prata<\/a>&nbsp;|&nbsp;<a href=\"https:\/\/sven-ove.nu\/?page_id=100\">Politik<\/a>&nbsp;|&nbsp;<a href=\"https:\/\/sven-ove.nu\/?page_id=102\">L\u00f6pa<\/a>&nbsp;|&nbsp;<a href=\"https:\/\/sven-ove.nu\/?page_id=108\">Viktor Root<\/a>&nbsp;&nbsp;<br><em>Inl\u00e4gg nr 2 504, (c) Sven-Ove Svensson (men dela g\u00e4rna<\/em>).<\/p>\n","protected":false},"excerpt":{"rendered":"<p>Mitt minif\u00f6redrag nummer tv\u00e5 vid Gryningspatrullens vandring runt V\u00e5gsj\u00f6n h\u00e4rom dagen: Mot slutet av 1800-talet \u00f6kade befolkningen p\u00e5 svensk landsbygd. Det berodde p\u00e5 freden, vaccinet och pot\u00e4terna, sa Esaias Tegn\u00e9r. Dom fattiga skogsbygderna kallade han f\u00f6raktfullt f\u00f6r barnfabriker. H\u00e4r i den nordv\u00e4stra delen av \u00d6vre Ullerud uppstod en s\u00e5dan skogsbygd. Hit flyttade folk n\u00e4r jorden &hellip; <a href=\"https:\/\/sven-ove.nu\/?p=28463\" class=\"more-link\">Forts\u00e4tt l\u00e4sa <span class=\"screen-reader-text\">Illa sedda och undanskymda<\/span><\/a><\/p>\n","protected":false},"author":1,"featured_media":0,"comment_status":"closed","ping_status":"open","sticky":false,"template":"","format":"standard","meta":{"_crdt_document":"","_monsterinsights_skip_tracking":false,"_monsterinsights_sitenote_active":false,"_monsterinsights_sitenote_note":"","_monsterinsights_sitenote_category":0,"footnotes":""},"categories":[4],"tags":[3,8,14],"class_list":["post-28463","post","type-post","status-publish","format-standard","hentry","category-skrivande","tag-arbete","tag-historia","tag-lasning"],"_links":{"self":[{"href":"https:\/\/sven-ove.nu\/index.php?rest_route=\/wp\/v2\/posts\/28463","targetHints":{"allow":["GET"]}}],"collection":[{"href":"https:\/\/sven-ove.nu\/index.php?rest_route=\/wp\/v2\/posts"}],"about":[{"href":"https:\/\/sven-ove.nu\/index.php?rest_route=\/wp\/v2\/types\/post"}],"author":[{"embeddable":true,"href":"https:\/\/sven-ove.nu\/index.php?rest_route=\/wp\/v2\/users\/1"}],"replies":[{"embeddable":true,"href":"https:\/\/sven-ove.nu\/index.php?rest_route=%2Fwp%2Fv2%2Fcomments&post=28463"}],"version-history":[{"count":3,"href":"https:\/\/sven-ove.nu\/index.php?rest_route=\/wp\/v2\/posts\/28463\/revisions"}],"predecessor-version":[{"id":28467,"href":"https:\/\/sven-ove.nu\/index.php?rest_route=\/wp\/v2\/posts\/28463\/revisions\/28467"}],"wp:attachment":[{"href":"https:\/\/sven-ove.nu\/index.php?rest_route=%2Fwp%2Fv2%2Fmedia&parent=28463"}],"wp:term":[{"taxonomy":"category","embeddable":true,"href":"https:\/\/sven-ove.nu\/index.php?rest_route=%2Fwp%2Fv2%2Fcategories&post=28463"},{"taxonomy":"post_tag","embeddable":true,"href":"https:\/\/sven-ove.nu\/index.php?rest_route=%2Fwp%2Fv2%2Ftags&post=28463"}],"curies":[{"name":"wp","href":"https:\/\/api.w.org\/{rel}","templated":true}]}}