{"id":28468,"date":"2025-09-16T04:55:00","date_gmt":"2025-09-16T03:55:00","guid":{"rendered":"https:\/\/sven-ove.nu\/?p=28468"},"modified":"2025-09-14T10:51:44","modified_gmt":"2025-09-14T09:51:44","slug":"en-promenad-for-provokatorer","status":"publish","type":"post","link":"https:\/\/sven-ove.nu\/?p=28468","title":{"rendered":"En promenad f\u00f6r provokat\u00f6rer"},"content":{"rendered":"\n<figure class=\"wp-block-image size-large\"><a href=\"https:\/\/sven-ove.nu\/wp-content\/uploads\/2025\/09\/IMG_4092-scaled.jpeg\"><img loading=\"lazy\" decoding=\"async\" width=\"1024\" height=\"796\" src=\"https:\/\/sven-ove.nu\/wp-content\/uploads\/2025\/09\/IMG_4092-1024x796.jpeg\" alt=\"\" class=\"wp-image-28469\" srcset=\"https:\/\/sven-ove.nu\/wp-content\/uploads\/2025\/09\/IMG_4092-1024x796.jpeg 1024w, https:\/\/sven-ove.nu\/wp-content\/uploads\/2025\/09\/IMG_4092-300x233.jpeg 300w, https:\/\/sven-ove.nu\/wp-content\/uploads\/2025\/09\/IMG_4092-768x597.jpeg 768w, https:\/\/sven-ove.nu\/wp-content\/uploads\/2025\/09\/IMG_4092-1536x1194.jpeg 1536w, https:\/\/sven-ove.nu\/wp-content\/uploads\/2025\/09\/IMG_4092-2048x1592.jpeg 2048w\" sizes=\"auto, (max-width: 1024px) 100vw, 1024px\" \/><\/a><\/figure>\n\n\n\n<blockquote class=\"wp-block-quote is-layout-flow wp-block-quote-is-layout-flow\">\n<p class=\"wp-block-paragraph\">Kanske var det mer idylliskt i Karlstad, vad vet jag.<br>Men inte s\u00e5g vi v\u00e4rst m\u00e5nga provokat\u00f6rer och tokstollar.<\/p>\n<\/blockquote>\n\n\n\n<p class=\"wp-block-paragraph\">Jag pratar om protesterna mot Vietnamkriget f\u00f6r snart 60 \u00e5r sedan.&nbsp; Allt var genomorganiserat. Tre enkla paroller att enas bakom oavsett vad vi tyckte om annat.<\/p>\n\n\n\n<p class=\"wp-block-paragraph\">Fridsamma demonstrationer, ordning och reda.<\/p>\n\n\n\n<p class=\"wp-block-paragraph\">Det busigaste vi gjorde var att stanna till med t\u00e5gen utanf\u00f6r Nya Wermlands-Tidningens officin och ropa om den USA-v\u00e4nlige ledarskribenten att: \u201dG\u00d6-THE LJU-GER!\u201d.<\/p>\n\n\n\n<p class=\"wp-block-paragraph\">N\u00e5, den ramsan fr\u00e5n de f\u00f6rsta \u00e5ren bad vi om urs\u00e4kt f\u00f6r s\u00e5 sm\u00e5ningom. Busigare var vi inte.<\/p>\n\n\n\n<p class=\"wp-block-paragraph\"><strong>God hj\u00e4lp \u00e5t krigsherren<\/strong><br>I dag finns ett nytt krig d\u00e4r en massiv krigsmakt st\u00e4lls mot fattigt folk i ett annat land. Israel mot Palestina. Naturligtvis minst lika f\u00f6rf\u00e4rligt som bomberna \u00f6ver Vietnam.<\/p>\n\n\n\n<p class=\"wp-block-paragraph\">Det demonstreras med all r\u00e4tt nu med. Tack och lov. Majoriteten har l\u00e4rt sin opinionsbildarl\u00e4xa.<\/p>\n\n\n\n<p class=\"wp-block-paragraph\">Men s\u00e5 \u00e4r det tokstollarna. Att b\u00f6rja f\u00f6rf\u00f6lja ministrar p\u00e5 vandring hem genom Stockholms gator \u00e4r inte bara ov\u00e4rdigt och f\u00f6rf\u00e4rligt. Det \u00e4r dessutom korkat och en god hj\u00e4lp \u00e5t krigsherren i Israel.<\/p>\n\n\n\n<p class=\"wp-block-paragraph\">Den vandringen \u00e4r det folkm\u00f6rdaren som vinner p\u00e5.<\/p>\n\n\n\n<p class=\"has-background wp-block-paragraph\" style=\"background-color:#a3e9f7\"><em>### Pedagogiskt \u00e4r det \u00e4ven n\u00e4r en av v\u00e4rldens m\u00e4ktigaste milit\u00e4rmakter angriper en fredlig obev\u00e4pnad aktivistb\u00e5t p\u00e5 internationellt vatten eller i tunisisk hamn.<\/em><br><em>### Angriparen avsl\u00f6jar sig.<\/em><br><em>### Mest l\u00e4sta inl\u00e4gget p\u00e5 bloggen i veckan som gick var:<\/em><br><em><a href=\"https:\/\/sven-ove.nu\/?p=28459\" data-type=\"link\" data-id=\"https:\/\/sven-ove.nu\/?p=28459\">Dramat vid Petter\u00f6a<\/a>.<\/em><\/p>\n\n\n\n<p class=\"has-light-gray-background-color has-background wp-block-paragraph\"><a href=\"https:\/\/sven-ove.nu\/\">Hem<\/a>&nbsp;|&nbsp;<a href=\"https:\/\/sven-ove.nu\/?page_id=170\">Om mig<\/a>&nbsp;|&nbsp;<a href=\"https:\/\/sven-ove.nu\/?page_id=1385\">Skriva &amp; prata<\/a>&nbsp;|&nbsp;<a href=\"https:\/\/sven-ove.nu\/?page_id=100\">Politik<\/a>&nbsp;|&nbsp;<a href=\"https:\/\/sven-ove.nu\/?page_id=102\">L\u00f6pa<\/a>&nbsp;|&nbsp;<a href=\"https:\/\/sven-ove.nu\/?page_id=108\">Viktor Root<\/a>&nbsp;&nbsp;<br><em>Inl\u00e4gg nr 2 505, (c) Sven-Ove Svensson (men dela g\u00e4rna<\/em>).<\/p>\n","protected":false},"excerpt":{"rendered":"<p>Kanske var det mer idylliskt i Karlstad, vad vet jag.Men inte s\u00e5g vi v\u00e4rst m\u00e5nga provokat\u00f6rer och tokstollar. Jag pratar om protesterna mot Vietnamkriget f\u00f6r snart 60 \u00e5r sedan.&nbsp; Allt var genomorganiserat. Tre enkla paroller att enas bakom oavsett vad vi tyckte om annat. Fridsamma demonstrationer, ordning och reda. Det busigaste vi gjorde var att &hellip; <a href=\"https:\/\/sven-ove.nu\/?p=28468\" class=\"more-link\">Forts\u00e4tt l\u00e4sa <span class=\"screen-reader-text\">En promenad f\u00f6r provokat\u00f6rer<\/span><\/a><\/p>\n","protected":false},"author":1,"featured_media":0,"comment_status":"closed","ping_status":"open","sticky":false,"template":"","format":"standard","meta":{"_crdt_document":"","_monsterinsights_skip_tracking":false,"_monsterinsights_sitenote_active":false,"_monsterinsights_sitenote_note":"","_monsterinsights_sitenote_category":0,"footnotes":""},"categories":[9],"tags":[16,8,18,17],"class_list":["post-28468","post","type-post","status-publish","format-standard","hentry","category-politik","tag-dumheter","tag-historia","tag-lardomar","tag-solidaritet"],"_links":{"self":[{"href":"https:\/\/sven-ove.nu\/index.php?rest_route=\/wp\/v2\/posts\/28468","targetHints":{"allow":["GET"]}}],"collection":[{"href":"https:\/\/sven-ove.nu\/index.php?rest_route=\/wp\/v2\/posts"}],"about":[{"href":"https:\/\/sven-ove.nu\/index.php?rest_route=\/wp\/v2\/types\/post"}],"author":[{"embeddable":true,"href":"https:\/\/sven-ove.nu\/index.php?rest_route=\/wp\/v2\/users\/1"}],"replies":[{"embeddable":true,"href":"https:\/\/sven-ove.nu\/index.php?rest_route=%2Fwp%2Fv2%2Fcomments&post=28468"}],"version-history":[{"count":8,"href":"https:\/\/sven-ove.nu\/index.php?rest_route=\/wp\/v2\/posts\/28468\/revisions"}],"predecessor-version":[{"id":28478,"href":"https:\/\/sven-ove.nu\/index.php?rest_route=\/wp\/v2\/posts\/28468\/revisions\/28478"}],"wp:attachment":[{"href":"https:\/\/sven-ove.nu\/index.php?rest_route=%2Fwp%2Fv2%2Fmedia&parent=28468"}],"wp:term":[{"taxonomy":"category","embeddable":true,"href":"https:\/\/sven-ove.nu\/index.php?rest_route=%2Fwp%2Fv2%2Fcategories&post=28468"},{"taxonomy":"post_tag","embeddable":true,"href":"https:\/\/sven-ove.nu\/index.php?rest_route=%2Fwp%2Fv2%2Ftags&post=28468"}],"curies":[{"name":"wp","href":"https:\/\/api.w.org\/{rel}","templated":true}]}}