{"id":28479,"date":"2025-09-18T04:53:00","date_gmt":"2025-09-18T03:53:00","guid":{"rendered":"https:\/\/sven-ove.nu\/?p=28479"},"modified":"2025-09-16T08:03:36","modified_gmt":"2025-09-16T07:03:36","slug":"vad-kravs-for-att-folk-ska-skratta","status":"publish","type":"post","link":"https:\/\/sven-ove.nu\/?p=28479","title":{"rendered":"Vad kr\u00e4vs f\u00f6r att folk ska skratta?"},"content":{"rendered":"\n<figure class=\"wp-block-image size-large\"><a href=\"https:\/\/sven-ove.nu\/wp-content\/uploads\/2025\/09\/IMG_3334-1-scaled.jpeg\"><img loading=\"lazy\" decoding=\"async\" width=\"1024\" height=\"789\" src=\"https:\/\/sven-ove.nu\/wp-content\/uploads\/2025\/09\/IMG_3334-1-1024x789.jpeg\" alt=\"\" class=\"wp-image-28487\" srcset=\"https:\/\/sven-ove.nu\/wp-content\/uploads\/2025\/09\/IMG_3334-1-1024x789.jpeg 1024w, https:\/\/sven-ove.nu\/wp-content\/uploads\/2025\/09\/IMG_3334-1-300x231.jpeg 300w, https:\/\/sven-ove.nu\/wp-content\/uploads\/2025\/09\/IMG_3334-1-768x592.jpeg 768w, https:\/\/sven-ove.nu\/wp-content\/uploads\/2025\/09\/IMG_3334-1-1536x1183.jpeg 1536w, https:\/\/sven-ove.nu\/wp-content\/uploads\/2025\/09\/IMG_3334-1-2048x1577.jpeg 2048w\" sizes=\"auto, (max-width: 1024px) 100vw, 1024px\" \/><\/a><\/figure>\n\n\n\n<blockquote class=\"wp-block-quote is-layout-flow wp-block-quote-is-layout-flow\">\n<p class=\"wp-block-paragraph\">Alla som f\u00f6rs\u00f6kt skriva kr\u00f6nikor ett tag uppt\u00e4cker det.<br>Alla som st\u00e4llt sig p\u00e5 en scen och f\u00f6rs\u00f6kt vara roliga likas\u00e5.<br>Det finns ett krav som du inte kommer undan.<\/p>\n<\/blockquote>\n\n\n\n<p class=\"wp-block-paragraph\">Vi sitter vid vita bordet h\u00e4r hemma n\u00e4r en av v\u00e4nnerna i bokcirkeln f\u00e5r mig att b\u00f6rja fatta. Bordet \u00e4r runt, bokcirkeln garvad och de kloka boktipsen genom \u00e5ren har ofta f\u00e5tt mig att f\u00f6rst\u00e5 v\u00e4rlden b\u00e4ttre.<\/p>\n\n\n\n<p class=\"wp-block-paragraph\">Vad jag bidrar med sj\u00e4lv vet jag inte. De andra borde rimligen vara tr\u00f6tta p\u00e5 min eviga betraktelse \u00f6ver att Sverige inte l\u00e4ngre har n\u00e5gon gemensam offentlighet. \u00d6ver att Facebook, Google och Youtube tar maten ur mun p\u00e5 dagstidningarna. \u00d6ver krympande redaktioner och \u00f6ver influencers som tar \u00f6ver efter oberoende journalister.<\/p>\n\n\n\n<p class=\"wp-block-paragraph\">Det <strong>var<\/strong> en bra sak n\u00e4r alla visste vad uttrycket \u201dDen gliiiiider in i m\u00e5l! Den gliiiiider in i m\u00e5l!\u201d handlade om. Eller hade sett Hems\u00f6borna kv\u00e4llen innan och h\u00f6rt p\u00e5 Dagens eko.<\/p>\n\n\n\n<p class=\"wp-block-paragraph\"><strong>Detta kr\u00e4vs<\/strong><br>Jo, det som kr\u00e4vs f\u00f6r att skriva en kr\u00f6nika eller vara rolig p\u00e5 scen \u00e4r en gemensam referensram. En sorts det m\u00e4nskliga samtalets utg\u00e5ngspunkt. Det g\u00e5r inte att skriva betraktelser \u00f6ver tiden om inte dina l\u00e4sare eller lyssnare har \u00e5tminstone ungef\u00e4r samma upplevelse i den.<\/p>\n\n\n\n<p class=\"wp-block-paragraph\">Det vore meningsl\u00f6st att st\u00e5 p\u00e5 Folkets hus-scenen i Forshaga och referera till pucken som gleeed in i m\u00e5l om inte de flesta k\u00e4nde till vem som h\u00f6ll i klubban den g\u00e5ngen. Meningsl\u00f6st att tala om s\u00f6derg\u00f6k om inte m\u00e5nga visste vad det betyder n\u00e4r \u00e5rets f\u00f6rsta g\u00f6k gal i s\u00f6der.<\/p>\n\n\n\n<p class=\"wp-block-paragraph\">Detta har jag fattat l\u00e4nge.<\/p>\n\n\n\n<p class=\"wp-block-paragraph\">Vad \u00e4r det d\u00e5 som kamraten p\u00e5 andra sidan vita bordet f\u00e5r mig att haja till inf\u00f6r, mitt i ost- och skinkpajen, strax innan Andreas Almgren ska bli trea i tv-apparaten d\u00e4r uppe?<\/p>\n\n\n\n<p class=\"wp-block-paragraph\">Jag \u00e5terkommer till det.<\/p>\n\n\n\n<p class=\"has-light-blue-background-color has-background wp-block-paragraph\">### Men i n\u00e4st sista stycket h\u00e4r ovanf\u00f6r finns det redan minst tv\u00e5 referenspunkter. Inte sant?<\/p>\n\n\n\n<p class=\"has-light-gray-background-color has-background wp-block-paragraph\"><a href=\"https:\/\/sven-ove.nu\/\">Hem<\/a>&nbsp;|&nbsp;<a href=\"https:\/\/sven-ove.nu\/?page_id=170\">Om mig<\/a>&nbsp;|&nbsp;<a href=\"https:\/\/sven-ove.nu\/?page_id=1385\">Skriva &amp; prata<\/a>&nbsp;|&nbsp;<a href=\"https:\/\/sven-ove.nu\/?page_id=100\">Politik<\/a>&nbsp;|&nbsp;<a href=\"https:\/\/sven-ove.nu\/?page_id=102\">L\u00f6pa<\/a>&nbsp;|&nbsp;<a href=\"https:\/\/sven-ove.nu\/?page_id=108\">Viktor Root<\/a>&nbsp;&nbsp;<br><em>Inl\u00e4gg nr 2 506, (c) Sven-Ove Svensson (men dela g\u00e4rna<\/em>).<\/p>\n","protected":false},"excerpt":{"rendered":"<p>Alla som f\u00f6rs\u00f6kt skriva kr\u00f6nikor ett tag uppt\u00e4cker det.Alla som st\u00e4llt sig p\u00e5 en scen och f\u00f6rs\u00f6kt vara roliga likas\u00e5.Det finns ett krav som du inte kommer undan. Vi sitter vid vita bordet h\u00e4r hemma n\u00e4r en av v\u00e4nnerna i bokcirkeln f\u00e5r mig att b\u00f6rja fatta. Bordet \u00e4r runt, bokcirkeln garvad och de kloka boktipsen &hellip; <a href=\"https:\/\/sven-ove.nu\/?p=28479\" class=\"more-link\">Forts\u00e4tt l\u00e4sa <span class=\"screen-reader-text\">Vad kr\u00e4vs f\u00f6r att folk ska skratta?<\/span><\/a><\/p>\n","protected":false},"author":1,"featured_media":0,"comment_status":"closed","ping_status":"open","sticky":false,"template":"","format":"standard","meta":{"_crdt_document":"","_monsterinsights_skip_tracking":false,"_monsterinsights_sitenote_active":false,"_monsterinsights_sitenote_note":"","_monsterinsights_sitenote_category":0,"footnotes":""},"categories":[28,9,4],"tags":[3,8,18,14,15,21],"class_list":["post-28479","post","type-post","status-publish","format-standard","hentry","category-kreativt-folk","category-politik","category-skrivande","tag-arbete","tag-historia","tag-lardomar","tag-lasning","tag-mediedjungeln","tag-ord"],"_links":{"self":[{"href":"https:\/\/sven-ove.nu\/index.php?rest_route=\/wp\/v2\/posts\/28479","targetHints":{"allow":["GET"]}}],"collection":[{"href":"https:\/\/sven-ove.nu\/index.php?rest_route=\/wp\/v2\/posts"}],"about":[{"href":"https:\/\/sven-ove.nu\/index.php?rest_route=\/wp\/v2\/types\/post"}],"author":[{"embeddable":true,"href":"https:\/\/sven-ove.nu\/index.php?rest_route=\/wp\/v2\/users\/1"}],"replies":[{"embeddable":true,"href":"https:\/\/sven-ove.nu\/index.php?rest_route=%2Fwp%2Fv2%2Fcomments&post=28479"}],"version-history":[{"count":9,"href":"https:\/\/sven-ove.nu\/index.php?rest_route=\/wp\/v2\/posts\/28479\/revisions"}],"predecessor-version":[{"id":28491,"href":"https:\/\/sven-ove.nu\/index.php?rest_route=\/wp\/v2\/posts\/28479\/revisions\/28491"}],"wp:attachment":[{"href":"https:\/\/sven-ove.nu\/index.php?rest_route=%2Fwp%2Fv2%2Fmedia&parent=28479"}],"wp:term":[{"taxonomy":"category","embeddable":true,"href":"https:\/\/sven-ove.nu\/index.php?rest_route=%2Fwp%2Fv2%2Fcategories&post=28479"},{"taxonomy":"post_tag","embeddable":true,"href":"https:\/\/sven-ove.nu\/index.php?rest_route=%2Fwp%2Fv2%2Ftags&post=28479"}],"curies":[{"name":"wp","href":"https:\/\/api.w.org\/{rel}","templated":true}]}}