{"id":28513,"date":"2025-09-22T04:16:00","date_gmt":"2025-09-22T03:16:00","guid":{"rendered":"https:\/\/sven-ove.nu\/?p=28513"},"modified":"2025-09-20T10:26:52","modified_gmt":"2025-09-20T09:26:52","slug":"var-minsta-gemensamma-prat-ram","status":"publish","type":"post","link":"https:\/\/sven-ove.nu\/?p=28513","title":{"rendered":"V\u00e5r minsta gemensamma prat-ram"},"content":{"rendered":"\n<figure class=\"wp-block-image size-large\"><a href=\"https:\/\/sven-ove.nu\/wp-content\/uploads\/2025\/09\/4BB4B7F6-98CF-40C0-AB97-F0916FF62FAD_1_201_a-scaled.jpeg\"><img loading=\"lazy\" decoding=\"async\" width=\"1024\" height=\"882\" src=\"https:\/\/sven-ove.nu\/wp-content\/uploads\/2025\/09\/4BB4B7F6-98CF-40C0-AB97-F0916FF62FAD_1_201_a-1024x882.jpeg\" alt=\"\" class=\"wp-image-28517\" srcset=\"https:\/\/sven-ove.nu\/wp-content\/uploads\/2025\/09\/4BB4B7F6-98CF-40C0-AB97-F0916FF62FAD_1_201_a-1024x882.jpeg 1024w, https:\/\/sven-ove.nu\/wp-content\/uploads\/2025\/09\/4BB4B7F6-98CF-40C0-AB97-F0916FF62FAD_1_201_a-300x258.jpeg 300w, https:\/\/sven-ove.nu\/wp-content\/uploads\/2025\/09\/4BB4B7F6-98CF-40C0-AB97-F0916FF62FAD_1_201_a-768x661.jpeg 768w, https:\/\/sven-ove.nu\/wp-content\/uploads\/2025\/09\/4BB4B7F6-98CF-40C0-AB97-F0916FF62FAD_1_201_a-1536x1323.jpeg 1536w, https:\/\/sven-ove.nu\/wp-content\/uploads\/2025\/09\/4BB4B7F6-98CF-40C0-AB97-F0916FF62FAD_1_201_a-2048x1764.jpeg 2048w\" sizes=\"auto, (max-width: 1024px) 100vw, 1024px\" \/><\/a><\/figure>\n\n\n\n<p class=\"has-text-align-right wp-block-paragraph\"><em>God Helg-tornet med skylten t\u00e4nd.<\/em><\/p>\n\n\n\n<blockquote class=\"wp-block-quote is-layout-flow wp-block-quote-is-layout-flow\">\n<p class=\"wp-block-paragraph\">En blogg ska sticka ut hakan ibland. Annars \u00e4r den bara en liten lort.<br>R\u00e5kade jag g\u00f6ra det h\u00e4romdagen?<br>G\u00f4tt.<\/p>\n<\/blockquote>\n\n\n\n<p class=\"wp-block-paragraph\">Detta \u00e4r tredje inl\u00e4gget om referensramen. Den som g\u00f6r att vi har l\u00e4ttare att prata med varandra och k\u00e4nna oss hemma. L\u00e4ttare att blogga med f\u00f6r den delen.<\/p>\n\n\n\n<p class=\"wp-block-paragraph\">Livet har l\u00e4rt mig att det \u00e4r fint om vi har en s\u00e5dan minsta gemensamma prat-ram. I mitt Forshaga blir samtalet enklare om man k\u00e4nner till Klar\u00e4lven, badplatsen vid Skivtj\u00e4rn, ishallen, nya badhuset i Deje, Sisug\u00e5rden, trollstigen i skogen borta vid hembygdsg\u00e5rden, R\u00f6da Korsets second hand-butik i f\u00f6re detta baptistkyrkan, \u00e5tervinningscentralen p\u00e5 v\u00e4gen till SIS-ungdomshemmet Klar\u00e4lvsg\u00e5rden, historien om bruken vid Kvarntorp, M\u00f6lnbacka, Deje och Forshaga samt vem Inge i Halla \u00e4r.<\/p>\n\n\n\n<p class=\"wp-block-paragraph\">Nisse Nilsson, Uffe Sterner, Stefan Holm, den asfalterade banvallen, namnet p\u00e5 n\u00e5gra folkvalda, Lars Anderssons b\u00f6cker om Hed\u00e5s, The Frukostmacka p\u00e5 kultur- och fikaoasen Gamla Kraftstationen i Deje och min granne Daniel Engstr\u00f6ms fantastiska insamling till ALS-forskningen h\u00f6r ocks\u00e5 till den d\u00e4r underl\u00e4ttande referensramen.<\/p>\n\n\n\n<p class=\"wp-block-paragraph\">Forshaga-Deje-bladet f\u00f6rst\u00e5s.<br>Toves i Deje som lagar motorgr\u00e4sklippare.<br>Herman Reijers skulpturer och m\u00e5lningar.<br>Dyvelstenen.<br>Sveriges h\u00f6gsta granbarkborregran.<\/p>\n\n\n\n<p class=\"wp-block-paragraph\"><strong>Den stolta historien om Fritidsbanken<\/strong><br>V\u00e4nta, vi tar med h\u00e5rdrockens f\u00f6rflutna i kommunen ocks\u00e5, gamla fiket Per i Hagen, Aino Trosells pj\u00e4s <em>Lusten finns &#8211; Gr\u00e5ten \u00e4r borta<\/em>, Staffan Fridh som vet allt om Dejes och idrottens historia, sammanslagningen med Ulleruds kommun 1974 och varf\u00f6r det heter God Helg-tornet. Epa-traktorerna, nya vajerv\u00e4gen mot Karlstad, seklingfisket p\u00e5 h\u00f6sten vid V\u00e4stbyn\u00e4set, Pia Sondells keramik och akvareller, Ann-Katrin Majbrittsdotters bok <em>Du m\u00e5ste ber\u00e4tta allt<\/em> och den stolta historien om hur Carina Haak kom p\u00e5 att bilda den f\u00f6rsta Fritidsbanken. Grundad i Deje, nu p\u00e5 mer \u00e4n 120 platser i landet.<\/p>\n\n\n\n<p class=\"wp-block-paragraph\">Forshaga Golv, flyttat till G\u00f6teborg 1909.<br>Veterin\u00e4ren i Deje p\u00e5 30-talet som\u2026 asch, d\u00e4 kvetter.<br>\u00d6rtenvi i M\u00f6lnbacka som var V\u00e4rmlands friidrottscenter.<br>Laxfisket i Forshagaforsen, tredje b\u00e4st i landet.<br>Myggorna p\u00e5 Pannkakan.<br>Sl\u00e4kten Lagerl\u00f6fs stamg\u00e5rd.<br>Gr\u00e4nsen norrut mot apokopen (googla!).<br>Tons\u00e4ttaren Sven-Eric Johanson.<br>Pr\u00e4sten Margaretha L\u00e4nnewall som fyllde kyrkan i \u00d6vre Ullerud n\u00e4r busslaster vallf\u00e4rdade fr\u00e5n halva Sverige.<br>L\u00e5ngl\u00f6partjejerna i Sisu Forshaga SK.<br>Youtubern Manfred Erlandsson.<br>De olika kollektiven p\u00e5 H\u00e4llekil.<br>Busslinje 600.<br>Petruskiosken.<\/p>\n\n\n\n<p class=\"wp-block-paragraph\"><strong>Kan inte kommenderas fram<\/strong><br>Ja, du fattar. S\u00e5 ser en del av v\u00e5r lokala referensram ut. D\u00e5 har jag inte pratat om hur vi breddar ramen n\u00e4r jag och mina grannar t\u00e4nker p\u00e5 riket och klotet.<\/p>\n\n\n\n<p class=\"wp-block-paragraph\">Den ramen g\u00e5r inte att kommendera fram uppifr\u00e5n av maktens kvinnor och m\u00e4n. Den g\u00e5r inte att skriva in i n\u00e5gon l\u00e4roplan. Inte hela. Mycket av den skapar vi tillsammans.<\/p>\n\n\n\n<p class=\"wp-block-paragraph\">Men bra att ha, det \u00e4r den.<\/p>\n\n\n\n<p class=\"wp-block-paragraph\">N\u00e4mnde jag Slottet? God Helg-tornet? N\u00e4mnde jag att det samtidigt \u00e4r s\u00e5 att en grupp inte blir riktigt stark f\u00f6rr\u00e4n den till\u00e5ter individerna inom gruppen att v\u00e5rda sina olikheter?<\/p>\n\n\n\n<p class=\"has-background wp-block-paragraph\" style=\"background-color:#f88a2a\"><strong>L\u00c4NKAR<\/strong> till de b\u00e5da tidigare inl\u00e4ggen om referensramen:<br>Del 1: <a href=\"https:\/\/sven-ove.nu\/?p=28479\">Vad kr\u00e4vs f\u00f6r att folk ska skratta?<\/a><br>Del 2: <a href=\"https:\/\/sven-ove.nu\/?p=28492\">Blir inte livet enklare d\u00e5?<\/a><\/p>\n\n\n\n<p class=\"has-background wp-block-paragraph\" style=\"background-color:#66f28c\"><em>### Om du tror att detta handlar om en kulturkanon s\u00e5 har du b\u00e5de r\u00e4tt och fel.<\/em><br><em>### Diskutera i sm\u00e5grupper vad jag kan mena med det.<\/em><br><em>### Kan till och med delar av den komma fr\u00e5n studief\u00f6rbunden, skolan (och media om de best\u00e4mmer sig f\u00f6r att bli folkbildare igen)?<\/em><br><em>### Jag vet inte. Jag vet fortfarande inte hela svaret sj\u00e4lv.<\/em><\/p>\n\n\n\n<p class=\"has-light-gray-background-color has-background wp-block-paragraph\"><a href=\"https:\/\/sven-ove.nu\/\">Hem<\/a>\u00a0|\u00a0<a href=\"https:\/\/sven-ove.nu\/?page_id=170\">Om mig<\/a>\u00a0|\u00a0<a href=\"https:\/\/sven-ove.nu\/?page_id=1385\">Skriva &amp; prata<\/a>\u00a0|\u00a0<a href=\"https:\/\/sven-ove.nu\/?page_id=100\">Politik<\/a>\u00a0|\u00a0<a href=\"https:\/\/sven-ove.nu\/?page_id=102\">L\u00f6pa<\/a>\u00a0|\u00a0<a href=\"https:\/\/sven-ove.nu\/?page_id=108\">Viktor Root<\/a>\u00a0\u00a0<br><em>Inl\u00e4gg nr 2 508, (c) Sven-Ove Svensson (men dela g\u00e4rna<\/em>).<\/p>\n","protected":false},"excerpt":{"rendered":"<p>God Helg-tornet med skylten t\u00e4nd. En blogg ska sticka ut hakan ibland. Annars \u00e4r den bara en liten lort.R\u00e5kade jag g\u00f6ra det h\u00e4romdagen?G\u00f4tt. Detta \u00e4r tredje inl\u00e4gget om referensramen. Den som g\u00f6r att vi har l\u00e4ttare att prata med varandra och k\u00e4nna oss hemma. L\u00e4ttare att blogga med f\u00f6r den delen. Livet har l\u00e4rt mig &hellip; <a href=\"https:\/\/sven-ove.nu\/?p=28513\" class=\"more-link\">Forts\u00e4tt l\u00e4sa <span class=\"screen-reader-text\">V\u00e5r minsta gemensamma prat-ram<\/span><\/a><\/p>\n","protected":false},"author":1,"featured_media":0,"comment_status":"closed","ping_status":"open","sticky":false,"template":"","format":"standard","meta":{"_crdt_document":"","_monsterinsights_skip_tracking":false,"_monsterinsights_sitenote_active":false,"_monsterinsights_sitenote_note":"","_monsterinsights_sitenote_category":0,"footnotes":""},"categories":[28],"tags":[],"class_list":["post-28513","post","type-post","status-publish","format-standard","hentry","category-kreativt-folk"],"_links":{"self":[{"href":"https:\/\/sven-ove.nu\/index.php?rest_route=\/wp\/v2\/posts\/28513","targetHints":{"allow":["GET"]}}],"collection":[{"href":"https:\/\/sven-ove.nu\/index.php?rest_route=\/wp\/v2\/posts"}],"about":[{"href":"https:\/\/sven-ove.nu\/index.php?rest_route=\/wp\/v2\/types\/post"}],"author":[{"embeddable":true,"href":"https:\/\/sven-ove.nu\/index.php?rest_route=\/wp\/v2\/users\/1"}],"replies":[{"embeddable":true,"href":"https:\/\/sven-ove.nu\/index.php?rest_route=%2Fwp%2Fv2%2Fcomments&post=28513"}],"version-history":[{"count":4,"href":"https:\/\/sven-ove.nu\/index.php?rest_route=\/wp\/v2\/posts\/28513\/revisions"}],"predecessor-version":[{"id":28519,"href":"https:\/\/sven-ove.nu\/index.php?rest_route=\/wp\/v2\/posts\/28513\/revisions\/28519"}],"wp:attachment":[{"href":"https:\/\/sven-ove.nu\/index.php?rest_route=%2Fwp%2Fv2%2Fmedia&parent=28513"}],"wp:term":[{"taxonomy":"category","embeddable":true,"href":"https:\/\/sven-ove.nu\/index.php?rest_route=%2Fwp%2Fv2%2Fcategories&post=28513"},{"taxonomy":"post_tag","embeddable":true,"href":"https:\/\/sven-ove.nu\/index.php?rest_route=%2Fwp%2Fv2%2Ftags&post=28513"}],"curies":[{"name":"wp","href":"https:\/\/api.w.org\/{rel}","templated":true}]}}