{"id":28567,"date":"2025-10-11T04:44:00","date_gmt":"2025-10-11T03:44:00","guid":{"rendered":"https:\/\/sven-ove.nu\/?p=28567"},"modified":"2025-10-10T11:55:48","modified_gmt":"2025-10-10T10:55:48","slug":"att-morda-det-fria-ordet","status":"publish","type":"post","link":"https:\/\/sven-ove.nu\/?p=28567","title":{"rendered":"Att m\u00f6rda det fria ordet"},"content":{"rendered":"\n<figure class=\"wp-block-image size-large\"><a href=\"https:\/\/sven-ove.nu\/wp-content\/uploads\/2025\/10\/Skarmavbild-2025-10-10-kl.-12.36.06.jpeg\"><img loading=\"lazy\" decoding=\"async\" width=\"1024\" height=\"828\" src=\"https:\/\/sven-ove.nu\/wp-content\/uploads\/2025\/10\/Skarmavbild-2025-10-10-kl.-12.36.06-1024x828.jpeg\" alt=\"\" class=\"wp-image-28568\" srcset=\"https:\/\/sven-ove.nu\/wp-content\/uploads\/2025\/10\/Skarmavbild-2025-10-10-kl.-12.36.06-1024x828.jpeg 1024w, https:\/\/sven-ove.nu\/wp-content\/uploads\/2025\/10\/Skarmavbild-2025-10-10-kl.-12.36.06-300x243.jpeg 300w, https:\/\/sven-ove.nu\/wp-content\/uploads\/2025\/10\/Skarmavbild-2025-10-10-kl.-12.36.06-768x621.jpeg 768w, https:\/\/sven-ove.nu\/wp-content\/uploads\/2025\/10\/Skarmavbild-2025-10-10-kl.-12.36.06.jpeg 1219w\" sizes=\"auto, (max-width: 1024px) 100vw, 1024px\" \/><\/a><\/figure>\n\n\n\n<p class=\"has-text-align-right wp-block-paragraph\"><em>Journalister b\u00e4r sin m\u00f6rdade kollega vid begravningen.<\/em><\/p>\n\n\n\n<blockquote class=\"wp-block-quote is-layout-flow wp-block-quote-is-layout-flow\">\n<p class=\"wp-block-paragraph\">Ja, det var en f\u00f6rf\u00e4rlig attack Hamas gjorde den 7 oktober 2023.<br>Ja, Israels tv\u00e5 \u00e5r l\u00e5nga svar i form av massmord och \u201dGrusa Gaza\u201d \u00e4r ofattbart oproportionerligt och m\u00e5ste ocks\u00e5 f\u00f6rd\u00f6mas.<\/p>\n<\/blockquote>\n\n\n\n<p class=\"wp-block-paragraph\">Tyv\u00e4rr slutar inte det israeliska m\u00f6rdandet d\u00e4r. Som om inte 67 000 d\u00f6da vore svar nog. De siktar p\u00e5 det fria ordet ocks\u00e5, p\u00e5 de oberoende rapport\u00f6rerna. S\u00e5 h\u00e4r skriver en karl som sj\u00e4lv vet en del om m\u00e4ktiga men rubrikr\u00e4dda herrar, <strong>Joakim Medin<\/strong>:<\/p>\n\n\n\n<p class=\"wp-block-paragraph\"><em>\u201dI mitten av september konstaterade FN att Gazakriget \u00e4r den d\u00f6dligaste konflikten n\u00e5gonsin f\u00f6r journalister. Israel har under tv\u00e5 \u00e5r d\u00f6dat fler journalister \u00e4n det antal som omkom i de b\u00e5da v\u00e4rldskrigen, i Vietnamkriget, i Jugoslavienkrigen och i Afghanistankriget &#8211; sammanlagt.\u201d<\/em><br><br>D\u00e4r \u00e4r det slut p\u00e5 citatet. L\u00e4s och f\u00f6rf\u00e4ras.<br><strong>L\u00e4nk<\/strong>: <a href=\"https:\/\/www.aftonbladet.se\/nyheter\/a\/dRyeKO\/fn-siffror-over-250-journalister-dodade-i-gaza\">FN-siffror: \u00d6ver 250 journalister d\u00f6dade i Gaza<\/a><\/p>\n\n\n\n<p class=\"wp-block-paragraph\">Livet som kunde vara s\u00e5 enkelt.<a href=\"https:\/\/www.aftonbladet.se\/nyheter\/a\/dRyeKO\/fn-siffror-over-250-journalister-dodade-i-gaza\"><\/a><br>V\u00e4rlden som kunde vara s\u00e5 vacker.<\/p>\n\n\n\n<p class=\"has-light-gray-background-color has-background wp-block-paragraph\"><a href=\"https:\/\/sven-ove.nu\/\">Hem<\/a>&nbsp;|&nbsp;<a href=\"https:\/\/sven-ove.nu\/?page_id=170\">Om mig<\/a>&nbsp;|&nbsp;<a href=\"https:\/\/sven-ove.nu\/?page_id=1385\">Skriva &amp; prata<\/a>&nbsp;|&nbsp;<a href=\"https:\/\/sven-ove.nu\/?page_id=100\">Politik<\/a>&nbsp;|&nbsp;<a href=\"https:\/\/sven-ove.nu\/?page_id=102\">L\u00f6pa<\/a>&nbsp;|&nbsp;<a href=\"https:\/\/sven-ove.nu\/?page_id=108\">Viktor Root<\/a>&nbsp;&nbsp;<br><em>Inl\u00e4gg nr 2 514, (c) Sven-Ove Svensson (men dela g\u00e4rna<\/em>).<\/p>\n","protected":false},"excerpt":{"rendered":"<p>Journalister b\u00e4r sin m\u00f6rdade kollega vid begravningen. Ja, det var en f\u00f6rf\u00e4rlig attack Hamas gjorde den 7 oktober 2023.Ja, Israels tv\u00e5 \u00e5r l\u00e5nga svar i form av massmord och \u201dGrusa Gaza\u201d \u00e4r ofattbart oproportionerligt och m\u00e5ste ocks\u00e5 f\u00f6rd\u00f6mas. Tyv\u00e4rr slutar inte det israeliska m\u00f6rdandet d\u00e4r. Som om inte 67 000 d\u00f6da vore svar nog. De &hellip; <a href=\"https:\/\/sven-ove.nu\/?p=28567\" class=\"more-link\">Forts\u00e4tt l\u00e4sa <span class=\"screen-reader-text\">Att m\u00f6rda det fria ordet<\/span><\/a><\/p>\n","protected":false},"author":1,"featured_media":0,"comment_status":"closed","ping_status":"open","sticky":false,"template":"","format":"standard","meta":{"_crdt_document":"","_monsterinsights_skip_tracking":false,"_monsterinsights_sitenote_active":false,"_monsterinsights_sitenote_note":"","_monsterinsights_sitenote_category":0,"footnotes":""},"categories":[9],"tags":[8,18,21,17],"class_list":["post-28567","post","type-post","status-publish","format-standard","hentry","category-politik","tag-historia","tag-lardomar","tag-ord","tag-solidaritet"],"_links":{"self":[{"href":"https:\/\/sven-ove.nu\/index.php?rest_route=\/wp\/v2\/posts\/28567","targetHints":{"allow":["GET"]}}],"collection":[{"href":"https:\/\/sven-ove.nu\/index.php?rest_route=\/wp\/v2\/posts"}],"about":[{"href":"https:\/\/sven-ove.nu\/index.php?rest_route=\/wp\/v2\/types\/post"}],"author":[{"embeddable":true,"href":"https:\/\/sven-ove.nu\/index.php?rest_route=\/wp\/v2\/users\/1"}],"replies":[{"embeddable":true,"href":"https:\/\/sven-ove.nu\/index.php?rest_route=%2Fwp%2Fv2%2Fcomments&post=28567"}],"version-history":[{"count":10,"href":"https:\/\/sven-ove.nu\/index.php?rest_route=\/wp\/v2\/posts\/28567\/revisions"}],"predecessor-version":[{"id":28579,"href":"https:\/\/sven-ove.nu\/index.php?rest_route=\/wp\/v2\/posts\/28567\/revisions\/28579"}],"wp:attachment":[{"href":"https:\/\/sven-ove.nu\/index.php?rest_route=%2Fwp%2Fv2%2Fmedia&parent=28567"}],"wp:term":[{"taxonomy":"category","embeddable":true,"href":"https:\/\/sven-ove.nu\/index.php?rest_route=%2Fwp%2Fv2%2Fcategories&post=28567"},{"taxonomy":"post_tag","embeddable":true,"href":"https:\/\/sven-ove.nu\/index.php?rest_route=%2Fwp%2Fv2%2Ftags&post=28567"}],"curies":[{"name":"wp","href":"https:\/\/api.w.org\/{rel}","templated":true}]}}