{"id":28580,"date":"2025-10-14T04:04:00","date_gmt":"2025-10-14T03:04:00","guid":{"rendered":"https:\/\/sven-ove.nu\/?p=28580"},"modified":"2025-10-13T19:10:56","modified_gmt":"2025-10-13T18:10:56","slug":"en-arbetarhjaltes-vandring","status":"publish","type":"post","link":"https:\/\/sven-ove.nu\/?p=28580","title":{"rendered":"En arbetarhj\u00e4ltes vandring"},"content":{"rendered":"\n<blockquote class=\"wp-block-quote is-layout-flow wp-block-quote-is-layout-flow\">\n<p class=\"wp-block-paragraph\">N\u00e4r det var min tur att leda vandringen med Gryningspatrullen f\u00f6rsta g\u00e5ngen fick det bli \u00f6detorpens tur.<br>Jag kommer att t\u00e4nka p\u00e5 den morgonen n\u00e4r jag l\u00e4ser om hur Alrik Andersson f\u00e5tt ett promenadstr\u00e5k uppkallat efter sig i Horndal.<\/p>\n<\/blockquote>\n\n\n\n<p class=\"wp-block-paragraph\">Vid varje torpruin vi kom till l\u00e4ste jag upp namnen p\u00e5 folk som hade bott d\u00e4r. Jag ville att de skulle f\u00e5 h\u00f6ras \u00e4n en g\u00e5ng, d\u00e4r granskogen nu susade. Samtidigt fr\u00e5gade jag:<br>&#8211; Vad beror det p\u00e5 att s\u00e4rskilt m\u00e5nga fr\u00e5n Forshaga emigrerade till Amerika just \u00e5r 1910?<\/p>\n\n\n\n<p class=\"wp-block-paragraph\">Svaret i b\u00e5de forshagaarbetarnas och Alrik Anderssons fall var det samma, tror jag. Storstrejken 1909.<\/p>\n\n\n\n<p class=\"wp-block-paragraph\">Alrik, som var metallarbetare, hade varit fackf\u00f6reningsledare. Efter strejken blev han precis som m\u00e5nga andra svartlistad och kunde inte f\u00e5 jobb n\u00e5gonstans i Sverige. Vid 27 \u00e5rs \u00e5lder fick han lov att l\u00e4mna sitt land. Kamraterna i Metall samlade ihop pengar s\u00e5 han, hustrun Anna och s\u00f6nerna Helge och Erik, kunde k\u00f6pa sina Amerikabiljetter.<\/p>\n\n\n\n<p class=\"wp-block-paragraph\"><strong>B\u00e5de h\u00e5rdrocksalbum och roman<\/strong><br>N\u00e4r Henrik Levahn i metalbandet Horndal fick h\u00f6ra talas om Alriks historia s\u00e5g han till att gruppen gjorde ett helt album om honom. Head Hammer Man. Efter tv\u00e5 \u00e5rs forskning om den forne fackf\u00f6reningsk\u00e4mpen p\u00e5 Horndals bruk skrev han en roman ocks\u00e5, med samma namn.<\/p>\n\n\n\n<p class=\"wp-block-paragraph\">Till sist skickade Henrik f\u00f6rslag till kommunen om att Alrik borde f\u00e5 ge namn \u00e5t en gata. Nu st\u00e5r den d\u00e4r, skylten:<br><br>Alrik Anderssons promenad.<\/p>\n\n\n\n<p class=\"has-light-blue-background-color has-background wp-block-paragraph\"><em>### Det gick bra f\u00f6r Alrik i Amerika.<\/em><br><em>### Han blev valsverksm\u00e4stare i Chicago.<\/em><br><em>### Head Hammer Man betyder det.<\/em><\/p>\n\n\n\n<p class=\"has-light-blue-background-color has-background wp-block-paragraph\"><strong>L\u00e4nkar:<\/strong><br><a href=\"https:\/\/www.bokus.com\/bok\/9789198917604\/head-hammer-man\/?utm_source=google&amp;utm_medium=cpc&amp;utm_campaign=Shopping%20%7C%20Svenska%20%7C%20Allt%20annat%20%7C%2017%20oct&amp;gad_source=1&amp;gad_campaignid=20673364949&amp;gclid=CjwKCAjwxrLHBhA2EiwAu9EdMxUIsrOsO9ThUS8-yuwiMLHkVvJzQ4f95ICZWeC5CLgLa_R9SFiyhxoCuGoQAvD_BwE\">Boken Head Hammer Man p\u00e5 Bokus<\/a><br><a href=\"https:\/\/open.spotify.com\/track\/45ah2I726es3jmojxQfCuM?si=XDPk6wiPTLiFEvMh2auIYw\">Albumet Head Hammer Man p\u00e5 Spotify<\/a><\/p>\n\n\n\n<figure class=\"wp-block-image size-large\"><a href=\"https:\/\/sven-ove.nu\/wp-content\/uploads\/2025\/10\/IMG_4281.jpeg\"><img loading=\"lazy\" decoding=\"async\" width=\"689\" height=\"1024\" src=\"https:\/\/sven-ove.nu\/wp-content\/uploads\/2025\/10\/IMG_4281-689x1024.jpeg\" alt=\"\" class=\"wp-image-28581\" srcset=\"https:\/\/sven-ove.nu\/wp-content\/uploads\/2025\/10\/IMG_4281-689x1024.jpeg 689w, https:\/\/sven-ove.nu\/wp-content\/uploads\/2025\/10\/IMG_4281-202x300.jpeg 202w, https:\/\/sven-ove.nu\/wp-content\/uploads\/2025\/10\/IMG_4281-768x1142.jpeg 768w, https:\/\/sven-ove.nu\/wp-content\/uploads\/2025\/10\/IMG_4281.jpeg 861w\" sizes=\"auto, (max-width: 689px) 100vw, 689px\" \/><\/a><\/figure>\n\n\n\n<p class=\"has-light-gray-background-color has-background wp-block-paragraph\"><a href=\"https:\/\/sven-ove.nu\/\">Hem<\/a>&nbsp;|&nbsp;<a href=\"https:\/\/sven-ove.nu\/?page_id=170\">Om mig<\/a>&nbsp;|&nbsp;<a href=\"https:\/\/sven-ove.nu\/?page_id=1385\">Skriva &amp; prata<\/a>&nbsp;|&nbsp;<a href=\"https:\/\/sven-ove.nu\/?page_id=100\">Politik<\/a>&nbsp;|&nbsp;<a href=\"https:\/\/sven-ove.nu\/?page_id=102\">L\u00f6pa<\/a>&nbsp;|&nbsp;<a href=\"https:\/\/sven-ove.nu\/?page_id=108\">Viktor Root<\/a>&nbsp;&nbsp;<br><em>Inl\u00e4gg nr 2 515, (c) Sven-Ove Svensson (men dela g\u00e4rna<\/em>).<\/p>\n","protected":false},"excerpt":{"rendered":"<p>N\u00e4r det var min tur att leda vandringen med Gryningspatrullen f\u00f6rsta g\u00e5ngen fick det bli \u00f6detorpens tur.Jag kommer att t\u00e4nka p\u00e5 den morgonen n\u00e4r jag l\u00e4ser om hur Alrik Andersson f\u00e5tt ett promenadstr\u00e5k uppkallat efter sig i Horndal. Vid varje torpruin vi kom till l\u00e4ste jag upp namnen p\u00e5 folk som hade bott d\u00e4r. Jag &hellip; <a href=\"https:\/\/sven-ove.nu\/?p=28580\" class=\"more-link\">Forts\u00e4tt l\u00e4sa <span class=\"screen-reader-text\">En arbetarhj\u00e4ltes vandring<\/span><\/a><\/p>\n","protected":false},"author":1,"featured_media":0,"comment_status":"closed","ping_status":"open","sticky":false,"template":"","format":"standard","meta":{"_crdt_document":"","_monsterinsights_skip_tracking":false,"_monsterinsights_sitenote_active":false,"_monsterinsights_sitenote_note":"","_monsterinsights_sitenote_category":0,"footnotes":""},"categories":[9,4],"tags":[3,8,18,17],"class_list":["post-28580","post","type-post","status-publish","format-standard","hentry","category-politik","category-skrivande","tag-arbete","tag-historia","tag-lardomar","tag-solidaritet"],"_links":{"self":[{"href":"https:\/\/sven-ove.nu\/index.php?rest_route=\/wp\/v2\/posts\/28580","targetHints":{"allow":["GET"]}}],"collection":[{"href":"https:\/\/sven-ove.nu\/index.php?rest_route=\/wp\/v2\/posts"}],"about":[{"href":"https:\/\/sven-ove.nu\/index.php?rest_route=\/wp\/v2\/types\/post"}],"author":[{"embeddable":true,"href":"https:\/\/sven-ove.nu\/index.php?rest_route=\/wp\/v2\/users\/1"}],"replies":[{"embeddable":true,"href":"https:\/\/sven-ove.nu\/index.php?rest_route=%2Fwp%2Fv2%2Fcomments&post=28580"}],"version-history":[{"count":6,"href":"https:\/\/sven-ove.nu\/index.php?rest_route=\/wp\/v2\/posts\/28580\/revisions"}],"predecessor-version":[{"id":28587,"href":"https:\/\/sven-ove.nu\/index.php?rest_route=\/wp\/v2\/posts\/28580\/revisions\/28587"}],"wp:attachment":[{"href":"https:\/\/sven-ove.nu\/index.php?rest_route=%2Fwp%2Fv2%2Fmedia&parent=28580"}],"wp:term":[{"taxonomy":"category","embeddable":true,"href":"https:\/\/sven-ove.nu\/index.php?rest_route=%2Fwp%2Fv2%2Fcategories&post=28580"},{"taxonomy":"post_tag","embeddable":true,"href":"https:\/\/sven-ove.nu\/index.php?rest_route=%2Fwp%2Fv2%2Ftags&post=28580"}],"curies":[{"name":"wp","href":"https:\/\/api.w.org\/{rel}","templated":true}]}}