{"id":28589,"date":"2025-10-17T04:46:00","date_gmt":"2025-10-17T03:46:00","guid":{"rendered":"https:\/\/sven-ove.nu\/?p=28589"},"modified":"2025-10-16T15:56:40","modified_gmt":"2025-10-16T14:56:40","slug":"fattar-dom-inte-hon-har-ju-redan-svarat-pa-den-fragan","status":"publish","type":"post","link":"https:\/\/sven-ove.nu\/?p=28589","title":{"rendered":"&#8221;Fattar dom inte? Hon har ju redan svarat p\u00e5 den fr\u00e5gan&#8221;"},"content":{"rendered":"\n<figure class=\"wp-block-image size-large\"><a href=\"https:\/\/sven-ove.nu\/wp-content\/uploads\/2019\/01\/Bildbyline-SmF.jpg\"><img loading=\"lazy\" decoding=\"async\" width=\"1024\" height=\"694\" src=\"https:\/\/sven-ove.nu\/wp-content\/uploads\/2019\/01\/Bildbyline-SmF-1024x694.jpg\" alt=\"\" class=\"wp-image-20500\" srcset=\"https:\/\/sven-ove.nu\/wp-content\/uploads\/2019\/01\/Bildbyline-SmF-1024x694.jpg 1024w, https:\/\/sven-ove.nu\/wp-content\/uploads\/2019\/01\/Bildbyline-SmF-300x203.jpg 300w, https:\/\/sven-ove.nu\/wp-content\/uploads\/2019\/01\/Bildbyline-SmF-768x521.jpg 768w, https:\/\/sven-ove.nu\/wp-content\/uploads\/2019\/01\/Bildbyline-SmF.jpg 1280w\" sizes=\"auto, (max-width: 1024px) 100vw, 1024px\" \/><\/a><\/figure>\n\n\n\n<p class=\"has-text-align-right wp-block-paragraph\"><em>Bildvinjett i bly fr\u00e5n Sm\u00e5lands Folkblad 1975.<\/em><\/p>\n\n\n\n<blockquote class=\"wp-block-quote is-layout-flow wp-block-quote-is-layout-flow\">\n<p class=\"wp-block-paragraph\">Jag har aldrig tr\u00e4ffat en tr\u00f6gfattad journalist.&nbsp;<br>Presstr\u00e4ffarna ljuger.<\/p>\n<\/blockquote>\n\n\n\n<p class=\"wp-block-paragraph\">Kanske var det under pandemin n\u00e4r Anders Tegnells presskonferenser b\u00f6rjade direkts\u00e4ndas till svenska folket som allt b\u00f6rjade g\u00e5 p\u00e5 tok. Folk fick helt fel bild. <\/p>\n\n\n\n<p class=\"wp-block-paragraph\">Inte av Tegnell men av de st\u00e4ndigt upprepade fr\u00e5gorna. Samma fr\u00e5ga, samma svar, samma fr\u00e5ga, samma svar. \u201dFattar inte murvlarna vad karln s\u00e4ger?\u201d<\/p>\n\n\n\n<p class=\"wp-block-paragraph\">N\u00e4r regeringens presstr\u00e4ffar blev fler och fler f\u00f6rst\u00e4rktes bilden. Samma fr\u00e5ga, samma svar. G\u00e5ng p\u00e5 g\u00e5ng.<\/p>\n\n\n\n<p class=\"wp-block-paragraph\">Det \u00e4r bara det att den bilden luras.<\/p>\n\n\n\n<p class=\"wp-block-paragraph\"><strong>F\u00f6rvirrande f\u00f6r den som int\u2019 begrip\u2019<\/strong><br>S\u00e5 h\u00e4r \u00e4r det: SVT, TV4, SR, Aftonbladets tv, Expressens tv och alla m\u00f6jliga andra kanaler &#8211; var och en vill ha just sin reporters fr\u00e5ga p\u00e5 band till sin s\u00e4ndning. Sin fr\u00e5ga med intervjupersonens svar.<\/p>\n\n\n\n<p class=\"wp-block-paragraph\">D\u00e5 blir det f\u00f6rvirrande f\u00f6r tv-tittaren. \u201dFattar dom inte vad Tegnell just sa?\u201d. \u201dH\u00f6rde dom inte vad Hatt precis svarade? F\u00f6r andra g\u00e5ngen\u2026\u201d.<\/p>\n\n\n\n<p class=\"wp-block-paragraph\">Som Vi-tidningens fd chefredakt\u00f6r Sofia Wadensj\u00f6 Kar\u00e9n skrev i en facebookkommentar h\u00e4rom dagen, n\u00e4r fr\u00e5gan diskuterades: \u201dI sj\u00e4lva nyhetsinslaget sen klipper man f\u00f6rst\u00e5s inte in b\u00e5da svaren.\u201d<\/p>\n\n\n\n<p class=\"wp-block-paragraph\">S\u00e5 g\u00e5r det till. Det \u00e4r d\u00e4rf\u00f6r s\u00e5 mycket upprepas s\u00e5 ofta. <\/p>\n\n\n\n<p class=\"has-background wp-block-paragraph\" style=\"background-color:#f6dff9\"><em>### Arga journalister har jag tr\u00e4ffat. Finurliga, fundersamma, forskande, fortpratande, fridsamma, feministiska, frisinnade, fantastiska, f\u00f6rtr\u00e4ffliga, felparkerande, sj\u00e4lvf\u00f6rh\u00e4rligande och n\u00e5gon enstaka f\u00f6rf\u00e4rlig.<\/em><br><em>### Men inte en enda tr\u00f6gfattad.<\/em><\/p>\n\n\n\n<p class=\"has-light-gray-background-color has-background wp-block-paragraph\"><a href=\"https:\/\/sven-ove.nu\/\">Hem<\/a>&nbsp;|&nbsp;<a href=\"https:\/\/sven-ove.nu\/?page_id=170\">Om mig<\/a>&nbsp;|&nbsp;<a href=\"https:\/\/sven-ove.nu\/?page_id=1385\">Skriva &amp; prata<\/a>&nbsp;|&nbsp;<a href=\"https:\/\/sven-ove.nu\/?page_id=100\">Politik<\/a>&nbsp;|&nbsp;<a href=\"https:\/\/sven-ove.nu\/?page_id=102\">L\u00f6pa<\/a>&nbsp;|&nbsp;<a href=\"https:\/\/sven-ove.nu\/?page_id=108\">Viktor Root<\/a>&nbsp;&nbsp;<br><em>Inl\u00e4gg nr 2 516, (c) Sven-Ove Svensson (men dela g\u00e4rna<\/em>).<\/p>\n","protected":false},"excerpt":{"rendered":"<p>Bildvinjett i bly fr\u00e5n Sm\u00e5lands Folkblad 1975. Jag har aldrig tr\u00e4ffat en tr\u00f6gfattad journalist.&nbsp;Presstr\u00e4ffarna ljuger. Kanske var det under pandemin n\u00e4r Anders Tegnells presskonferenser b\u00f6rjade direkts\u00e4ndas till svenska folket som allt b\u00f6rjade g\u00e5 p\u00e5 tok. Folk fick helt fel bild. Inte av Tegnell men av de st\u00e4ndigt upprepade fr\u00e5gorna. Samma fr\u00e5ga, samma svar, samma fr\u00e5ga, &hellip; <a href=\"https:\/\/sven-ove.nu\/?p=28589\" class=\"more-link\">Forts\u00e4tt l\u00e4sa <span class=\"screen-reader-text\">&#8221;Fattar dom inte? Hon har ju redan svarat p\u00e5 den fr\u00e5gan&#8221;<\/span><\/a><\/p>\n","protected":false},"author":1,"featured_media":0,"comment_status":"closed","ping_status":"open","sticky":false,"template":"","format":"standard","meta":{"_crdt_document":"","_monsterinsights_skip_tracking":false,"_monsterinsights_sitenote_active":false,"_monsterinsights_sitenote_note":"","_monsterinsights_sitenote_category":0,"footnotes":""},"categories":[28,4],"tags":[3,18,15,21],"class_list":["post-28589","post","type-post","status-publish","format-standard","hentry","category-kreativt-folk","category-skrivande","tag-arbete","tag-lardomar","tag-mediedjungeln","tag-ord"],"_links":{"self":[{"href":"https:\/\/sven-ove.nu\/index.php?rest_route=\/wp\/v2\/posts\/28589","targetHints":{"allow":["GET"]}}],"collection":[{"href":"https:\/\/sven-ove.nu\/index.php?rest_route=\/wp\/v2\/posts"}],"about":[{"href":"https:\/\/sven-ove.nu\/index.php?rest_route=\/wp\/v2\/types\/post"}],"author":[{"embeddable":true,"href":"https:\/\/sven-ove.nu\/index.php?rest_route=\/wp\/v2\/users\/1"}],"replies":[{"embeddable":true,"href":"https:\/\/sven-ove.nu\/index.php?rest_route=%2Fwp%2Fv2%2Fcomments&post=28589"}],"version-history":[{"count":3,"href":"https:\/\/sven-ove.nu\/index.php?rest_route=\/wp\/v2\/posts\/28589\/revisions"}],"predecessor-version":[{"id":28592,"href":"https:\/\/sven-ove.nu\/index.php?rest_route=\/wp\/v2\/posts\/28589\/revisions\/28592"}],"wp:attachment":[{"href":"https:\/\/sven-ove.nu\/index.php?rest_route=%2Fwp%2Fv2%2Fmedia&parent=28589"}],"wp:term":[{"taxonomy":"category","embeddable":true,"href":"https:\/\/sven-ove.nu\/index.php?rest_route=%2Fwp%2Fv2%2Fcategories&post=28589"},{"taxonomy":"post_tag","embeddable":true,"href":"https:\/\/sven-ove.nu\/index.php?rest_route=%2Fwp%2Fv2%2Ftags&post=28589"}],"curies":[{"name":"wp","href":"https:\/\/api.w.org\/{rel}","templated":true}]}}