{"id":28593,"date":"2025-10-24T04:47:00","date_gmt":"2025-10-24T03:47:00","guid":{"rendered":"https:\/\/sven-ove.nu\/?p=28593"},"modified":"2025-10-23T11:04:33","modified_gmt":"2025-10-23T10:04:33","slug":"mormor-och-stranna","status":"publish","type":"post","link":"https:\/\/sven-ove.nu\/?p=28593","title":{"rendered":"Mormor och Stranna"},"content":{"rendered":"\n<p class=\"wp-block-paragraph\">Mormors finska sl\u00e4ktnamn fr\u00e5n finnskogarna kring Tyngsj\u00f6 var K\u00e4\u00e4ri\u00e4inen.<\/p>\n\n\n\n<p class=\"wp-block-paragraph\">Har jag en sl\u00e4kting som odlade upp K\u00e4rrbackstrand i norra V\u00e4rmland? Kommer ortnamnet d\u00e4r fr\u00e5n honom?<\/p>\n\n\n\n<p class=\"wp-block-paragraph\">M\u00e5ste unders\u00f6ka saken.<\/p>\n\n\n\n<p class=\"has-background wp-block-paragraph\" style=\"background-color:#d8fbb8\">### Jag ska bara fika, springa Haget-rundan, mejla mitt f\u00f6rlag, l\u00e4sa boken om NKlJ, k\u00e5sera i Deje, krama barnbarn, pussa den k\u00e4ra v\u00e4nnen, g\u00e5 p\u00e5 bokcirkelm\u00f6te och styrelsem\u00f6te, skotta garageuppfarten, skriva ett pressmeddelande och se p\u00e5 Kalle Ankas jul f\u00f6rst.<br>### Samt deklarera.<\/p>\n\n\n\n<p class=\"has-background wp-block-paragraph\" style=\"background-color:#97f851\"><strong>Fakta<\/strong>: <a href=\"https:\/\/www.finnsam.org\/skogsfinnarna.html\">skogsfinnarna<\/a>.<\/p>\n\n\n\n<figure class=\"wp-block-image size-large\"><a href=\"https:\/\/sven-ove.nu\/wp-content\/uploads\/2025\/10\/Finnskogar-2.jpeg\"><img loading=\"lazy\" decoding=\"async\" width=\"1024\" height=\"608\" src=\"https:\/\/sven-ove.nu\/wp-content\/uploads\/2025\/10\/Finnskogar-2-1024x608.jpeg\" alt=\"\" class=\"wp-image-28603\" srcset=\"https:\/\/sven-ove.nu\/wp-content\/uploads\/2025\/10\/Finnskogar-2-1024x608.jpeg 1024w, https:\/\/sven-ove.nu\/wp-content\/uploads\/2025\/10\/Finnskogar-2-300x178.jpeg 300w, https:\/\/sven-ove.nu\/wp-content\/uploads\/2025\/10\/Finnskogar-2-768x456.jpeg 768w, https:\/\/sven-ove.nu\/wp-content\/uploads\/2025\/10\/Finnskogar-2-1536x912.jpeg 1536w, https:\/\/sven-ove.nu\/wp-content\/uploads\/2025\/10\/Finnskogar-2.jpeg 1968w\" sizes=\"auto, (max-width: 1024px) 100vw, 1024px\" \/><\/a><\/figure>\n\n\n\n<p class=\"has-light-gray-background-color has-background wp-block-paragraph\"><a href=\"https:\/\/sven-ove.nu\/\">Hem<\/a>&nbsp;|&nbsp;<a href=\"https:\/\/sven-ove.nu\/?page_id=170\">Om mig<\/a>&nbsp;|&nbsp;<a href=\"https:\/\/sven-ove.nu\/?page_id=1385\">Skriva &amp; prata<\/a>&nbsp;|&nbsp;<a href=\"https:\/\/sven-ove.nu\/?page_id=100\">Politik<\/a>&nbsp;|&nbsp;<a href=\"https:\/\/sven-ove.nu\/?page_id=102\">L\u00f6pa<\/a>&nbsp;|&nbsp;<a href=\"https:\/\/sven-ove.nu\/?page_id=108\">Viktor Root<\/a>&nbsp;&nbsp;<br><em>Inl\u00e4gg nr 2 517, (c) Sven-Ove Svensson (men dela g\u00e4rna<\/em>).<\/p>\n","protected":false},"excerpt":{"rendered":"<p>Mormors finska sl\u00e4ktnamn fr\u00e5n finnskogarna kring Tyngsj\u00f6 var K\u00e4\u00e4ri\u00e4inen. Har jag en sl\u00e4kting som odlade upp K\u00e4rrbackstrand i norra V\u00e4rmland? Kommer ortnamnet d\u00e4r fr\u00e5n honom? M\u00e5ste unders\u00f6ka saken. ### Jag ska bara fika, springa Haget-rundan, mejla mitt f\u00f6rlag, l\u00e4sa boken om NKlJ, k\u00e5sera i Deje, krama barnbarn, pussa den k\u00e4ra v\u00e4nnen, g\u00e5 p\u00e5 bokcirkelm\u00f6te och &hellip; <a href=\"https:\/\/sven-ove.nu\/?p=28593\" class=\"more-link\">Forts\u00e4tt l\u00e4sa <span class=\"screen-reader-text\">Mormor och Stranna<\/span><\/a><\/p>\n","protected":false},"author":1,"featured_media":0,"comment_status":"closed","ping_status":"open","sticky":false,"template":"","format":"standard","meta":{"_crdt_document":"","_monsterinsights_skip_tracking":false,"_monsterinsights_sitenote_active":false,"_monsterinsights_sitenote_note":"","_monsterinsights_sitenote_category":0,"footnotes":""},"categories":[10,28],"tags":[8],"class_list":["post-28593","post","type-post","status-publish","format-standard","hentry","category-familjen","category-kreativt-folk","tag-historia"],"_links":{"self":[{"href":"https:\/\/sven-ove.nu\/index.php?rest_route=\/wp\/v2\/posts\/28593","targetHints":{"allow":["GET"]}}],"collection":[{"href":"https:\/\/sven-ove.nu\/index.php?rest_route=\/wp\/v2\/posts"}],"about":[{"href":"https:\/\/sven-ove.nu\/index.php?rest_route=\/wp\/v2\/types\/post"}],"author":[{"embeddable":true,"href":"https:\/\/sven-ove.nu\/index.php?rest_route=\/wp\/v2\/users\/1"}],"replies":[{"embeddable":true,"href":"https:\/\/sven-ove.nu\/index.php?rest_route=%2Fwp%2Fv2%2Fcomments&post=28593"}],"version-history":[{"count":6,"href":"https:\/\/sven-ove.nu\/index.php?rest_route=\/wp\/v2\/posts\/28593\/revisions"}],"predecessor-version":[{"id":28604,"href":"https:\/\/sven-ove.nu\/index.php?rest_route=\/wp\/v2\/posts\/28593\/revisions\/28604"}],"wp:attachment":[{"href":"https:\/\/sven-ove.nu\/index.php?rest_route=%2Fwp%2Fv2%2Fmedia&parent=28593"}],"wp:term":[{"taxonomy":"category","embeddable":true,"href":"https:\/\/sven-ove.nu\/index.php?rest_route=%2Fwp%2Fv2%2Fcategories&post=28593"},{"taxonomy":"post_tag","embeddable":true,"href":"https:\/\/sven-ove.nu\/index.php?rest_route=%2Fwp%2Fv2%2Ftags&post=28593"}],"curies":[{"name":"wp","href":"https:\/\/api.w.org\/{rel}","templated":true}]}}