{"id":28615,"date":"2025-10-26T08:45:07","date_gmt":"2025-10-26T07:45:07","guid":{"rendered":"https:\/\/sven-ove.nu\/?p=28615"},"modified":"2025-10-26T08:59:55","modified_gmt":"2025-10-26T07:59:55","slug":"ar-det-dags-att-stalla-ut-lokalredaktoren-pa-hembygdsgarden","status":"publish","type":"post","link":"https:\/\/sven-ove.nu\/?p=28615","title":{"rendered":"\u00c4r det dags att st\u00e4lla ut lokalredakt\u00f6ren p\u00e5 hembygdsg\u00e5rden?"},"content":{"rendered":"\n<figure class=\"wp-block-image size-large\"><a href=\"https:\/\/sven-ove.nu\/wp-content\/uploads\/2025\/10\/IMG_4394-scaled.jpeg\"><img loading=\"lazy\" decoding=\"async\" width=\"1024\" height=\"768\" src=\"https:\/\/sven-ove.nu\/wp-content\/uploads\/2025\/10\/IMG_4394-1024x768.jpeg\" alt=\"\" class=\"wp-image-28619\" srcset=\"https:\/\/sven-ove.nu\/wp-content\/uploads\/2025\/10\/IMG_4394-1024x768.jpeg 1024w, https:\/\/sven-ove.nu\/wp-content\/uploads\/2025\/10\/IMG_4394-300x225.jpeg 300w, https:\/\/sven-ove.nu\/wp-content\/uploads\/2025\/10\/IMG_4394-768x576.jpeg 768w, https:\/\/sven-ove.nu\/wp-content\/uploads\/2025\/10\/IMG_4394-1536x1152.jpeg 1536w, https:\/\/sven-ove.nu\/wp-content\/uploads\/2025\/10\/IMG_4394-2048x1536.jpeg 2048w\" sizes=\"auto, (max-width: 1024px) 100vw, 1024px\" \/><\/a><\/figure>\n\n\n\n<p class=\"wp-block-paragraph\">En g\u00e5ng i tiden kallades det \u201dbonnet\u201d i jargongen p\u00e5 centralredaktionerna. D\u00e5, n\u00e4r de b\u00e5da l\u00e4nstidningarna Nya Wermlands-Tidningen och V\u00e4rmlands Folkblad h\u00f6ll sig med lokalredaktioner p\u00e5 orter som Torsby, Sunne, Kil, Hagfors, Munkfors, Forshaga, Arvika, \u00c5rj\u00e4ng, S\u00e4ffle, Grums, Filipstad, Storfors och Kristinehamn. \u201dBonnet\u201d, det var alla de artiklar som lokalredakt\u00f6rerna producerade.<\/p>\n\n\n\n<p class=\"wp-block-paragraph\">Dessa journalistikens grovarbetare som bidrog s\u00e5 starkt till att folk kunde f\u00e5 veta vad som h\u00e4nde i deras kommuner och deras demokrati. Levde den lokala demokratin var det i h\u00f6g grad deras f\u00f6rtj\u00e4nst. Det var ju de som ber\u00e4ttade om gl\u00e4dje\u00e4mnen, eldsj\u00e4lar, missf\u00f6rh\u00e5llanden, protester och beslut.<\/p>\n\n\n\n<p class=\"wp-block-paragraph\">Nu \u00e4r det med \u201dbonnet\u201d som med sm\u00e5jordbruket i V\u00e4rmland. Det \u00e4r f\u00f6r det mesta bortrationaliserat. R\u00e4knar jag r\u00e4tt i redaktionsrutorna har NWT tre lokalredakt\u00f6rer och VF en.<\/p>\n\n\n\n<p class=\"wp-block-paragraph\">B\u00e4va m\u00e5nde demokratin, de missn\u00f6jda och eldsj\u00e4larna. Vem granskar i dag vardagsbrister p\u00e5 orter som \u00c5rj\u00e4ng, Kil eller Grums? Nu, n\u00e4r den journalistiska n\u00e4rvaron upph\u00f6r.<\/p>\n\n\n\n<p class=\"wp-block-paragraph\"><strong>Granskar granskarna<\/strong><br>Det \u00e4r ett arrangemang i aulan p\u00e5 \u00c4lvstrandens Bildningscentrum i Hagfors som f\u00e5r mig att \u00e4n en g\u00e5ng sucka \u00f6ver d\u00f6ende lokaljournalistik. Hagfors som stad fyller 75 \u00e5r och den h\u00e4r l\u00f6rdagen firar man med att s\u00e4tta granskarna p\u00e5 scenen. Framf\u00f6r oss sitter \u00e5tta forna och nuvarande lokalredakt\u00f6rer.<\/p>\n\n\n\n<p class=\"wp-block-paragraph\">Massor av hagforsbor har kommit f\u00f6r att h\u00f6ra de \u00e5tta och samtalsledaren H\u00e5kan Kamp diskutera gamla h\u00e4ndelser ur Hagfors historia. H\u00e4ndelserna &#8211; och artiklarna de skrev.<\/p>\n\n\n\n<p class=\"wp-block-paragraph\">Vi skrattar, k\u00e4nner igen oss och en och annan funderar \u00f6ver lokaljournalistikens och demokratins framtid. Hur ska det g\u00e5 med gemene mans demokratiska inflytande, nu n\u00e4r det n\u00e4stan bara \u00e4r just Hagfors som har lokalredakt\u00f6rer?<\/p>\n\n\n\n<p class=\"wp-block-paragraph\"><strong>Ny hagforsbok av Ninni Schulman<\/strong><br>En av de forna lokalredakt\u00f6rerna p\u00e5 scenen \u00e4r Ninni Schulman. S\u00e5 snart programmet i aulan \u00e4r avslutat skyndar b\u00e5de hon och delar av publiken vidare till biografen Fasaden. D\u00e4r blir det boksl\u00e4pp, boken heter <strong>Svart Jul<\/strong>. Hon har skrivit ber\u00e4ttelsen om n\u00e4r en av hennes huvudpersoner i Hagforsserien kommer hem till stan efter att ha g\u00e5tt f\u00f6rsta terminen p\u00e5 sin journalistutbildning.<\/p>\n\n\n\n<p class=\"wp-block-paragraph\">Det \u00e4r 1994. Hon ska bli lokalredakt\u00f6r.<\/p>\n\n\n\n<figure class=\"wp-block-image size-large\"><a href=\"https:\/\/sven-ove.nu\/wp-content\/uploads\/2025\/10\/IMG_4402-scaled.jpeg\"><img loading=\"lazy\" decoding=\"async\" width=\"824\" height=\"1024\" src=\"https:\/\/sven-ove.nu\/wp-content\/uploads\/2025\/10\/IMG_4402-824x1024.jpeg\" alt=\"\" class=\"wp-image-28620\" srcset=\"https:\/\/sven-ove.nu\/wp-content\/uploads\/2025\/10\/IMG_4402-824x1024.jpeg 824w, https:\/\/sven-ove.nu\/wp-content\/uploads\/2025\/10\/IMG_4402-241x300.jpeg 241w, https:\/\/sven-ove.nu\/wp-content\/uploads\/2025\/10\/IMG_4402-768x955.jpeg 768w, https:\/\/sven-ove.nu\/wp-content\/uploads\/2025\/10\/IMG_4402-1236x1536.jpeg 1236w, https:\/\/sven-ove.nu\/wp-content\/uploads\/2025\/10\/IMG_4402-1648x2048.jpeg 1648w\" sizes=\"auto, (max-width: 824px) 100vw, 824px\" \/><\/a><\/figure>\n\n\n\n<p class=\"has-light-blue-background-color has-background wp-block-paragraph\"><a href=\"https:\/\/sven-ove.nu\/\">Hem<\/a>&nbsp;|&nbsp;<a href=\"https:\/\/sven-ove.nu\/?page_id=170\">Om mig<\/a>&nbsp;|&nbsp;<a href=\"https:\/\/sven-ove.nu\/?page_id=1385\">Skriva &amp; prata<\/a>&nbsp;|&nbsp;<a href=\"https:\/\/sven-ove.nu\/?page_id=100\">Politik<\/a>&nbsp;|&nbsp;<a href=\"https:\/\/sven-ove.nu\/?page_id=102\">L\u00f6pa<\/a>&nbsp;|&nbsp;<a href=\"https:\/\/sven-ove.nu\/?page_id=108\">Viktor Root<\/a>&nbsp;&nbsp;<br><em>Inl\u00e4gg nr 2 519, (c) Sven-Ove Svensson (men dela g\u00e4rna<\/em>).<\/p>\n","protected":false},"excerpt":{"rendered":"<p>En g\u00e5ng i tiden kallades det \u201dbonnet\u201d i jargongen p\u00e5 centralredaktionerna. D\u00e5, n\u00e4r de b\u00e5da l\u00e4nstidningarna Nya Wermlands-Tidningen och V\u00e4rmlands Folkblad h\u00f6ll sig med lokalredaktioner p\u00e5 orter som Torsby, Sunne, Kil, Hagfors, Munkfors, Forshaga, Arvika, \u00c5rj\u00e4ng, S\u00e4ffle, Grums, Filipstad, Storfors och Kristinehamn. \u201dBonnet\u201d, det var alla de artiklar som lokalredakt\u00f6rerna producerade. Dessa journalistikens grovarbetare som &hellip; <a href=\"https:\/\/sven-ove.nu\/?p=28615\" class=\"more-link\">Forts\u00e4tt l\u00e4sa <span class=\"screen-reader-text\">\u00c4r det dags att st\u00e4lla ut lokalredakt\u00f6ren p\u00e5 hembygdsg\u00e5rden?<\/span><\/a><\/p>\n","protected":false},"author":1,"featured_media":0,"comment_status":"closed","ping_status":"open","sticky":false,"template":"","format":"standard","meta":{"_crdt_document":"","_monsterinsights_skip_tracking":false,"_monsterinsights_sitenote_active":false,"_monsterinsights_sitenote_note":"","_monsterinsights_sitenote_category":0,"footnotes":""},"categories":[28,9,4],"tags":[3,8,15],"class_list":["post-28615","post","type-post","status-publish","format-standard","hentry","category-kreativt-folk","category-politik","category-skrivande","tag-arbete","tag-historia","tag-mediedjungeln"],"_links":{"self":[{"href":"https:\/\/sven-ove.nu\/index.php?rest_route=\/wp\/v2\/posts\/28615","targetHints":{"allow":["GET"]}}],"collection":[{"href":"https:\/\/sven-ove.nu\/index.php?rest_route=\/wp\/v2\/posts"}],"about":[{"href":"https:\/\/sven-ove.nu\/index.php?rest_route=\/wp\/v2\/types\/post"}],"author":[{"embeddable":true,"href":"https:\/\/sven-ove.nu\/index.php?rest_route=\/wp\/v2\/users\/1"}],"replies":[{"embeddable":true,"href":"https:\/\/sven-ove.nu\/index.php?rest_route=%2Fwp%2Fv2%2Fcomments&post=28615"}],"version-history":[{"count":7,"href":"https:\/\/sven-ove.nu\/index.php?rest_route=\/wp\/v2\/posts\/28615\/revisions"}],"predecessor-version":[{"id":28627,"href":"https:\/\/sven-ove.nu\/index.php?rest_route=\/wp\/v2\/posts\/28615\/revisions\/28627"}],"wp:attachment":[{"href":"https:\/\/sven-ove.nu\/index.php?rest_route=%2Fwp%2Fv2%2Fmedia&parent=28615"}],"wp:term":[{"taxonomy":"category","embeddable":true,"href":"https:\/\/sven-ove.nu\/index.php?rest_route=%2Fwp%2Fv2%2Fcategories&post=28615"},{"taxonomy":"post_tag","embeddable":true,"href":"https:\/\/sven-ove.nu\/index.php?rest_route=%2Fwp%2Fv2%2Ftags&post=28615"}],"curies":[{"name":"wp","href":"https:\/\/api.w.org\/{rel}","templated":true}]}}