{"id":28628,"date":"2025-10-28T07:56:23","date_gmt":"2025-10-28T06:56:23","guid":{"rendered":"https:\/\/sven-ove.nu\/?p=28628"},"modified":"2025-10-28T08:35:27","modified_gmt":"2025-10-28T07:35:27","slug":"republikanens-besvar-med-republikanerna","status":"publish","type":"post","link":"https:\/\/sven-ove.nu\/?p=28628","title":{"rendered":"Republikanens besv\u00e4r med republikanerna"},"content":{"rendered":"\n<figure class=\"wp-block-image size-large\"><a href=\"https:\/\/sven-ove.nu\/wp-content\/uploads\/2025\/10\/IMG_4431-scaled.jpg\"><img loading=\"lazy\" decoding=\"async\" width=\"1024\" height=\"768\" src=\"https:\/\/sven-ove.nu\/wp-content\/uploads\/2025\/10\/IMG_4431-1024x768.jpg\" alt=\"\" class=\"wp-image-28629\" srcset=\"https:\/\/sven-ove.nu\/wp-content\/uploads\/2025\/10\/IMG_4431-1024x768.jpg 1024w, https:\/\/sven-ove.nu\/wp-content\/uploads\/2025\/10\/IMG_4431-300x225.jpg 300w, https:\/\/sven-ove.nu\/wp-content\/uploads\/2025\/10\/IMG_4431-768x576.jpg 768w, https:\/\/sven-ove.nu\/wp-content\/uploads\/2025\/10\/IMG_4431-1536x1152.jpg 1536w, https:\/\/sven-ove.nu\/wp-content\/uploads\/2025\/10\/IMG_4431-2048x1536.jpg 2048w\" sizes=\"auto, (max-width: 1024px) 100vw, 1024px\" \/><\/a><\/figure>\n\n\n\n<blockquote class=\"wp-block-quote is-layout-flow wp-block-quote-is-layout-flow\">\n<p class=\"wp-block-paragraph\">Ingen har s\u00e5n koll p\u00e5 monarkin som republikanerna.<br>Allts\u00e5 har \u00c5sa Linderborg skrivit en 690 sidor tjock biografi \u00f6ver kungen. Allts\u00e5 l\u00e4ser vi den i min v\u00e4nsterbokcirkel.<\/p>\n<\/blockquote>\n\n\n\n<p class=\"wp-block-paragraph\">Sida upp och sida ner radar hon upp detaljer ur Carl Gustafs liv. Fr\u00e5n trampbilen p\u00e5 Haga till det d\u00e4r ber\u00f6mda bladet han v\u00e4nde.<\/p>\n\n\n\n<p class=\"wp-block-paragraph\">Jag tror \u00e5tminstone att kaffeflickorna \u00e4r med, har inte hunnit dit \u00e4n. 690 sidor \u00e4r mycket.<\/p>\n\n\n\n<p class=\"wp-block-paragraph\"><strong>Fortfarande inflytande<\/strong><br>P\u00e5 sidan 246 skriver historikern Linderborg om Olof Palmes besv\u00e4r med republikanerna i socialdemokratiska partiet. 1972 ska det bli partikongress och hur ska han f\u00e5 partiet med p\u00e5 Torekov-kompromissen? Den som handlar om att minska kungens inflytande men beh\u00e5lla monarkin.<\/p>\n\n\n\n<p class=\"wp-block-paragraph\">Inget konstigt med det, S har st\u00e5tt f\u00f6r republik i m\u00e5nga \u00e5r utan att driva igenom partiprogrammet p\u00e5 just den punkten.<\/p>\n\n\n\n<p class=\"wp-block-paragraph\">Nej, det \u00e4r sista meningen i stycket om Palmes bekymmer som syssels\u00e4tter mina tankar, l\u00e5ngt efter att jag bl\u00e4ddrat f\u00f6rbi sidan 246: <em>\u201dP\u00e5 den h\u00e4r tiden hade medlemmarna fortfarande inflytande \u00f6ver politiken.\u201d<\/em><\/p>\n\n\n\n<p class=\"wp-block-paragraph\">P\u00e5 den tiden?<\/p>\n\n\n\n<p class=\"has-light-blue-background-color has-background wp-block-paragraph\"><a href=\"https:\/\/sven-ove.nu\/\">Hem<\/a>&nbsp;|&nbsp;<a href=\"https:\/\/sven-ove.nu\/?page_id=170\">Om mig<\/a>&nbsp;|&nbsp;<a href=\"https:\/\/sven-ove.nu\/?page_id=1385\">Skriva &amp; prata<\/a>&nbsp;|&nbsp;<a href=\"https:\/\/sven-ove.nu\/?page_id=100\">Politik<\/a>&nbsp;|&nbsp;<a href=\"https:\/\/sven-ove.nu\/?page_id=102\">L\u00f6pa<\/a>&nbsp;|&nbsp;<a href=\"https:\/\/sven-ove.nu\/?page_id=108\">Viktor Root<\/a>&nbsp;&nbsp;<br><em>Inl\u00e4gg nr 2 520, (c) Sven-Ove Svensson (men dela g\u00e4rna<\/em>).<\/p>\n","protected":false},"excerpt":{"rendered":"<p>Ingen har s\u00e5n koll p\u00e5 monarkin som republikanerna.Allts\u00e5 har \u00c5sa Linderborg skrivit en 690 sidor tjock biografi \u00f6ver kungen. Allts\u00e5 l\u00e4ser vi den i min v\u00e4nsterbokcirkel. Sida upp och sida ner radar hon upp detaljer ur Carl Gustafs liv. Fr\u00e5n trampbilen p\u00e5 Haga till det d\u00e4r ber\u00f6mda bladet han v\u00e4nde. Jag tror \u00e5tminstone att kaffeflickorna &hellip; <a href=\"https:\/\/sven-ove.nu\/?p=28628\" class=\"more-link\">Forts\u00e4tt l\u00e4sa <span class=\"screen-reader-text\">Republikanens besv\u00e4r med republikanerna<\/span><\/a><\/p>\n","protected":false},"author":1,"featured_media":0,"comment_status":"closed","ping_status":"open","sticky":false,"template":"","format":"standard","meta":{"_crdt_document":"","_monsterinsights_skip_tracking":false,"_monsterinsights_sitenote_active":false,"_monsterinsights_sitenote_note":"","_monsterinsights_sitenote_category":0,"footnotes":""},"categories":[28,9,4],"tags":[8,18,14],"class_list":["post-28628","post","type-post","status-publish","format-standard","hentry","category-kreativt-folk","category-politik","category-skrivande","tag-historia","tag-lardomar","tag-lasning"],"_links":{"self":[{"href":"https:\/\/sven-ove.nu\/index.php?rest_route=\/wp\/v2\/posts\/28628","targetHints":{"allow":["GET"]}}],"collection":[{"href":"https:\/\/sven-ove.nu\/index.php?rest_route=\/wp\/v2\/posts"}],"about":[{"href":"https:\/\/sven-ove.nu\/index.php?rest_route=\/wp\/v2\/types\/post"}],"author":[{"embeddable":true,"href":"https:\/\/sven-ove.nu\/index.php?rest_route=\/wp\/v2\/users\/1"}],"replies":[{"embeddable":true,"href":"https:\/\/sven-ove.nu\/index.php?rest_route=%2Fwp%2Fv2%2Fcomments&post=28628"}],"version-history":[{"count":2,"href":"https:\/\/sven-ove.nu\/index.php?rest_route=\/wp\/v2\/posts\/28628\/revisions"}],"predecessor-version":[{"id":28631,"href":"https:\/\/sven-ove.nu\/index.php?rest_route=\/wp\/v2\/posts\/28628\/revisions\/28631"}],"wp:attachment":[{"href":"https:\/\/sven-ove.nu\/index.php?rest_route=%2Fwp%2Fv2%2Fmedia&parent=28628"}],"wp:term":[{"taxonomy":"category","embeddable":true,"href":"https:\/\/sven-ove.nu\/index.php?rest_route=%2Fwp%2Fv2%2Fcategories&post=28628"},{"taxonomy":"post_tag","embeddable":true,"href":"https:\/\/sven-ove.nu\/index.php?rest_route=%2Fwp%2Fv2%2Ftags&post=28628"}],"curies":[{"name":"wp","href":"https:\/\/api.w.org\/{rel}","templated":true}]}}