{"id":28655,"date":"2025-11-12T07:51:18","date_gmt":"2025-11-12T06:51:18","guid":{"rendered":"https:\/\/sven-ove.nu\/?p=28655"},"modified":"2025-11-12T07:56:47","modified_gmt":"2025-11-12T06:56:47","slug":"det-har-alltid-varit-karlekens-tid","status":"publish","type":"post","link":"https:\/\/sven-ove.nu\/?p=28655","title":{"rendered":"Det har alltid varit k\u00e4rlekens tid"},"content":{"rendered":"\n<figure class=\"wp-block-image size-large\"><a href=\"https:\/\/sven-ove.nu\/wp-content\/uploads\/2025\/11\/IMG_4462-scaled.jpeg\"><img loading=\"lazy\" decoding=\"async\" width=\"768\" height=\"1024\" src=\"https:\/\/sven-ove.nu\/wp-content\/uploads\/2025\/11\/IMG_4462-768x1024.jpeg\" alt=\"\" class=\"wp-image-28656\" srcset=\"https:\/\/sven-ove.nu\/wp-content\/uploads\/2025\/11\/IMG_4462-768x1024.jpeg 768w, https:\/\/sven-ove.nu\/wp-content\/uploads\/2025\/11\/IMG_4462-225x300.jpeg 225w, https:\/\/sven-ove.nu\/wp-content\/uploads\/2025\/11\/IMG_4462-1152x1536.jpeg 1152w, https:\/\/sven-ove.nu\/wp-content\/uploads\/2025\/11\/IMG_4462-1536x2048.jpeg 1536w, https:\/\/sven-ove.nu\/wp-content\/uploads\/2025\/11\/IMG_4462-scaled.jpeg 1920w\" sizes=\"auto, (max-width: 768px) 100vw, 768px\" \/><\/a><\/figure>\n\n\n\n<blockquote class=\"wp-block-quote is-layout-flow wp-block-quote-is-layout-flow\">\n<p class=\"wp-block-paragraph\">Jag g\u00e5r i bokcirklar. Tv\u00e5 stycken n\u00e4rmare best\u00e4mt. I den ena ska vi strax diskutera \u00c5sa Linderborgs bok Tjabo. I den andra Magnus V\u00e4sterbros K\u00e4rlekens tid.<\/p>\n<\/blockquote>\n\n\n\n<p class=\"wp-block-paragraph\">B\u00e5de kungaboken och den som beskriver k\u00e4rlekens dr\u00f6m och verklighet under tv\u00e5 tusen \u00e5r \u00e4r rej\u00e4la tegelstenar. N\u00e4r jag k\u00e4mpar som b\u00e4st med V\u00e4sterbros k\u00e4rleksanekdoter f\u00e5r jag lust att l\u00e4gga ut detta p\u00e5 Facebook:<\/p>\n\n\n\n<p class=\"wp-block-paragraph\"><em>\u00c4r det petigt att f\u00f6resl\u00e5 att de n\u00e4sta tv\u00e5 bokcirkelb\u00f6ckerna vi l\u00e4ser helst inte ska v\u00e4ga 888 och 1 140 gram?<\/em> <em>Fr\u00e5gar \u00e5t en v\u00e4n.<\/em><\/p>\n\n\n\n<p class=\"wp-block-paragraph\">Jag l\u00e5ter bli. Folk f\u00e5r v\u00e4l skriva l\u00e5ngt om de vill. Varf\u00f6r republikaner s\u00e5 ofta \u00e4r s\u00e5 intresserade av monarkin \u00e4r kanske inte s\u00e4rskilt sv\u00e5rt att f\u00f6rst\u00e5. \u00c5sa Linderborg tycks ha l\u00e4st varenda artikel som skrivits om Carl Gustaf Bernadotte sedan en l\u00e5ng stund innan han f\u00f6ddes.<\/p>\n\n\n\n<p class=\"wp-block-paragraph\"><strong>Hj\u00e4rtan har alltid bultat<\/strong><br>V\u00e4sterbro har gjort en liknande resa genom historiska texter om k\u00e4rleken. Vad hans slutsats blir vet jag inte riktigt \u00e4n, boken i mitt kn\u00e4 har 93 ol\u00e4sta sidor som v\u00e4ntar p\u00e5 mig i novembermorgonen.<\/p>\n\n\n\n<p class=\"wp-block-paragraph\">Vad jag sj\u00e4lv tror, som gammal romantiker, vet jag. K\u00e4rleken \u00e4r lika gammal som m\u00e4nniskan. Minst. Oavsett vad samh\u00e4llet och kyrkan sagt om formerna har vi g\u00e5tt omkring och blivit k\u00e4ra, \u00e5rtusende efter \u00e5rtusende. Bultande hj\u00e4rtan, stigande sav.<\/p>\n\n\n\n<p class=\"wp-block-paragraph\">Jag k\u00e4nner till och med en hund som visar ivrig k\u00e4rlek en g\u00e5ng i veckan.<\/p>\n\n\n\n<figure class=\"wp-block-image size-medium\"><a href=\"https:\/\/sven-ove.nu\/wp-content\/uploads\/2025\/11\/IMG_4463.jpeg\"><img loading=\"lazy\" decoding=\"async\" width=\"194\" height=\"300\" src=\"https:\/\/sven-ove.nu\/wp-content\/uploads\/2025\/11\/IMG_4463-194x300.jpeg\" alt=\"\" class=\"wp-image-28657\" srcset=\"https:\/\/sven-ove.nu\/wp-content\/uploads\/2025\/11\/IMG_4463-194x300.jpeg 194w, https:\/\/sven-ove.nu\/wp-content\/uploads\/2025\/11\/IMG_4463-664x1024.jpeg 664w, https:\/\/sven-ove.nu\/wp-content\/uploads\/2025\/11\/IMG_4463-768x1185.jpeg 768w, https:\/\/sven-ove.nu\/wp-content\/uploads\/2025\/11\/IMG_4463-995x1536.jpeg 995w, https:\/\/sven-ove.nu\/wp-content\/uploads\/2025\/11\/IMG_4463-1327x2048.jpeg 1327w, https:\/\/sven-ove.nu\/wp-content\/uploads\/2025\/11\/IMG_4463.jpeg 1653w\" sizes=\"auto, (max-width: 194px) 100vw, 194px\" \/><\/a><\/figure>\n\n\n\n<p class=\"has-light-blue-background-color has-background wp-block-paragraph\"><a href=\"https:\/\/sven-ove.nu\/\">Hem<\/a>\u00a0|\u00a0<a href=\"https:\/\/sven-ove.nu\/?page_id=170\">Om mig<\/a>\u00a0|\u00a0<a href=\"https:\/\/sven-ove.nu\/?page_id=1385\">Skriva &amp; prata<\/a>\u00a0|\u00a0<a href=\"https:\/\/sven-ove.nu\/?page_id=100\">Politik<\/a>\u00a0|\u00a0<a href=\"https:\/\/sven-ove.nu\/?page_id=102\">L\u00f6pa<\/a>\u00a0|\u00a0<a href=\"https:\/\/sven-ove.nu\/?page_id=108\">Viktor Root<\/a>\u00a0\u00a0<br><em>Inl\u00e4gg nr 2 523, (c) Sven-Ove Svensson (men dela g\u00e4rna<\/em>).<\/p>\n","protected":false},"excerpt":{"rendered":"<p>Jag g\u00e5r i bokcirklar. Tv\u00e5 stycken n\u00e4rmare best\u00e4mt. I den ena ska vi strax diskutera \u00c5sa Linderborgs bok Tjabo. I den andra Magnus V\u00e4sterbros K\u00e4rlekens tid. B\u00e5de kungaboken och den som beskriver k\u00e4rlekens dr\u00f6m och verklighet under tv\u00e5 tusen \u00e5r \u00e4r rej\u00e4la tegelstenar. N\u00e4r jag k\u00e4mpar som b\u00e4st med V\u00e4sterbros k\u00e4rleksanekdoter f\u00e5r jag lust att &hellip; <a href=\"https:\/\/sven-ove.nu\/?p=28655\" class=\"more-link\">Forts\u00e4tt l\u00e4sa <span class=\"screen-reader-text\">Det har alltid varit k\u00e4rlekens tid<\/span><\/a><\/p>\n","protected":false},"author":1,"featured_media":0,"comment_status":"closed","ping_status":"open","sticky":false,"template":"","format":"standard","meta":{"_crdt_document":"","_monsterinsights_skip_tracking":false,"_monsterinsights_sitenote_active":false,"_monsterinsights_sitenote_note":"","_monsterinsights_sitenote_category":0,"footnotes":""},"categories":[28,6,9],"tags":[8,14,21],"class_list":["post-28655","post","type-post","status-publish","format-standard","hentry","category-kreativt-folk","category-natur","category-politik","tag-historia","tag-lasning","tag-ord"],"_links":{"self":[{"href":"https:\/\/sven-ove.nu\/index.php?rest_route=\/wp\/v2\/posts\/28655","targetHints":{"allow":["GET"]}}],"collection":[{"href":"https:\/\/sven-ove.nu\/index.php?rest_route=\/wp\/v2\/posts"}],"about":[{"href":"https:\/\/sven-ove.nu\/index.php?rest_route=\/wp\/v2\/types\/post"}],"author":[{"embeddable":true,"href":"https:\/\/sven-ove.nu\/index.php?rest_route=\/wp\/v2\/users\/1"}],"replies":[{"embeddable":true,"href":"https:\/\/sven-ove.nu\/index.php?rest_route=%2Fwp%2Fv2%2Fcomments&post=28655"}],"version-history":[{"count":1,"href":"https:\/\/sven-ove.nu\/index.php?rest_route=\/wp\/v2\/posts\/28655\/revisions"}],"predecessor-version":[{"id":28658,"href":"https:\/\/sven-ove.nu\/index.php?rest_route=\/wp\/v2\/posts\/28655\/revisions\/28658"}],"wp:attachment":[{"href":"https:\/\/sven-ove.nu\/index.php?rest_route=%2Fwp%2Fv2%2Fmedia&parent=28655"}],"wp:term":[{"taxonomy":"category","embeddable":true,"href":"https:\/\/sven-ove.nu\/index.php?rest_route=%2Fwp%2Fv2%2Fcategories&post=28655"},{"taxonomy":"post_tag","embeddable":true,"href":"https:\/\/sven-ove.nu\/index.php?rest_route=%2Fwp%2Fv2%2Ftags&post=28655"}],"curies":[{"name":"wp","href":"https:\/\/api.w.org\/{rel}","templated":true}]}}