{"id":28659,"date":"2025-11-15T06:54:08","date_gmt":"2025-11-15T05:54:08","guid":{"rendered":"https:\/\/sven-ove.nu\/?p=28659"},"modified":"2025-11-15T07:02:38","modified_gmt":"2025-11-15T06:02:38","slug":"fem-favoriter-i-november","status":"publish","type":"post","link":"https:\/\/sven-ove.nu\/?p=28659","title":{"rendered":"Fem favoriter i november"},"content":{"rendered":"\n<figure class=\"wp-block-image size-large\"><a href=\"https:\/\/sven-ove.nu\/wp-content\/uploads\/2025\/11\/Bild.png\"><img loading=\"lazy\" decoding=\"async\" width=\"769\" height=\"1024\" src=\"https:\/\/sven-ove.nu\/wp-content\/uploads\/2025\/11\/Bild-769x1024.png\" alt=\"\" class=\"wp-image-28661\" srcset=\"https:\/\/sven-ove.nu\/wp-content\/uploads\/2025\/11\/Bild-769x1024.png 769w, https:\/\/sven-ove.nu\/wp-content\/uploads\/2025\/11\/Bild-225x300.png 225w, https:\/\/sven-ove.nu\/wp-content\/uploads\/2025\/11\/Bild-768x1023.png 768w, https:\/\/sven-ove.nu\/wp-content\/uploads\/2025\/11\/Bild-1153x1536.png 1153w, https:\/\/sven-ove.nu\/wp-content\/uploads\/2025\/11\/Bild.png 1537w\" sizes=\"auto, (max-width: 769px) 100vw, 769px\" \/><\/a><\/figure>\n\n\n\n<p class=\"has-text-align-right wp-block-paragraph\"><em>Bilden med det alkoholfria bubblet \u00e4r fr\u00e5n den 13:e maj.<\/em><\/p>\n\n\n\n<p class=\"has-text-align-left wp-block-paragraph\"><strong>Min favoritpublik <\/strong>\u00e4r 80 pension\u00e4rer i Kulturhuset i Deje. De skrattar, ler och t\u00e4nker allvarliga tankar med samma sn\u00e4lla inlevelse.<\/p>\n\n\n\n<p class=\"wp-block-paragraph\"><strong>Mina favoritf\u00e5glar<\/strong> \u00e4r 10 fina stj\u00e4rtmesar p\u00e5 regelbunden snabbvisit vid matningen. Ivrigt hoppar de omkring och trivs, som pigga pingpongbollar med svans. Svish, s\u00e5 \u00e4r de borta igen.<\/p>\n\n\n\n<p class=\"wp-block-paragraph\"><strong>Mitt favoritprogram<\/strong> \u00e4r n\u00e4r det st\u00e5r en r\u00f6rd svenskamerikan med handen mot en 1800-talslada. Falu r\u00f6df\u00e4rg p\u00e5 handen, nyss h\u00f6rde vi honom l\u00e4sa ber\u00e4ttelsen om f\u00f6rfaderns fattigdom h\u00e4r i landet.<\/p>\n\n\n\n<p class=\"wp-block-paragraph\"><strong>Min favoritsjuksk\u00f6terska<\/strong> \u00e4r C i Torsby. P\u00e5 vackert sjungande nordv\u00e4rml\u00e4ndsk dialekt ringer hon och ber\u00e4ttar att mitt PSA-v\u00e4rde \u00e4r om\u00e4tbart. Strax d\u00e4rp\u00e5 blir hon glad n\u00e4r jag s\u00e4ger hur jag m\u00e5r.<\/p>\n\n\n\n<p class=\"wp-block-paragraph\"><strong>Mitt favoritinl\u00e4gg<\/strong> p\u00e5 Facebook \u00e4r n\u00e4r just hon har ringt det d\u00e4r samtalet och jag kan skriva samma fyra ord igen: \u201dI dag firar vi.\u201d<\/p>\n\n\n\n<p class=\"wp-block-paragraph\">Det \u00e4r livet vi firar d\u00e5, den k\u00e4ra v\u00e4nnen och jag.<br>Jag vill leva.<\/p>\n\n\n\n<p class=\"has-text-align-left has-background wp-block-paragraph\" style=\"background-color:#c2faa2\"><a href=\"https:\/\/sven-ove.nu\/\">Hem<\/a>&nbsp;|&nbsp;<a href=\"https:\/\/sven-ove.nu\/?page_id=170\">Om mig<\/a>&nbsp;|&nbsp;<a href=\"https:\/\/sven-ove.nu\/?page_id=1385\">Skriva &amp; prata<\/a>&nbsp;|&nbsp;<a href=\"https:\/\/sven-ove.nu\/?page_id=100\">Politik<\/a>&nbsp;|&nbsp;<a href=\"https:\/\/sven-ove.nu\/?page_id=102\">L\u00f6pa<\/a>&nbsp;|&nbsp;<a href=\"https:\/\/sven-ove.nu\/?page_id=108\">Viktor Root<\/a>&nbsp;&nbsp;<br><em>Inl\u00e4gg nr 2 524, (c) Sven-Ove Svensson (men dela g\u00e4rna<\/em>).<\/p>\n","protected":false},"excerpt":{"rendered":"<p>Bilden med det alkoholfria bubblet \u00e4r fr\u00e5n den 13:e maj. Min favoritpublik \u00e4r 80 pension\u00e4rer i Kulturhuset i Deje. De skrattar, ler och t\u00e4nker allvarliga tankar med samma sn\u00e4lla inlevelse. Mina favoritf\u00e5glar \u00e4r 10 fina stj\u00e4rtmesar p\u00e5 regelbunden snabbvisit vid matningen. Ivrigt hoppar de omkring och trivs, som pigga pingpongbollar med svans. Svish, s\u00e5 \u00e4r &hellip; <a href=\"https:\/\/sven-ove.nu\/?p=28659\" class=\"more-link\">Forts\u00e4tt l\u00e4sa <span class=\"screen-reader-text\">Fem favoriter i november<\/span><\/a><\/p>\n","protected":false},"author":1,"featured_media":0,"comment_status":"closed","ping_status":"open","sticky":false,"template":"","format":"standard","meta":{"_crdt_document":"","_monsterinsights_skip_tracking":false,"_monsterinsights_sitenote_active":false,"_monsterinsights_sitenote_note":"","_monsterinsights_sitenote_category":0,"footnotes":""},"categories":[10,28,6,4],"tags":[3,24,15,21],"class_list":["post-28659","post","type-post","status-publish","format-standard","hentry","category-familjen","category-kreativt-folk","category-natur","category-skrivande","tag-arbete","tag-karlek","tag-mediedjungeln","tag-ord"],"_links":{"self":[{"href":"https:\/\/sven-ove.nu\/index.php?rest_route=\/wp\/v2\/posts\/28659","targetHints":{"allow":["GET"]}}],"collection":[{"href":"https:\/\/sven-ove.nu\/index.php?rest_route=\/wp\/v2\/posts"}],"about":[{"href":"https:\/\/sven-ove.nu\/index.php?rest_route=\/wp\/v2\/types\/post"}],"author":[{"embeddable":true,"href":"https:\/\/sven-ove.nu\/index.php?rest_route=\/wp\/v2\/users\/1"}],"replies":[{"embeddable":true,"href":"https:\/\/sven-ove.nu\/index.php?rest_route=%2Fwp%2Fv2%2Fcomments&post=28659"}],"version-history":[{"count":4,"href":"https:\/\/sven-ove.nu\/index.php?rest_route=\/wp\/v2\/posts\/28659\/revisions"}],"predecessor-version":[{"id":28665,"href":"https:\/\/sven-ove.nu\/index.php?rest_route=\/wp\/v2\/posts\/28659\/revisions\/28665"}],"wp:attachment":[{"href":"https:\/\/sven-ove.nu\/index.php?rest_route=%2Fwp%2Fv2%2Fmedia&parent=28659"}],"wp:term":[{"taxonomy":"category","embeddable":true,"href":"https:\/\/sven-ove.nu\/index.php?rest_route=%2Fwp%2Fv2%2Fcategories&post=28659"},{"taxonomy":"post_tag","embeddable":true,"href":"https:\/\/sven-ove.nu\/index.php?rest_route=%2Fwp%2Fv2%2Ftags&post=28659"}],"curies":[{"name":"wp","href":"https:\/\/api.w.org\/{rel}","templated":true}]}}