{"id":2879,"date":"2012-08-11T04:00:27","date_gmt":"2012-08-11T03:00:27","guid":{"rendered":"http:\/\/sven-ove.nu\/?p=2879"},"modified":"2012-08-09T05:49:47","modified_gmt":"2012-08-09T04:49:47","slug":"hona-av-sjurygg","status":"publish","type":"post","link":"https:\/\/sven-ove.nu\/?p=2879","title":{"rendered":"Hona av sjurygg"},"content":{"rendered":"<p>Fynd i akademins ordlista: <em>Krabbso \u2013 hona av sjurygg.<\/em><\/p>\n<p>Vi beh\u00f6ver inga f\u00f6rfattare, journalister eller bloggare. Det r\u00e4cker med svenska folket, s\u00e5 f\u00e5r spr\u00e5ket liv.<br \/>\n&#8211; Jo, den h\u00e4r fiskens hona tycker ja\u2019 vi kallar <em>krabbso<\/em>.<br \/>\n&#8211; Bra. \u00c5 hanen kallar vi <em>sjurygg<\/em>.<br \/>\n&#8211; \u00c5kej. Va\u2019 ska vi kalla benb\u00e5gen?<br \/>\n&#8211; P\u00e5 folk?<br \/>\n&#8211; Mmmm.<br \/>\n&#8211; <em>Kn\u00e4<\/em>, tycker jag.<\/p>\n","protected":false},"excerpt":{"rendered":"<p>Fynd i akademins ordlista: Krabbso \u2013 hona av sjurygg. Vi beh\u00f6ver inga f\u00f6rfattare, journalister eller bloggare. Det r\u00e4cker med svenska folket, s\u00e5 f\u00e5r spr\u00e5ket liv. &#8211; Jo, den h\u00e4r fiskens hona tycker ja\u2019 vi kallar krabbso. &#8211; Bra. \u00c5 hanen kallar vi sjurygg. &#8211; \u00c5kej. Va\u2019 ska vi kalla benb\u00e5gen? &#8211; P\u00e5 folk? &#8211; Mmmm. &hellip; <a href=\"https:\/\/sven-ove.nu\/?p=2879\" class=\"more-link\">Forts\u00e4tt l\u00e4sa <span class=\"screen-reader-text\">Hona av sjurygg<\/span><\/a><\/p>\n","protected":false},"author":1,"featured_media":0,"comment_status":"open","ping_status":"open","sticky":false,"template":"","format":"standard","meta":{"_crdt_document":"","_monsterinsights_skip_tracking":false,"_monsterinsights_sitenote_active":false,"_monsterinsights_sitenote_note":"","_monsterinsights_sitenote_category":0,"footnotes":""},"categories":[4],"tags":[8,21],"class_list":["post-2879","post","type-post","status-publish","format-standard","hentry","category-skrivande","tag-historia","tag-ord"],"_links":{"self":[{"href":"https:\/\/sven-ove.nu\/index.php?rest_route=\/wp\/v2\/posts\/2879","targetHints":{"allow":["GET"]}}],"collection":[{"href":"https:\/\/sven-ove.nu\/index.php?rest_route=\/wp\/v2\/posts"}],"about":[{"href":"https:\/\/sven-ove.nu\/index.php?rest_route=\/wp\/v2\/types\/post"}],"author":[{"embeddable":true,"href":"https:\/\/sven-ove.nu\/index.php?rest_route=\/wp\/v2\/users\/1"}],"replies":[{"embeddable":true,"href":"https:\/\/sven-ove.nu\/index.php?rest_route=%2Fwp%2Fv2%2Fcomments&post=2879"}],"version-history":[{"count":2,"href":"https:\/\/sven-ove.nu\/index.php?rest_route=\/wp\/v2\/posts\/2879\/revisions"}],"predecessor-version":[{"id":2881,"href":"https:\/\/sven-ove.nu\/index.php?rest_route=\/wp\/v2\/posts\/2879\/revisions\/2881"}],"wp:attachment":[{"href":"https:\/\/sven-ove.nu\/index.php?rest_route=%2Fwp%2Fv2%2Fmedia&parent=2879"}],"wp:term":[{"taxonomy":"category","embeddable":true,"href":"https:\/\/sven-ove.nu\/index.php?rest_route=%2Fwp%2Fv2%2Fcategories&post=2879"},{"taxonomy":"post_tag","embeddable":true,"href":"https:\/\/sven-ove.nu\/index.php?rest_route=%2Fwp%2Fv2%2Ftags&post=2879"}],"curies":[{"name":"wp","href":"https:\/\/api.w.org\/{rel}","templated":true}]}}