{"id":2882,"date":"2012-08-11T08:36:31","date_gmt":"2012-08-11T07:36:31","guid":{"rendered":"http:\/\/sven-ove.nu\/?p=2882"},"modified":"2012-08-11T08:55:47","modified_gmt":"2012-08-11T07:55:47","slug":"kungen-tittar-pa-handboll","status":"publish","type":"post","link":"https:\/\/sven-ove.nu\/?p=2882","title":{"rendered":"Kungen tittar p\u00e5 handboll"},"content":{"rendered":"<p><a href=\"https:\/\/sven-ove.nu\/wp-content\/uploads\/2012\/08\/Sk\u00e4rmavbild-2012-08-11-kl.-09.28.391.png\"><img loading=\"lazy\" decoding=\"async\" class=\"alignleft size-full wp-image-2885\" title=\"Sk\u00e4rmavbild 2012-08-11 kl. 09.28.39\" src=\"https:\/\/sven-ove.nu\/wp-content\/uploads\/2012\/08\/Sk\u00e4rmavbild-2012-08-11-kl.-09.28.391.png\" alt=\"\" width=\"947\" height=\"616\" srcset=\"https:\/\/sven-ove.nu\/wp-content\/uploads\/2012\/08\/Sk\u00e4rmavbild-2012-08-11-kl.-09.28.391.png 947w, https:\/\/sven-ove.nu\/wp-content\/uploads\/2012\/08\/Sk\u00e4rmavbild-2012-08-11-kl.-09.28.391-300x195.png 300w\" sizes=\"auto, (max-width: 947px) 100vw, 947px\" \/><\/a><\/p>\n<p>M\u00e5ste s\u00e4ga att jag tycker den h\u00e4r pratbubblan fr\u00e5n en <a href=\"http:\/\/www.aftonbladet.se\/sportbladet\/os2012\/article15245844.ab\" target=\"_blank\">Aftonbladet<\/a>-l\u00e4sare \u00e4r r\u00e4tt bra.<\/p>\n<p>Bilden i sig visar hur det g\u00e5r till vid en normal informationskampanj i kungariket Sverige:<br \/>\n<strong>En appl\u00e5derar.<br \/>\nEn deltar och f\u00f6r budskapet vidare.<br \/>\nEn h\u00e5ller f\u00f6r \u00f6ronen.<\/strong><\/p>\n<p>Man <strong>f\u00e5r<\/strong> ta bollen med h\u00e4nderna i handboll, kungen. Det \u00e4r m\u00e5nga som g\u00f6r det.<\/p>\n<p>&nbsp;<\/p>\n","protected":false},"excerpt":{"rendered":"<p>M\u00e5ste s\u00e4ga att jag tycker den h\u00e4r pratbubblan fr\u00e5n en Aftonbladet-l\u00e4sare \u00e4r r\u00e4tt bra. Bilden i sig visar hur det g\u00e5r till vid en normal informationskampanj i kungariket Sverige: En appl\u00e5derar. En deltar och f\u00f6r budskapet vidare. En h\u00e5ller f\u00f6r \u00f6ronen. Man f\u00e5r ta bollen med h\u00e4nderna i handboll, kungen. Det \u00e4r m\u00e5nga som g\u00f6r &hellip; <a href=\"https:\/\/sven-ove.nu\/?p=2882\" class=\"more-link\">Forts\u00e4tt l\u00e4sa <span class=\"screen-reader-text\">Kungen tittar p\u00e5 handboll<\/span><\/a><\/p>\n","protected":false},"author":1,"featured_media":0,"comment_status":"open","ping_status":"open","sticky":false,"template":"","format":"standard","meta":{"_crdt_document":"","_monsterinsights_skip_tracking":false,"_monsterinsights_sitenote_active":false,"_monsterinsights_sitenote_note":"","_monsterinsights_sitenote_category":0,"footnotes":""},"categories":[4],"tags":[21],"class_list":["post-2882","post","type-post","status-publish","format-standard","hentry","category-skrivande","tag-ord"],"_links":{"self":[{"href":"https:\/\/sven-ove.nu\/index.php?rest_route=\/wp\/v2\/posts\/2882","targetHints":{"allow":["GET"]}}],"collection":[{"href":"https:\/\/sven-ove.nu\/index.php?rest_route=\/wp\/v2\/posts"}],"about":[{"href":"https:\/\/sven-ove.nu\/index.php?rest_route=\/wp\/v2\/types\/post"}],"author":[{"embeddable":true,"href":"https:\/\/sven-ove.nu\/index.php?rest_route=\/wp\/v2\/users\/1"}],"replies":[{"embeddable":true,"href":"https:\/\/sven-ove.nu\/index.php?rest_route=%2Fwp%2Fv2%2Fcomments&post=2882"}],"version-history":[{"count":14,"href":"https:\/\/sven-ove.nu\/index.php?rest_route=\/wp\/v2\/posts\/2882\/revisions"}],"predecessor-version":[{"id":2898,"href":"https:\/\/sven-ove.nu\/index.php?rest_route=\/wp\/v2\/posts\/2882\/revisions\/2898"}],"wp:attachment":[{"href":"https:\/\/sven-ove.nu\/index.php?rest_route=%2Fwp%2Fv2%2Fmedia&parent=2882"}],"wp:term":[{"taxonomy":"category","embeddable":true,"href":"https:\/\/sven-ove.nu\/index.php?rest_route=%2Fwp%2Fv2%2Fcategories&post=2882"},{"taxonomy":"post_tag","embeddable":true,"href":"https:\/\/sven-ove.nu\/index.php?rest_route=%2Fwp%2Fv2%2Ftags&post=2882"}],"curies":[{"name":"wp","href":"https:\/\/api.w.org\/{rel}","templated":true}]}}