{"id":28887,"date":"2025-12-26T04:43:00","date_gmt":"2025-12-26T03:43:00","guid":{"rendered":"https:\/\/sven-ove.nu\/?p=28887"},"modified":"2025-12-27T15:03:51","modified_gmt":"2025-12-27T14:03:51","slug":"jag-ar-kar-i-en-maskin-i-en-kallare-i-deje","status":"publish","type":"post","link":"https:\/\/sven-ove.nu\/?p=28887","title":{"rendered":"Jag \u00e4r k\u00e4r i en maskin i en k\u00e4llare i Deje"},"content":{"rendered":"\n<figure class=\"wp-block-image size-large\"><a href=\"https:\/\/sven-ove.nu\/wp-content\/uploads\/2025\/12\/IMG_4688-scaled.jpeg\"><img loading=\"lazy\" decoding=\"async\" width=\"1024\" height=\"946\" src=\"https:\/\/sven-ove.nu\/wp-content\/uploads\/2025\/12\/IMG_4688-1024x946.jpeg\" alt=\"\" class=\"wp-image-28888\" srcset=\"https:\/\/sven-ove.nu\/wp-content\/uploads\/2025\/12\/IMG_4688-1024x946.jpeg 1024w, https:\/\/sven-ove.nu\/wp-content\/uploads\/2025\/12\/IMG_4688-300x277.jpeg 300w, https:\/\/sven-ove.nu\/wp-content\/uploads\/2025\/12\/IMG_4688-768x710.jpeg 768w, https:\/\/sven-ove.nu\/wp-content\/uploads\/2025\/12\/IMG_4688-1536x1419.jpeg 1536w, https:\/\/sven-ove.nu\/wp-content\/uploads\/2025\/12\/IMG_4688-2048x1892.jpeg 2048w\" sizes=\"auto, (max-width: 1024px) 100vw, 1024px\" \/><\/a><\/figure>\n\n\n\n<blockquote class=\"wp-block-quote is-layout-flow wp-block-quote-is-layout-flow\">\n<p class=\"wp-block-paragraph\">Vi har f\u00e5tt ett nytt smultronst\u00e4lle.<\/p>\n<\/blockquote>\n\n\n\n<p class=\"wp-block-paragraph\">Att jag trivs med biblioteket det visste jag. Liksom i skogen, p\u00e5 nya badhuset, utmed l\u00f6psp\u00e5ret, framf\u00f6r datorn och p\u00e5 en viss gammal kraftstation en bit norrut.<\/p>\n\n\n\n<p class=\"wp-block-paragraph\">Men p\u00e5 gym? Trivas p\u00e5 gym? Det som var s\u00e5 enformig tr\u00e4ning n\u00e4r jag var remitterad f\u00f6r m\u00e5nga \u00e5r sedan efter en l\u00f6pskada.<\/p>\n\n\n\n<p class=\"wp-block-paragraph\">Ja faktiskt.<\/p>\n\n\n\n<p class=\"wp-block-paragraph\"><strong>Vattnas i munnen<\/strong><br>Nu f\u00f6r tiden \u00e4r det inte bara n\u00e4r jag drar p\u00e5 mig l\u00f6parskorna som det b\u00f6rjar vattnas i munnen. Det vattnas n\u00e4r jag checkar in i k\u00e4llaren p\u00e5 nya badhuset ocks\u00e5. Gymmet. De har nya maskiner och mitt program \u00e4r bra. Karin S som gjorde programmet tog klok h\u00e4nsyn till mitt gamla diskbr\u00e5ck i nacken.<\/p>\n\n\n\n<p class=\"wp-block-paragraph\">S\u00e5 nu \u00e4r jag k\u00e4r i en maskin i Deje. Kamrat Bencurl. Den k\u00e4rleken var jag inte beredd p\u00e5.<\/p>\n\n\n\n<p class=\"wp-block-paragraph\">Vi har dejt igen i morgon, han och jag.<br>3 x 10 reps.<\/p>\n\n\n\n<p class=\"wp-block-paragraph\">Dreggel, slurp.<\/p>\n\n\n\n<p class=\"has-text-align-right wp-block-paragraph\"><em>Fotograf p\u00e5 gymmet: <\/em><br><em>Den k\u00e4ra v\u00e4nnen, alias Tr\u00e4ningskamraten.<\/em><\/p>\n\n\n\n<p class=\"has-background wp-block-paragraph\" style=\"background-color:#fab3f4\"><a href=\"https:\/\/sven-ove.nu\/\">Hem<\/a>&nbsp;|&nbsp;<a href=\"https:\/\/sven-ove.nu\/?page_id=170\">Om mig<\/a>&nbsp;|&nbsp;<a href=\"https:\/\/sven-ove.nu\/?page_id=1385\">Skriva &amp; prata<\/a>&nbsp;|&nbsp;<a href=\"https:\/\/sven-ove.nu\/?page_id=100\">Politik<\/a>&nbsp;|&nbsp;<a href=\"https:\/\/sven-ove.nu\/?page_id=102\">L\u00f6pa<\/a>&nbsp;|&nbsp;<a href=\"https:\/\/sven-ove.nu\/?page_id=108\">Viktor Root<\/a>&nbsp;&nbsp;<br><em>Inl\u00e4gg nr 2 540, (c) Sven-Ove Svensson (men dela g\u00e4rna<\/em>).<\/p>\n\n\n\n<p class=\"wp-block-paragraph\"><\/p>\n","protected":false},"excerpt":{"rendered":"<p>Vi har f\u00e5tt ett nytt smultronst\u00e4lle. Att jag trivs med biblioteket det visste jag. Liksom i skogen, p\u00e5 nya badhuset, utmed l\u00f6psp\u00e5ret, framf\u00f6r datorn och p\u00e5 en viss gammal kraftstation en bit norrut. Men p\u00e5 gym? Trivas p\u00e5 gym? Det som var s\u00e5 enformig tr\u00e4ning n\u00e4r jag var remitterad f\u00f6r m\u00e5nga \u00e5r sedan efter en &hellip; <a href=\"https:\/\/sven-ove.nu\/?p=28887\" class=\"more-link\">Forts\u00e4tt l\u00e4sa <span class=\"screen-reader-text\">Jag \u00e4r k\u00e4r i en maskin i en k\u00e4llare i Deje<\/span><\/a><\/p>\n","protected":false},"author":1,"featured_media":0,"comment_status":"closed","ping_status":"open","sticky":false,"template":"","format":"standard","meta":{"_crdt_document":"","_monsterinsights_skip_tracking":false,"_monsterinsights_sitenote_active":false,"_monsterinsights_sitenote_note":"","_monsterinsights_sitenote_category":0,"footnotes":""},"categories":[10,28],"tags":[3,16,13],"class_list":["post-28887","post","type-post","status-publish","format-standard","hentry","category-familjen","category-kreativt-folk","tag-arbete","tag-dumheter","tag-utrustning"],"_links":{"self":[{"href":"https:\/\/sven-ove.nu\/index.php?rest_route=\/wp\/v2\/posts\/28887","targetHints":{"allow":["GET"]}}],"collection":[{"href":"https:\/\/sven-ove.nu\/index.php?rest_route=\/wp\/v2\/posts"}],"about":[{"href":"https:\/\/sven-ove.nu\/index.php?rest_route=\/wp\/v2\/types\/post"}],"author":[{"embeddable":true,"href":"https:\/\/sven-ove.nu\/index.php?rest_route=\/wp\/v2\/users\/1"}],"replies":[{"embeddable":true,"href":"https:\/\/sven-ove.nu\/index.php?rest_route=%2Fwp%2Fv2%2Fcomments&post=28887"}],"version-history":[{"count":7,"href":"https:\/\/sven-ove.nu\/index.php?rest_route=\/wp\/v2\/posts\/28887\/revisions"}],"predecessor-version":[{"id":28898,"href":"https:\/\/sven-ove.nu\/index.php?rest_route=\/wp\/v2\/posts\/28887\/revisions\/28898"}],"wp:attachment":[{"href":"https:\/\/sven-ove.nu\/index.php?rest_route=%2Fwp%2Fv2%2Fmedia&parent=28887"}],"wp:term":[{"taxonomy":"category","embeddable":true,"href":"https:\/\/sven-ove.nu\/index.php?rest_route=%2Fwp%2Fv2%2Fcategories&post=28887"},{"taxonomy":"post_tag","embeddable":true,"href":"https:\/\/sven-ove.nu\/index.php?rest_route=%2Fwp%2Fv2%2Ftags&post=28887"}],"curies":[{"name":"wp","href":"https:\/\/api.w.org\/{rel}","templated":true}]}}