{"id":2899,"date":"2012-08-12T04:00:56","date_gmt":"2012-08-12T03:00:56","guid":{"rendered":"http:\/\/sven-ove.nu\/?p=2899"},"modified":"2012-08-11T11:17:06","modified_gmt":"2012-08-11T10:17:06","slug":"da-gryr-morgonens-timme","status":"publish","type":"post","link":"https:\/\/sven-ove.nu\/?p=2899","title":{"rendered":"D\u00e5 gryr morgonens timme"},"content":{"rendered":"<p><a href=\"https:\/\/sven-ove.nu\/wp-content\/uploads\/2012\/08\/K\u00e4ra-v\u00e4nnens-n\u00e4ve.jpg\"><img loading=\"lazy\" decoding=\"async\" class=\"alignright size-medium wp-image-2900\" title=\"K\u00e4ra v\u00e4nnens n\u00e4ve\" src=\"https:\/\/sven-ove.nu\/wp-content\/uploads\/2012\/08\/K\u00e4ra-v\u00e4nnens-n\u00e4ve-179x300.jpg\" alt=\"\" width=\"179\" height=\"300\" srcset=\"https:\/\/sven-ove.nu\/wp-content\/uploads\/2012\/08\/K\u00e4ra-v\u00e4nnens-n\u00e4ve-179x300.jpg 179w, https:\/\/sven-ove.nu\/wp-content\/uploads\/2012\/08\/K\u00e4ra-v\u00e4nnens-n\u00e4ve-613x1024.jpg 613w, https:\/\/sven-ove.nu\/wp-content\/uploads\/2012\/08\/K\u00e4ra-v\u00e4nnens-n\u00e4ve.jpg 1552w\" sizes=\"auto, (max-width: 179px) 100vw, 179px\" \/><\/a>M\u00f6ter gamla v\u00e4nner. N\u00e5gra har jag inte sett p\u00e5 40 \u00e5r. Vi skruvar lite generat p\u00e5 oss, f\u00f6rst. Maten vi \u00e4ter \u00e4r dyrare. Vad \u00e5t vi den g\u00e5ngen f\u00f6rresten, n\u00e5t m\u00e5ste vi v\u00e4l ha \u00e4tit p\u00e5 70-talet?<\/p>\n<p>Sedan \u00e4r det ig\u00e5ng igen, samtalet. Vi \u00e4r en evighetsmaskin.<br \/>\nOm n\u00e5gra \u00e5r ska vi sjunga <a href=\"http:\/\/www.youtube.com\/watch?v=1oKZsm0zLzM\">Svarta tupp<\/a> i n\u00e4rmaste PRO-k\u00f6r.<\/p>\n<p style=\"padding-left: 30px;\"><em>Svarta tupp, n\u00e4r du h\u00f6rs gala,<br \/>\nblir det m\u00f6rkt, natten \u00e4r inne.<\/em><\/p>\n<p><em> <\/em><\/p>\n<p style=\"padding-left: 30px;\"><em>Men n\u00e4r den r\u00f6da tuppen gal,<br \/>\nd\u00e5 gryr morgonens timme.<\/em><\/p>\n<p>&nbsp;<\/p>\n","protected":false},"excerpt":{"rendered":"<p>M\u00f6ter gamla v\u00e4nner. N\u00e5gra har jag inte sett p\u00e5 40 \u00e5r. Vi skruvar lite generat p\u00e5 oss, f\u00f6rst. Maten vi \u00e4ter \u00e4r dyrare. Vad \u00e5t vi den g\u00e5ngen f\u00f6rresten, n\u00e5t m\u00e5ste vi v\u00e4l ha \u00e4tit p\u00e5 70-talet? Sedan \u00e4r det ig\u00e5ng igen, samtalet. Vi \u00e4r en evighetsmaskin. Om n\u00e5gra \u00e5r ska vi sjunga Svarta tupp &hellip; <a href=\"https:\/\/sven-ove.nu\/?p=2899\" class=\"more-link\">Forts\u00e4tt l\u00e4sa <span class=\"screen-reader-text\">D\u00e5 gryr morgonens timme<\/span><\/a><\/p>\n","protected":false},"author":1,"featured_media":0,"comment_status":"open","ping_status":"open","sticky":false,"template":"","format":"standard","meta":{"_crdt_document":"","_monsterinsights_skip_tracking":false,"_monsterinsights_sitenote_active":false,"_monsterinsights_sitenote_note":"","_monsterinsights_sitenote_category":0,"footnotes":""},"categories":[9],"tags":[8,17],"class_list":["post-2899","post","type-post","status-publish","format-standard","hentry","category-politik","tag-historia","tag-solidaritet"],"_links":{"self":[{"href":"https:\/\/sven-ove.nu\/index.php?rest_route=\/wp\/v2\/posts\/2899","targetHints":{"allow":["GET"]}}],"collection":[{"href":"https:\/\/sven-ove.nu\/index.php?rest_route=\/wp\/v2\/posts"}],"about":[{"href":"https:\/\/sven-ove.nu\/index.php?rest_route=\/wp\/v2\/types\/post"}],"author":[{"embeddable":true,"href":"https:\/\/sven-ove.nu\/index.php?rest_route=\/wp\/v2\/users\/1"}],"replies":[{"embeddable":true,"href":"https:\/\/sven-ove.nu\/index.php?rest_route=%2Fwp%2Fv2%2Fcomments&post=2899"}],"version-history":[{"count":3,"href":"https:\/\/sven-ove.nu\/index.php?rest_route=\/wp\/v2\/posts\/2899\/revisions"}],"predecessor-version":[{"id":2903,"href":"https:\/\/sven-ove.nu\/index.php?rest_route=\/wp\/v2\/posts\/2899\/revisions\/2903"}],"wp:attachment":[{"href":"https:\/\/sven-ove.nu\/index.php?rest_route=%2Fwp%2Fv2%2Fmedia&parent=2899"}],"wp:term":[{"taxonomy":"category","embeddable":true,"href":"https:\/\/sven-ove.nu\/index.php?rest_route=%2Fwp%2Fv2%2Fcategories&post=2899"},{"taxonomy":"post_tag","embeddable":true,"href":"https:\/\/sven-ove.nu\/index.php?rest_route=%2Fwp%2Fv2%2Ftags&post=2899"}],"curies":[{"name":"wp","href":"https:\/\/api.w.org\/{rel}","templated":true}]}}