{"id":2912,"date":"2012-08-14T04:00:07","date_gmt":"2012-08-14T03:00:07","guid":{"rendered":"http:\/\/sven-ove.nu\/?p=2912"},"modified":"2012-08-13T18:16:06","modified_gmt":"2012-08-13T17:16:06","slug":"jan-bjorklunds-val","status":"publish","type":"post","link":"https:\/\/sven-ove.nu\/?p=2912","title":{"rendered":"Jan Bj\u00f6rklunds val"},"content":{"rendered":"<p>Folkpartiledaren Jan Bj\u00f6rklund var rolig i sitt sommartal:<\/p>\n<p style=\"padding-left: 30px;\"><em>\u201dStefan L\u00f6fven \u00e4r r\u00e4dd f\u00f6r tv\u00e5 saker just nu. Det ena \u00e4r att g\u00e5 till val 2014 utan ett r\u00f6dgr\u00f6nt gemensamt alternativ, det andra \u00e4r att g\u00e5 till val 2014 med ett gemensamt r\u00f6dgr\u00f6nt alternativ.\u201d<\/em><\/p>\n<p>Sj\u00e4lv \u00e4r Bj\u00f6rklund lika <a href=\"http:\/\/www.tns-sifo.se\/media\/409026\/vb_jun_2012_svd.pdf\" target=\"_blank\">r\u00e4dd<\/a> f\u00f6r tv\u00e5 saker 2014, s\u00e4ger min v\u00e4n Telefon\u00f6ren n\u00e4r han ringer:<br \/>\nAtt svenska folket ska g\u00e5 till val.<br \/>\nAtt svenska folket ska g\u00e5 till val.<\/p>\n<p>&nbsp;<\/p>\n","protected":false},"excerpt":{"rendered":"<p>Folkpartiledaren Jan Bj\u00f6rklund var rolig i sitt sommartal: \u201dStefan L\u00f6fven \u00e4r r\u00e4dd f\u00f6r tv\u00e5 saker just nu. Det ena \u00e4r att g\u00e5 till val 2014 utan ett r\u00f6dgr\u00f6nt gemensamt alternativ, det andra \u00e4r att g\u00e5 till val 2014 med ett gemensamt r\u00f6dgr\u00f6nt alternativ.\u201d Sj\u00e4lv \u00e4r Bj\u00f6rklund lika r\u00e4dd f\u00f6r tv\u00e5 saker 2014, s\u00e4ger min v\u00e4n &hellip; <a href=\"https:\/\/sven-ove.nu\/?p=2912\" class=\"more-link\">Forts\u00e4tt l\u00e4sa <span class=\"screen-reader-text\">Jan Bj\u00f6rklunds val<\/span><\/a><\/p>\n","protected":false},"author":1,"featured_media":0,"comment_status":"open","ping_status":"open","sticky":false,"template":"","format":"standard","meta":{"_crdt_document":"","_monsterinsights_skip_tracking":false,"_monsterinsights_sitenote_active":false,"_monsterinsights_sitenote_note":"","_monsterinsights_sitenote_category":0,"footnotes":""},"categories":[9],"tags":[21],"class_list":["post-2912","post","type-post","status-publish","format-standard","hentry","category-politik","tag-ord"],"_links":{"self":[{"href":"https:\/\/sven-ove.nu\/index.php?rest_route=\/wp\/v2\/posts\/2912","targetHints":{"allow":["GET"]}}],"collection":[{"href":"https:\/\/sven-ove.nu\/index.php?rest_route=\/wp\/v2\/posts"}],"about":[{"href":"https:\/\/sven-ove.nu\/index.php?rest_route=\/wp\/v2\/types\/post"}],"author":[{"embeddable":true,"href":"https:\/\/sven-ove.nu\/index.php?rest_route=\/wp\/v2\/users\/1"}],"replies":[{"embeddable":true,"href":"https:\/\/sven-ove.nu\/index.php?rest_route=%2Fwp%2Fv2%2Fcomments&post=2912"}],"version-history":[{"count":11,"href":"https:\/\/sven-ove.nu\/index.php?rest_route=\/wp\/v2\/posts\/2912\/revisions"}],"predecessor-version":[{"id":2914,"href":"https:\/\/sven-ove.nu\/index.php?rest_route=\/wp\/v2\/posts\/2912\/revisions\/2914"}],"wp:attachment":[{"href":"https:\/\/sven-ove.nu\/index.php?rest_route=%2Fwp%2Fv2%2Fmedia&parent=2912"}],"wp:term":[{"taxonomy":"category","embeddable":true,"href":"https:\/\/sven-ove.nu\/index.php?rest_route=%2Fwp%2Fv2%2Fcategories&post=2912"},{"taxonomy":"post_tag","embeddable":true,"href":"https:\/\/sven-ove.nu\/index.php?rest_route=%2Fwp%2Fv2%2Ftags&post=2912"}],"curies":[{"name":"wp","href":"https:\/\/api.w.org\/{rel}","templated":true}]}}