{"id":29139,"date":"2026-03-09T04:17:00","date_gmt":"2026-03-09T03:17:00","guid":{"rendered":"https:\/\/sven-ove.nu\/?p=29139"},"modified":"2026-03-08T17:51:15","modified_gmt":"2026-03-08T16:51:15","slug":"mina-arbetsrum","status":"publish","type":"post","link":"https:\/\/sven-ove.nu\/?p=29139","title":{"rendered":"Mina arbetsrum"},"content":{"rendered":"\n<figure class=\"wp-block-image size-large\"><a href=\"https:\/\/sven-ove.nu\/wp-content\/uploads\/2026\/03\/IMG_5258-scaled.jpg\"><img loading=\"lazy\" decoding=\"async\" width=\"1024\" height=\"724\" src=\"https:\/\/sven-ove.nu\/wp-content\/uploads\/2026\/03\/IMG_5258-1024x724.jpg\" alt=\"\" class=\"wp-image-29140\" srcset=\"https:\/\/sven-ove.nu\/wp-content\/uploads\/2026\/03\/IMG_5258-1024x724.jpg 1024w, https:\/\/sven-ove.nu\/wp-content\/uploads\/2026\/03\/IMG_5258-300x212.jpg 300w, https:\/\/sven-ove.nu\/wp-content\/uploads\/2026\/03\/IMG_5258-768x543.jpg 768w, https:\/\/sven-ove.nu\/wp-content\/uploads\/2026\/03\/IMG_5258-1536x1087.jpg 1536w, https:\/\/sven-ove.nu\/wp-content\/uploads\/2026\/03\/IMG_5258-2048x1449.jpg 2048w\" sizes=\"auto, (max-width: 1024px) 100vw, 1024px\" \/><\/a><\/figure>\n\n\n\n<blockquote class=\"wp-block-quote is-layout-flow wp-block-quote-is-layout-flow\">\n<p class=\"wp-block-paragraph\">N\u00e4r livet \u00e4r b\u00e4st \u00e4r det arbete och k\u00e4rlek.<br>Platsen \u00e4r inte s\u00e5 viktig.<br>Men jag undrar hur m\u00e5nga arbetsrum jag haft?<\/p>\n<\/blockquote>\n\n\n\n<p class=\"wp-block-paragraph\"><strong>&#8211; Med eller utan tak?<\/strong><br><strong>&#8211; B\u00e5de och.<\/strong><br><strong>&#8211; Har inte du jobbat p\u00e5 en v\u00e4ldig massa st\u00e4llen?<\/strong><br><strong>&#8211; F\u00f6r all del.<\/strong><\/p>\n\n\n\n<p class=\"wp-block-paragraph\">I vedskjulet hemma p\u00e5 v\u00e5rt sm\u00e5jordbruk. Farmors kamin beh\u00f6vde ved.<\/p>\n\n\n\n<p class=\"wp-block-paragraph\">Ovanp\u00e5 h\u00f6lass efter h\u00f6lass: \u201dSt\u00e5 \u00f4pp \u00e5 tr\u00f4 ner!\u201d sa pappa och sj\u00f6ng. St\u00e5 upp och trampa ned. H\u00f6et m\u00e5ste in, snart kommer regnet.<\/p>\n\n\n\n<p class=\"wp-block-paragraph\">I hytten p\u00e5 v\u00e5r GMW-traktor med harven p\u00e5 sl\u00e4p. F\u00f6rsta tre timmarna var det riktigt roligt.<\/p>\n\n\n\n<p class=\"wp-block-paragraph\">I en gl\u00e4nta i skogen med r\u00f6jyxa i n\u00e4ven. Sly skall med skoltr\u00f6tt ung man bek\u00e4mpas.<\/p>\n\n\n\n<p class=\"wp-block-paragraph\">Bredvid ett paket tv\u00e5tumfyra p\u00e5 br\u00e4dg\u00e5rden p\u00e5 s\u00e5ga\u2019 i Molkom. Allra oftast vid f\u00f6rstakapan i gamla justerverket. N\u00e5gon g\u00e5ng p\u00e5 landg\u00e5ngarna vid sj\u00f6sorteringen. Soligt ibland, iskallt ibland. Friskt.<\/p>\n\n\n\n<p class=\"wp-block-paragraph\">Ensam p\u00e5 V\u00e4rmlands Folkblads lokalredaktion. Sommarvikarie f\u00f6r en legend, l\u00e4rde mig att i Munkfors heter det \u201dp\u00e5 centrum\u201d.<\/p>\n\n\n\n<p class=\"wp-block-paragraph\">T\u00e4tt intill ett g\u00e4ng duktiga reportrar vid ett fullbelamrat skrivbord i J\u00f6nk\u00f6ping. Blev utskickad f\u00f6r att g\u00f6ra Vi tycker. \u201dSyter du f\u00f6r att deklarera?\u201d.<\/p>\n\n\n\n<p class=\"wp-block-paragraph\">I v\u00e5r malakitgr\u00f6na Saab, parkerad i en gl\u00e4nta mellan tallar. Nervevad ruta, koltrast 20 meter bort. D\u00e4r satt jag vid ratten och skrev facklig l\u00e4robok f\u00f6r hand i ett rutat kollegieblock. \u201dVarje avslutad f\u00f6rhandling \u00e4r b\u00f6rjan p\u00e5 en ny.\u201d<\/p>\n\n\n\n<p class=\"wp-block-paragraph\">Femtio centimeter fr\u00e5n henne som var ansvarig f\u00f6r ambulansutlarmningen den natten. SOS-centralen i Karlstad, lamporna lyste i sn\u00f6rv\u00e4xeln.<\/p>\n\n\n\n<p class=\"wp-block-paragraph\">I receptionen p\u00e5 R\u00e4ddningsverket. Log glatt emot alla som kom, utom \u00e5t en som alltid s\u00e5g grinig ut. \u201dSe inte s\u00e5 sur ut\u201d sa han en morgon och fick mig att inse att jag var som en spegel.<\/p>\n\n\n\n<p class=\"wp-block-paragraph\">I katedern p\u00e5 universitetet, Skapande svenska. Skrattade mycket och gr\u00e4t n\u00e5gon g\u00e5ng tillsammans med studenterna n\u00e4r en av mina skriv\u00f6vningar kommit nog n\u00e4ra.<\/p>\n\n\n\n<p class=\"wp-block-paragraph\">Liggande p\u00e5 s\u00e4ngen med datorn p\u00e5 magen. Hoppat \u00f6ver frukosten, ville redigera \u00e5rsber\u00e4ttelsen till v\u00e5rt l\u00e4nstrafikbolag f\u00f6rst. Vinr\u00f6d- &amp; bl\u00e5randig morgonrock, gula yllesockor. L\u00e5ngt f\u00f6re pandemin hade jag f\u00e5tt lov att jobba hemma n\u00e5gon dag i veckan f\u00f6r att kunna skriva koncentrerat. Chefen trodde att jag satt uppr\u00e4tt vid ett bord men ibland \u00e4r dator p\u00e5 mage effektivare. Det \u00e4r resultatet som r\u00e4knas, inte arbetsst\u00e4llningen.<\/p>\n\n\n\n<p class=\"wp-block-paragraph\">P\u00e5 flotte p\u00e5 Klar\u00e4lven, i kanot p\u00e5 sj\u00f6n Bunn, i linbana ovan tr\u00e4dtopparna i Kolm\u00e5rden, i u-b\u00e5t vid Berga \u00f6rlogsbas, i milit\u00e4rt\u00e4lt n\u00e4ra havet vid Nyn\u00e4shamn, p\u00e5 St Johns East Fire Station i Brooklyn. I Hamar, O\u015bwi\u0119cim, Mariehamn, vid Ranke Strasse och Karl Johans gate. P\u00e5 scenen i M\u00e5rbackaladan med Monica Zetterlund v\u00e4ntande utanf\u00f6r. Hon hade ont i ryggen.<\/p>\n\n\n\n<p class=\"wp-block-paragraph\"><strong>&#8211; Har du haft n\u00e5gra udda arbetsrum?<\/strong><br><strong>&#8211; H\u00f6rde du inte det?<\/strong><\/p>\n\n\n\n<p class=\"wp-block-paragraph\">I lastrummet p\u00e5 ett Hercules-plan, skakad p\u00e5 v\u00e4g hem fr\u00e5n jordb\u00e4vningsbyn i \u00f6stra Turkiet.<\/p>\n\n\n\n<p class=\"wp-block-paragraph\">I ett orange tv\u00e5manst\u00e4lt intill Riksr\u00f6se 86A mitt p\u00e5 gr\u00e4nsen till Norge. Utmattad efter tre l\u00e5\u00e5\u00e5nga l\u00f6ppass i rad.<\/p>\n\n\n\n<p class=\"wp-block-paragraph\">P\u00e5 en solig terrass i grekiska Kavalla med utsikt \u00f6ver Egeiska havet medan klockorna i De heliga Anargyrois kyrka p\u00e5 andra sidan Emilianou-gatan ringde in morgonen. Ivrigt Moleskinblock i n\u00e4ven, lycklig.<\/p>\n\n\n\n<p class=\"wp-block-paragraph\">&#8211; <strong>Duger det som lista \u00f6ver arbetsrum?<\/strong><br><strong>&#8211; Det duger. Har du jobbat h\u00e5rt i ditt liv?<\/strong><br><strong>&#8211; I alla fall mycket. Jag har intervjuat en knarkhund ocks\u00e5.<\/strong><br><strong>&#8211; Utomhus?<\/strong><br><strong>&#8211; Absolut. Du h\u00f6r klicket b\u00e4ttre d\u00e5, n\u00e4r han f\u00e5r s\u00f6khalsbandet p\u00e5 sig.<\/strong><br><strong>&#8211; Gick hunn\u2019 ig\u00e5ng n\u00e4r han h\u00f6rde klicket?<\/strong><br><strong>&#8211; S\u00e5 in i norden. Har jag sagt det?<\/strong><\/p>\n\n\n\n<figure class=\"wp-block-image size-large is-resized is-style-default\"><a href=\"https:\/\/sven-ove.nu\/wp-content\/uploads\/2026\/03\/IMG_5252-1-scaled.jpg\"><img loading=\"lazy\" decoding=\"async\" width=\"1024\" height=\"1024\" src=\"https:\/\/sven-ove.nu\/wp-content\/uploads\/2026\/03\/IMG_5252-1-1024x1024.jpg\" alt=\"\" class=\"wp-image-29146\" style=\"width:277px;height:auto\" srcset=\"https:\/\/sven-ove.nu\/wp-content\/uploads\/2026\/03\/IMG_5252-1-1024x1024.jpg 1024w, https:\/\/sven-ove.nu\/wp-content\/uploads\/2026\/03\/IMG_5252-1-150x150.jpg 150w, https:\/\/sven-ove.nu\/wp-content\/uploads\/2026\/03\/IMG_5252-1-300x300.jpg 300w, https:\/\/sven-ove.nu\/wp-content\/uploads\/2026\/03\/IMG_5252-1-768x768.jpg 768w, https:\/\/sven-ove.nu\/wp-content\/uploads\/2026\/03\/IMG_5252-1-1536x1536.jpg 1536w, https:\/\/sven-ove.nu\/wp-content\/uploads\/2026\/03\/IMG_5252-1-2048x2048.jpg 2048w\" sizes=\"auto, (max-width: 1024px) 100vw, 1024px\" \/><\/a><\/figure>\n\n\n\n<figure class=\"wp-block-image size-large is-resized\"><a href=\"https:\/\/sven-ove.nu\/wp-content\/uploads\/2026\/03\/IMG_1230-1.jpg\"><img loading=\"lazy\" decoding=\"async\" width=\"1024\" height=\"1024\" src=\"https:\/\/sven-ove.nu\/wp-content\/uploads\/2026\/03\/IMG_1230-1024x1024.jpg\" alt=\"\" class=\"wp-image-29149\" style=\"width:415px;height:auto\" srcset=\"https:\/\/sven-ove.nu\/wp-content\/uploads\/2026\/03\/IMG_1230-1024x1024.jpg 1024w, https:\/\/sven-ove.nu\/wp-content\/uploads\/2026\/03\/IMG_1230-150x150.jpg 150w, https:\/\/sven-ove.nu\/wp-content\/uploads\/2026\/03\/IMG_1230-300x300.jpg 300w, https:\/\/sven-ove.nu\/wp-content\/uploads\/2026\/03\/IMG_1230-768x768.jpg 768w, https:\/\/sven-ove.nu\/wp-content\/uploads\/2026\/03\/IMG_1230-1.jpg 1468w\" sizes=\"auto, (max-width: 1024px) 100vw, 1024px\" \/><\/a><\/figure>\n\n\n\n<figure class=\"wp-block-image size-large is-resized\"><a href=\"https:\/\/sven-ove.nu\/wp-content\/uploads\/2026\/03\/IMG_5254-1.png\"><img loading=\"lazy\" decoding=\"async\" width=\"1024\" height=\"694\" src=\"https:\/\/sven-ove.nu\/wp-content\/uploads\/2026\/03\/IMG_5254-1024x694.png\" alt=\"\" class=\"wp-image-29152\" style=\"aspect-ratio:1.475541299117883;width:585px;height:auto\" srcset=\"https:\/\/sven-ove.nu\/wp-content\/uploads\/2026\/03\/IMG_5254-1024x694.png 1024w, https:\/\/sven-ove.nu\/wp-content\/uploads\/2026\/03\/IMG_5254-300x203.png 300w, https:\/\/sven-ove.nu\/wp-content\/uploads\/2026\/03\/IMG_5254-768x520.png 768w, https:\/\/sven-ove.nu\/wp-content\/uploads\/2026\/03\/IMG_5254-1.png 1500w\" sizes=\"auto, (max-width: 1024px) 100vw, 1024px\" \/><\/a><\/figure>\n\n\n\n<figure class=\"wp-block-image size-large is-resized\"><a href=\"https:\/\/sven-ove.nu\/wp-content\/uploads\/2026\/03\/IMG_5257-scaled.jpg\"><img loading=\"lazy\" decoding=\"async\" width=\"660\" height=\"1024\" src=\"https:\/\/sven-ove.nu\/wp-content\/uploads\/2026\/03\/IMG_5257-660x1024.jpg\" alt=\"\" class=\"wp-image-29151\" style=\"aspect-ratio:0.6445410849164569;width:688px;height:auto\" srcset=\"https:\/\/sven-ove.nu\/wp-content\/uploads\/2026\/03\/IMG_5257-660x1024.jpg 660w, https:\/\/sven-ove.nu\/wp-content\/uploads\/2026\/03\/IMG_5257-194x300.jpg 194w, https:\/\/sven-ove.nu\/wp-content\/uploads\/2026\/03\/IMG_5257-768x1191.jpg 768w, https:\/\/sven-ove.nu\/wp-content\/uploads\/2026\/03\/IMG_5257-990x1536.jpg 990w, https:\/\/sven-ove.nu\/wp-content\/uploads\/2026\/03\/IMG_5257-1320x2048.jpg 1320w, https:\/\/sven-ove.nu\/wp-content\/uploads\/2026\/03\/IMG_5257-scaled.jpg 1650w\" sizes=\"auto, (max-width: 660px) 100vw, 660px\" \/><\/a><\/figure>\n\n\n\n<figure class=\"wp-block-image size-large\"><a href=\"https:\/\/sven-ove.nu\/wp-content\/uploads\/2026\/03\/IMG_5250-1.jpg\"><img loading=\"lazy\" decoding=\"async\" width=\"1024\" height=\"525\" src=\"https:\/\/sven-ove.nu\/wp-content\/uploads\/2026\/03\/IMG_5250-1024x525.jpg\" alt=\"\" class=\"wp-image-29153\" srcset=\"https:\/\/sven-ove.nu\/wp-content\/uploads\/2026\/03\/IMG_5250-1024x525.jpg 1024w, https:\/\/sven-ove.nu\/wp-content\/uploads\/2026\/03\/IMG_5250-300x154.jpg 300w, https:\/\/sven-ove.nu\/wp-content\/uploads\/2026\/03\/IMG_5250-766x393.jpg 766w, https:\/\/sven-ove.nu\/wp-content\/uploads\/2026\/03\/IMG_5250-1.jpg 1507w\" sizes=\"auto, (max-width: 1024px) 100vw, 1024px\" \/><\/a><\/figure>\n\n\n\n<p class=\"wp-block-paragraph\"><em><strong>BILDER<\/strong>: <\/em><br># <em>Intervjuar badande vid Tr\u00f6tviks badplats i sj\u00f6n Rottnen, Gr\u00e4smark. <\/em><br># <em>Huggit ved. <\/em><br><em># Flotten fr\u00e5n reportageresan med familjen p\u00e5 Klar\u00e4lven. <\/em><br># <em>&#8221;Vill du ha en bit \u00e4pple?&#8221; fr\u00e5gar kvinnan i den jordb\u00e4vningsdrabbade byn i Turkiet.<\/em><br><em># Tidningen Sirenens uts\u00e4nde p\u00e5 St Johns East Fire station i Brooklyn, New York.<\/em><\/p>\n\n\n\n<p class=\"wp-block-paragraph\"><em>Sista bilden \u00e4r fr\u00e5n ett av mina boksl\u00e4pp p\u00e5 Gamla Kraftstationen i Deje, h\u00e4r n\u00e5got beskuren. (Foto: Sandra Bornstedt).<\/em><\/p>\n\n\n\n<p class=\"has-background wp-block-paragraph\" style=\"background-color:#c3f1a6\"><a href=\"https:\/\/sven-ove.nu\/\">Hem<\/a>&nbsp;|&nbsp;<a href=\"https:\/\/sven-ove.nu\/?page_id=170\">Om mig<\/a>&nbsp;|&nbsp;<a href=\"https:\/\/sven-ove.nu\/?page_id=1385\">Skriva &amp; prata<\/a>&nbsp;|&nbsp;<a href=\"https:\/\/sven-ove.nu\/?page_id=100\">Politik<\/a>&nbsp;|&nbsp;<a href=\"https:\/\/sven-ove.nu\/?page_id=102\">L\u00f6pa<\/a>&nbsp;|&nbsp;<a href=\"https:\/\/sven-ove.nu\/?page_id=108\">Viktor Root<\/a>&nbsp;&nbsp;<br><em>Inl\u00e4gg nr 2 564, (c) Sven-Ove Svensson (men dela g\u00e4rna<\/em>).<\/p>\n","protected":false},"excerpt":{"rendered":"<p>N\u00e4r livet \u00e4r b\u00e4st \u00e4r det arbete och k\u00e4rlek.Platsen \u00e4r inte s\u00e5 viktig.Men jag undrar hur m\u00e5nga arbetsrum jag haft? &#8211; Med eller utan tak?&#8211; B\u00e5de och.&#8211; Har inte du jobbat p\u00e5 en v\u00e4ldig massa st\u00e4llen?&#8211; F\u00f6r all del. I vedskjulet hemma p\u00e5 v\u00e5rt sm\u00e5jordbruk. Farmors kamin beh\u00f6vde ved. Ovanp\u00e5 h\u00f6lass efter h\u00f6lass: \u201dSt\u00e5 \u00f4pp &hellip; <a href=\"https:\/\/sven-ove.nu\/?p=29139\" class=\"more-link\">Forts\u00e4tt l\u00e4sa <span class=\"screen-reader-text\">Mina arbetsrum<\/span><\/a><\/p>\n","protected":false},"author":1,"featured_media":0,"comment_status":"closed","ping_status":"open","sticky":false,"template":"","format":"standard","meta":{"_crdt_document":"","_monsterinsights_skip_tracking":false,"_monsterinsights_sitenote_active":false,"_monsterinsights_sitenote_note":"","_monsterinsights_sitenote_category":0,"footnotes":""},"categories":[10,28,6,4],"tags":[3,8,24,15,21,13],"class_list":["post-29139","post","type-post","status-publish","format-standard","hentry","category-familjen","category-kreativt-folk","category-natur","category-skrivande","tag-arbete","tag-historia","tag-karlek","tag-mediedjungeln","tag-ord","tag-utrustning"],"_links":{"self":[{"href":"https:\/\/sven-ove.nu\/index.php?rest_route=\/wp\/v2\/posts\/29139","targetHints":{"allow":["GET"]}}],"collection":[{"href":"https:\/\/sven-ove.nu\/index.php?rest_route=\/wp\/v2\/posts"}],"about":[{"href":"https:\/\/sven-ove.nu\/index.php?rest_route=\/wp\/v2\/types\/post"}],"author":[{"embeddable":true,"href":"https:\/\/sven-ove.nu\/index.php?rest_route=\/wp\/v2\/users\/1"}],"replies":[{"embeddable":true,"href":"https:\/\/sven-ove.nu\/index.php?rest_route=%2Fwp%2Fv2%2Fcomments&post=29139"}],"version-history":[{"count":20,"href":"https:\/\/sven-ove.nu\/index.php?rest_route=\/wp\/v2\/posts\/29139\/revisions"}],"predecessor-version":[{"id":29171,"href":"https:\/\/sven-ove.nu\/index.php?rest_route=\/wp\/v2\/posts\/29139\/revisions\/29171"}],"wp:attachment":[{"href":"https:\/\/sven-ove.nu\/index.php?rest_route=%2Fwp%2Fv2%2Fmedia&parent=29139"}],"wp:term":[{"taxonomy":"category","embeddable":true,"href":"https:\/\/sven-ove.nu\/index.php?rest_route=%2Fwp%2Fv2%2Fcategories&post=29139"},{"taxonomy":"post_tag","embeddable":true,"href":"https:\/\/sven-ove.nu\/index.php?rest_route=%2Fwp%2Fv2%2Ftags&post=29139"}],"curies":[{"name":"wp","href":"https:\/\/api.w.org\/{rel}","templated":true}]}}