{"id":2937,"date":"2012-08-18T04:00:11","date_gmt":"2012-08-18T03:00:11","guid":{"rendered":"http:\/\/sven-ove.nu\/?p=2937"},"modified":"2012-08-19T09:24:35","modified_gmt":"2012-08-19T08:24:35","slug":"vader-sa-bra","status":"publish","type":"post","link":"https:\/\/sven-ove.nu\/?p=2937","title":{"rendered":"V\u00e4der? S\u00e5 bra"},"content":{"rendered":"<p><a href=\"https:\/\/sven-ove.nu\/wp-content\/uploads\/2012\/08\/V\u00e5ta-solglas\u00f6gon1.jpg\"><img loading=\"lazy\" decoding=\"async\" class=\"alignleft size-medium wp-image-2941\" title=\"V\u00e5ta solglas\u00f6gon\" src=\"https:\/\/sven-ove.nu\/wp-content\/uploads\/2012\/08\/V\u00e5ta-solglas\u00f6gon1-225x300.jpg\" alt=\"\" width=\"225\" height=\"300\" srcset=\"https:\/\/sven-ove.nu\/wp-content\/uploads\/2012\/08\/V\u00e5ta-solglas\u00f6gon1-225x300.jpg 225w, https:\/\/sven-ove.nu\/wp-content\/uploads\/2012\/08\/V\u00e5ta-solglas\u00f6gon1-768x1024.jpg 768w, https:\/\/sven-ove.nu\/wp-content\/uploads\/2012\/08\/V\u00e5ta-solglas\u00f6gon1.jpg 1200w\" sizes=\"auto, (max-width: 225px) 100vw, 225px\" \/><\/a>Det \u00e4r s\u00e5 bra att jag inte har slitit ut <a href=\"http:\/\/www.aftonbladet.se\/nyheter\/article15278134.ab\" target=\"_blank\">solglas\u00f6gonen<\/a>. Nu r\u00e4cker de ett \u00e5r till.<\/p>\n<p>Det \u00e4r s\u00e5 bra att jag <a href=\"http:\/\/www.vf.se\/nyheter\/allman\/bra-turistsasong-trots-ovadret\" target=\"_blank\">inte klagar<\/a> p\u00e5 v\u00e4dret. Nu kan jag anv\u00e4nda mina klagom\u00e5l till n\u00e5got annat som jag kommer p\u00e5.<\/p>\n<p>Det \u00e4r s\u00e5 synd att s\u00e5 m\u00e5nga \u00e4r s\u00e5 upptagna av v\u00e4dret men s\u00e5 f\u00e5 av <a href=\"http:\/\/www.parholmgren.se\/\">klimatet<\/a>.<\/p>\n<p><strong>Medan svenska folket klagar p\u00e5 n\u00e5gra millimeter regn sm\u00e4lter polarisarna.<\/strong><\/p>\n<p>&nbsp;<\/p>\n<p>&nbsp;<\/p>\n","protected":false},"excerpt":{"rendered":"<p>Det \u00e4r s\u00e5 bra att jag inte har slitit ut solglas\u00f6gonen. Nu r\u00e4cker de ett \u00e5r till. Det \u00e4r s\u00e5 bra att jag inte klagar p\u00e5 v\u00e4dret. Nu kan jag anv\u00e4nda mina klagom\u00e5l till n\u00e5got annat som jag kommer p\u00e5. Det \u00e4r s\u00e5 synd att s\u00e5 m\u00e5nga \u00e4r s\u00e5 upptagna av v\u00e4dret men s\u00e5 f\u00e5 &hellip; <a href=\"https:\/\/sven-ove.nu\/?p=2937\" class=\"more-link\">Forts\u00e4tt l\u00e4sa <span class=\"screen-reader-text\">V\u00e4der? S\u00e5 bra<\/span><\/a><\/p>\n","protected":false},"author":1,"featured_media":0,"comment_status":"open","ping_status":"open","sticky":false,"template":"","format":"standard","meta":{"_crdt_document":"","_monsterinsights_skip_tracking":false,"_monsterinsights_sitenote_active":false,"_monsterinsights_sitenote_note":"","_monsterinsights_sitenote_category":0,"footnotes":""},"categories":[6],"tags":[7],"class_list":["post-2937","post","type-post","status-publish","format-standard","hentry","category-natur","tag-miljo"],"_links":{"self":[{"href":"https:\/\/sven-ove.nu\/index.php?rest_route=\/wp\/v2\/posts\/2937","targetHints":{"allow":["GET"]}}],"collection":[{"href":"https:\/\/sven-ove.nu\/index.php?rest_route=\/wp\/v2\/posts"}],"about":[{"href":"https:\/\/sven-ove.nu\/index.php?rest_route=\/wp\/v2\/types\/post"}],"author":[{"embeddable":true,"href":"https:\/\/sven-ove.nu\/index.php?rest_route=\/wp\/v2\/users\/1"}],"replies":[{"embeddable":true,"href":"https:\/\/sven-ove.nu\/index.php?rest_route=%2Fwp%2Fv2%2Fcomments&post=2937"}],"version-history":[{"count":9,"href":"https:\/\/sven-ove.nu\/index.php?rest_route=\/wp\/v2\/posts\/2937\/revisions"}],"predecessor-version":[{"id":2940,"href":"https:\/\/sven-ove.nu\/index.php?rest_route=\/wp\/v2\/posts\/2937\/revisions\/2940"}],"wp:attachment":[{"href":"https:\/\/sven-ove.nu\/index.php?rest_route=%2Fwp%2Fv2%2Fmedia&parent=2937"}],"wp:term":[{"taxonomy":"category","embeddable":true,"href":"https:\/\/sven-ove.nu\/index.php?rest_route=%2Fwp%2Fv2%2Fcategories&post=2937"},{"taxonomy":"post_tag","embeddable":true,"href":"https:\/\/sven-ove.nu\/index.php?rest_route=%2Fwp%2Fv2%2Ftags&post=2937"}],"curies":[{"name":"wp","href":"https:\/\/api.w.org\/{rel}","templated":true}]}}