{"id":2962,"date":"2012-08-21T04:00:09","date_gmt":"2012-08-21T03:00:09","guid":{"rendered":"http:\/\/sven-ove.nu\/?p=2962"},"modified":"2012-08-18T13:14:05","modified_gmt":"2012-08-18T12:14:05","slug":"pekpinnetittarstormen","status":"publish","type":"post","link":"https:\/\/sven-ove.nu\/?p=2962","title":{"rendered":"Pekpinnev\u00e4dertittarstormen"},"content":{"rendered":"<p>Jo du p\u00f4jk, d\u00e4 ska ja s\u00e4ge dig att ja \u00e4 s\u00e5 illa gammel s\u00e5 ja minns v\u00e4lditt tydligt vicket v\u00e4sen d\u00e4 ble i Svea rike den kv\u00e4llen som meteorologen p\u00e5 tv pl\u00f6tsligt inte anv\u00e4nde pekpinne.<\/p>\n<p>F\u00f4lk va st\u00f4llige.<br \/>\n&#8211; Han peker ju m\u00e4 hanna!<\/p>\n<p>&nbsp;<\/p>\n<p style=\"padding-left: 30px;\"><span style=\"text-decoration: underline;\">Fakta<\/span>:<em> <\/em><a href=\"http:\/\/www.sydsvenskan.se\/sverige\/meteorologer-varnade-for-framtida-ovader\/\">Pohlman fick 50 pekpinnar med posten under tittarstormen<\/a>.<em><br \/>\n<\/em><span style=\"text-decoration: underline;\">\u00d6vers\u00e4ttning<\/span>: <em>Jo du pojke, det ska jag s\u00e4ga dig att jag \u00e4r s\u00e5 illa gammal s\u00e5 jag minns v\u00e4ldigt tydligt vilket v\u00e4sen det blev i Svea rike den kv\u00e4llen som meteorologen p\u00e5 tv pl\u00f6tsligt inte anv\u00e4nde pekpinne. Folk var stolliga. \u2013 Han pekar ju med handen!<\/em><\/p>\n<p style=\"padding-left: 30px;\">PS. <strong>F\u00f6delsedag<\/strong>. I dag t\u00e4nker jag p\u00e5 han som skulle ha fyllt 90 \u00e5r om han levat. Pappa. Det h\u00e4nder fortfarande att jag f\u00e5r impulsen att ringa honom och diskutera n\u00e5gon f\u00e4rsk dumhet i v\u00e4rlden. <a href=\"http:\/\/arbetaren.se\/artiklar\/sveket-som-golvade-socialismen\/\" target=\"_blank\">Inmarschen i Tjeckoslovakien<\/a> skedde p\u00e5 hans f\u00f6delsedag, \u00e4nnu en av dessa dumheter vi st\u00e4ndigt p\u00e5mindes om. DS.<\/p>\n<p>&nbsp;<\/p>\n<p>&nbsp;<\/p>\n","protected":false},"excerpt":{"rendered":"<p>Jo du p\u00f4jk, d\u00e4 ska ja s\u00e4ge dig att ja \u00e4 s\u00e5 illa gammel s\u00e5 ja minns v\u00e4lditt tydligt vicket v\u00e4sen d\u00e4 ble i Svea rike den kv\u00e4llen som meteorologen p\u00e5 tv pl\u00f6tsligt inte anv\u00e4nde pekpinne. F\u00f4lk va st\u00f4llige. &#8211; Han peker ju m\u00e4 hanna! &nbsp; Fakta: Pohlman fick 50 pekpinnar med posten under tittarstormen. &hellip; <a href=\"https:\/\/sven-ove.nu\/?p=2962\" class=\"more-link\">Forts\u00e4tt l\u00e4sa <span class=\"screen-reader-text\">Pekpinnev\u00e4dertittarstormen<\/span><\/a><\/p>\n","protected":false},"author":1,"featured_media":0,"comment_status":"open","ping_status":"open","sticky":false,"template":"","format":"standard","meta":{"_crdt_document":"","_monsterinsights_skip_tracking":false,"_monsterinsights_sitenote_active":false,"_monsterinsights_sitenote_note":"","_monsterinsights_sitenote_category":0,"footnotes":""},"categories":[1],"tags":[8,15],"class_list":["post-2962","post","type-post","status-publish","format-standard","hentry","category-uncategorized","tag-historia","tag-mediedjungeln"],"_links":{"self":[{"href":"https:\/\/sven-ove.nu\/index.php?rest_route=\/wp\/v2\/posts\/2962","targetHints":{"allow":["GET"]}}],"collection":[{"href":"https:\/\/sven-ove.nu\/index.php?rest_route=\/wp\/v2\/posts"}],"about":[{"href":"https:\/\/sven-ove.nu\/index.php?rest_route=\/wp\/v2\/types\/post"}],"author":[{"embeddable":true,"href":"https:\/\/sven-ove.nu\/index.php?rest_route=\/wp\/v2\/users\/1"}],"replies":[{"embeddable":true,"href":"https:\/\/sven-ove.nu\/index.php?rest_route=%2Fwp%2Fv2%2Fcomments&post=2962"}],"version-history":[{"count":12,"href":"https:\/\/sven-ove.nu\/index.php?rest_route=\/wp\/v2\/posts\/2962\/revisions"}],"predecessor-version":[{"id":2982,"href":"https:\/\/sven-ove.nu\/index.php?rest_route=\/wp\/v2\/posts\/2962\/revisions\/2982"}],"wp:attachment":[{"href":"https:\/\/sven-ove.nu\/index.php?rest_route=%2Fwp%2Fv2%2Fmedia&parent=2962"}],"wp:term":[{"taxonomy":"category","embeddable":true,"href":"https:\/\/sven-ove.nu\/index.php?rest_route=%2Fwp%2Fv2%2Fcategories&post=2962"},{"taxonomy":"post_tag","embeddable":true,"href":"https:\/\/sven-ove.nu\/index.php?rest_route=%2Fwp%2Fv2%2Ftags&post=2962"}],"curies":[{"name":"wp","href":"https:\/\/api.w.org\/{rel}","templated":true}]}}