{"id":29979,"date":"2026-08-30T04:18:00","date_gmt":"2026-08-30T03:18:00","guid":{"rendered":"https:\/\/sven-ove.nu\/?p=29979"},"modified":"2026-08-29T20:23:02","modified_gmt":"2026-08-29T19:23:02","slug":"battre-an-boken","status":"publish","type":"post","link":"https:\/\/sven-ove.nu\/?p=29979","title":{"rendered":"B\u00e4ttre \u00e4n boken"},"content":{"rendered":"\n<figure class=\"wp-block-image size-large\"><a href=\"https:\/\/sven-ove.nu\/wp-content\/uploads\/2026\/08\/Liljecronas-hem-scaled.jpeg\"><img loading=\"lazy\" decoding=\"async\" width=\"1024\" height=\"768\" src=\"https:\/\/sven-ove.nu\/wp-content\/uploads\/2026\/08\/Liljecronas-hem-1024x768.jpeg\" alt=\"\" class=\"wp-image-29980\" srcset=\"https:\/\/sven-ove.nu\/wp-content\/uploads\/2026\/08\/Liljecronas-hem-1024x768.jpeg 1024w, https:\/\/sven-ove.nu\/wp-content\/uploads\/2026\/08\/Liljecronas-hem-300x225.jpeg 300w, https:\/\/sven-ove.nu\/wp-content\/uploads\/2026\/08\/Liljecronas-hem-768x576.jpeg 768w, https:\/\/sven-ove.nu\/wp-content\/uploads\/2026\/08\/Liljecronas-hem-1536x1152.jpeg 1536w, https:\/\/sven-ove.nu\/wp-content\/uploads\/2026\/08\/Liljecronas-hem-2048x1536.jpeg 2048w\" sizes=\"auto, (max-width: 1024px) 100vw, 1024px\" \/><\/a><\/figure>\n\n\n\n<blockquote class=\"wp-block-quote is-layout-flow wp-block-quote-is-layout-flow\">\n<p class=\"wp-block-paragraph\">Jag m\u00e5ste erk\u00e4nna att Liljecronas hem fr\u00e5n 1911 inte \u00e4r Selma Lagerl\u00f6fs b\u00e4sta roman.<br>Jag tycker inte det.<\/p>\n<\/blockquote>\n\n\n\n<p class=\"wp-block-paragraph\"><strong>Hon<\/strong> &#8211; \u00e4r en av mina favoritf\u00f6rfattare.<br><strong>Boken<\/strong> &#8211; \u00e4r lite f\u00f6r spretig och osammanh\u00e4ngande f\u00f6r min smak. S\u00e4rskilt n\u00e4r jag vet att f\u00f6rfattarinnan kunde s\u00e5 mycket b\u00e4ttre.<br><strong>Men f\u00f6rest\u00e4llningen<\/strong> &#8211; k\u00e4ra n\u00e5n vad V\u00e4stan\u00e5 Teater f\u00f6rvaltar det b\u00e4sta ur romanen. Succ\u00e9 igen i v\u00e5rt \u00e5sk\u00e5darg\u00e4ng.<\/p>\n\n\n\n<p class=\"wp-block-paragraph\">Stort tack, Stinnerboms och alla ni andra i Ber\u00e4ttarladan.<br>Trivs.<\/p>\n\n\n\n<p class=\"wp-block-paragraph\"><em>#<\/em><strong><em>#<\/em><\/strong><em># Ja, jag skrattade. Mer \u00e4n vanligt i V\u00e4stan\u00e5s f\u00f6rest\u00e4llningar.<\/em><br><em>### Ja, jag fick t\u00e5rar i \u00f6gonen tre g\u00e5nger.<\/em><br><em>### Ja, musikens rytm sitter fortfarande i kroppen n\u00e4r jag skriver detta.<\/em><\/p>\n\n\n\n<figure class=\"wp-block-image size-large\"><a href=\"https:\/\/sven-ove.nu\/wp-content\/uploads\/2026\/08\/Liljecronas_hem_260609_HL4168-scaled.webp\"><img loading=\"lazy\" decoding=\"async\" width=\"683\" height=\"1024\" src=\"https:\/\/sven-ove.nu\/wp-content\/uploads\/2026\/08\/Liljecronas_hem_260609_HL4168-683x1024.webp\" alt=\"\" class=\"wp-image-29981\" srcset=\"https:\/\/sven-ove.nu\/wp-content\/uploads\/2026\/08\/Liljecronas_hem_260609_HL4168-683x1024.webp 683w, https:\/\/sven-ove.nu\/wp-content\/uploads\/2026\/08\/Liljecronas_hem_260609_HL4168-200x300.webp 200w, https:\/\/sven-ove.nu\/wp-content\/uploads\/2026\/08\/Liljecronas_hem_260609_HL4168-768x1151.webp 768w, https:\/\/sven-ove.nu\/wp-content\/uploads\/2026\/08\/Liljecronas_hem_260609_HL4168-1024x1536.webp 1024w, https:\/\/sven-ove.nu\/wp-content\/uploads\/2026\/08\/Liljecronas_hem_260609_HL4168-1366x2048.webp 1366w, https:\/\/sven-ove.nu\/wp-content\/uploads\/2026\/08\/Liljecronas_hem_260609_HL4168-scaled.webp 1707w\" sizes=\"auto, (max-width: 683px) 100vw, 683px\" \/><\/a><\/figure>\n\n\n\n<p class=\"wp-block-paragraph\"><em>Sven Liljecrona (Lars Qvarnstr\u00f6m) lyfter sin \u00e4lskade Maja Lisa (Margit Myhr).<br>(Foto: H\u00e5kan Larsson)<\/em><\/p>\n\n\n\n<p class=\"has-light-blue-background-color has-background wp-block-paragraph\"><a href=\"https:\/\/sven-ove.nu\/\">Hem<\/a>&nbsp;|&nbsp;<a href=\"https:\/\/sven-ove.nu\/?page_id=170\">Om mig<\/a>&nbsp;|&nbsp;<a href=\"https:\/\/sven-ove.nu\/?page_id=1385\">Skriva &amp; prata<\/a>&nbsp;|&nbsp;<a href=\"https:\/\/sven-ove.nu\/?page_id=100\">Politik<\/a>&nbsp;|&nbsp;<a href=\"https:\/\/sven-ove.nu\/?page_id=102\">L\u00f6pa<\/a>&nbsp;|&nbsp;<a href=\"https:\/\/sven-ove.nu\/?page_id=108\">Viktor Root<\/a>&nbsp;&nbsp;<br>Inl\u00e4gg nr 2 628, (c) Sven-Ove Svensson (men dela g\u00e4rna).<\/p>\n","protected":false},"excerpt":{"rendered":"<p>Jag m\u00e5ste erk\u00e4nna att Liljecronas hem fr\u00e5n 1911 inte \u00e4r Selma Lagerl\u00f6fs b\u00e4sta roman.Jag tycker inte det. Hon &#8211; \u00e4r en av mina favoritf\u00f6rfattare.Boken &#8211; \u00e4r lite f\u00f6r spretig och osammanh\u00e4ngande f\u00f6r min smak. S\u00e4rskilt n\u00e4r jag vet att f\u00f6rfattarinnan kunde s\u00e5 mycket b\u00e4ttre.Men f\u00f6rest\u00e4llningen &#8211; k\u00e4ra n\u00e5n vad V\u00e4stan\u00e5 Teater f\u00f6rvaltar det b\u00e4sta ur &hellip; <a href=\"https:\/\/sven-ove.nu\/?p=29979\" class=\"more-link\">Forts\u00e4tt l\u00e4sa <span class=\"screen-reader-text\">B\u00e4ttre \u00e4n boken<\/span><\/a><\/p>\n","protected":false},"author":1,"featured_media":0,"comment_status":"closed","ping_status":"open","sticky":false,"template":"","format":"standard","meta":{"_monsterinsights_skip_tracking":false,"footnotes":""},"categories":[28,4],"tags":[24,14,21],"class_list":["post-29979","post","type-post","status-publish","format-standard","hentry","category-kreativt-folk","category-skrivande","tag-karlek","tag-lasning","tag-ord"],"_links":{"self":[{"href":"https:\/\/sven-ove.nu\/index.php?rest_route=\/wp\/v2\/posts\/29979","targetHints":{"allow":["GET"]}}],"collection":[{"href":"https:\/\/sven-ove.nu\/index.php?rest_route=\/wp\/v2\/posts"}],"about":[{"href":"https:\/\/sven-ove.nu\/index.php?rest_route=\/wp\/v2\/types\/post"}],"author":[{"embeddable":true,"href":"https:\/\/sven-ove.nu\/index.php?rest_route=\/wp\/v2\/users\/1"}],"replies":[{"embeddable":true,"href":"https:\/\/sven-ove.nu\/index.php?rest_route=%2Fwp%2Fv2%2Fcomments&post=29979"}],"version-history":[{"count":3,"href":"https:\/\/sven-ove.nu\/index.php?rest_route=\/wp\/v2\/posts\/29979\/revisions"}],"predecessor-version":[{"id":29985,"href":"https:\/\/sven-ove.nu\/index.php?rest_route=\/wp\/v2\/posts\/29979\/revisions\/29985"}],"wp:attachment":[{"href":"https:\/\/sven-ove.nu\/index.php?rest_route=%2Fwp%2Fv2%2Fmedia&parent=29979"}],"wp:term":[{"taxonomy":"category","embeddable":true,"href":"https:\/\/sven-ove.nu\/index.php?rest_route=%2Fwp%2Fv2%2Fcategories&post=29979"},{"taxonomy":"post_tag","embeddable":true,"href":"https:\/\/sven-ove.nu\/index.php?rest_route=%2Fwp%2Fv2%2Ftags&post=29979"}],"curies":[{"name":"wp","href":"https:\/\/api.w.org\/{rel}","templated":true}]}}