{"id":30004,"date":"2026-09-03T04:03:00","date_gmt":"2026-09-03T03:03:00","guid":{"rendered":"https:\/\/sven-ove.nu\/?p=30004"},"modified":"2026-08-31T17:58:00","modified_gmt":"2026-08-31T16:58:00","slug":"vart-gar-lojalitetens-granser","status":"publish","type":"post","link":"https:\/\/sven-ove.nu\/?p=30004","title":{"rendered":"Var g\u00e5r lojalitetens gr\u00e4nser"},"content":{"rendered":"\n<figure class=\"wp-block-image size-full\"><a href=\"https:\/\/sven-ove.nu\/wp-content\/uploads\/2026\/09\/15D9ED84-92A5-401B-AD66-E0F0E60AAC85.jpeg\"><img loading=\"lazy\" decoding=\"async\" width=\"400\" height=\"400\" src=\"https:\/\/sven-ove.nu\/wp-content\/uploads\/2026\/09\/15D9ED84-92A5-401B-AD66-E0F0E60AAC85.jpeg\" alt=\"\" class=\"wp-image-30008\" srcset=\"https:\/\/sven-ove.nu\/wp-content\/uploads\/2026\/09\/15D9ED84-92A5-401B-AD66-E0F0E60AAC85.jpeg 400w, https:\/\/sven-ove.nu\/wp-content\/uploads\/2026\/09\/15D9ED84-92A5-401B-AD66-E0F0E60AAC85-300x300.jpeg 300w, https:\/\/sven-ove.nu\/wp-content\/uploads\/2026\/09\/15D9ED84-92A5-401B-AD66-E0F0E60AAC85-150x150.jpeg 150w\" sizes=\"auto, (max-width: 400px) 100vw, 400px\" \/><\/a><\/figure>\n\n\n\n<blockquote class=\"wp-block-quote is-layout-flow wp-block-quote-is-layout-flow\">\n<p class=\"wp-block-paragraph\">Jag \u00e4r en lojal typ skrev jag i ett tidigare inl\u00e4gg. F\u00f6r s\u00e5 \u00e4r det. \u00c4r jag med i en f\u00f6rening s\u00e5 \u00e4r jag. Var jag anst\u00e4lld i en firma, s\u00e5 jobbade jag f\u00f6r dess b\u00e4sta.<\/p>\n\n\n\n<p class=\"wp-block-paragraph\">Men visst har det funnits intressekonflikter. <\/p>\n<\/blockquote>\n\n\n\n<p class=\"wp-block-paragraph\">Vad ska man v\u00e4lja d\u00e5, den egna \u00e5sikten eller firmans? Eller ledningsgruppens och chefens, f\u00f6r den delen.<\/p>\n\n\n\n<p class=\"wp-block-paragraph\">Jag var informat\u00f6r. Efter n\u00e5gra \u00e5r blev jag till och med informationschef, ty V\u00e5r Herre har humor. Visst d\u00f6g jag till det, men ingen kan p\u00e5st\u00e5 att jag identifierade mig som en av herrarna d\u00e4r uppe.<\/p>\n\n\n\n<p class=\"wp-block-paragraph\"><strong>Argumenterade ivrigt<\/strong><br>N\u00e5, vi skulle byta biljettmaskiner p\u00e5 V\u00e4rmlands bussar och t\u00e5g. Maskiner och samtidigt biljettsystem.<br>&#8211; Detta blir alldeles f\u00f6r dyrt f\u00f6r v\u00e5ra resen\u00e4rer. Vi borde inte\u2026 sa den ivrige infochefen, det vill s\u00e4ga jag, n\u00e4r ett dyrt f\u00f6rslag till biljettpriser lades fram.<\/p>\n\n\n\n<p class=\"wp-block-paragraph\">Chefen h\u00f6ll inte med mig.<br>Det var han som best\u00e4mde.<\/p>\n\n\n\n<p class=\"wp-block-paragraph\"><strong>Klok politiker<\/strong><br>S\u00e5 kom tr\u00e4ffen p\u00e5 ett fj\u00e4rran konferenshotell n\u00e4r vi i ledningsgruppen skulle l\u00e4gga fram de olika f\u00f6rslagen till den politiskt valda styrelsen. Mitt jobb var att presentera prislistan. Den som jag tyckte slog f\u00f6r h\u00e5rt.<br>&#8211; Blir inte detta dyrt f\u00f6r resen\u00e4rerna? sa en av politikerna i styrelsen.<\/p>\n\n\n\n<p class=\"wp-block-paragraph\">I det \u00f6gonblicken k\u00e4nde jag blickarna fr\u00e5n en hel bekymrad ledningsgrupp, fr\u00e5n vd till ekonomichef och alla de andra. De visste ju vad jag hade sagt p\u00e5 m\u00f6tet med ledningsgruppen. D\u00e5, n\u00e4r f\u00f6rslaget till ny prislista var uppe till diskussion.<\/p>\n\n\n\n<p class=\"wp-block-paragraph\">Vad ska han svara nu, den gode Svensson?! t\u00e4nkte de, bekymrat.<\/p>\n\n\n\n<p class=\"wp-block-paragraph\">&#8211; Blir det inte dyrt, sa fryksdalingen.<\/p>\n\n\n\n<p class=\"wp-block-paragraph\"><strong>Mitt uppgivna svar<\/strong><br>Jag tar ett djupt andetag, tittar f\u00f6rst p\u00e5 vd och sedan p\u00e5 styrelseledamoten:<br>&#8211; Firman beh\u00f6ver pengar, s\u00e4ger jag och ser uppgiven ut.<\/p>\n\n\n\n<p class=\"wp-block-paragraph\">D\u00e5 tar de beslutet.<\/p>\n\n\n\n<p class=\"has-background wp-block-paragraph\" style=\"background-color:#e8fa29\"><em>### Det h\u00e4nder att jag funderar \u00f6ver lojalitetens gr\u00e4nser.<\/em><br><em>### Samtidigt som jag tycker att politiskt \u00e4gda organisationer ytterst ska styras av sina styrelser, inte av sina tj\u00e4nstem\u00e4n.<\/em><br><br><em>Men dyrt blev det.<\/em><\/p>\n\n\n\n<p class=\"has-light-gray-background-color has-background wp-block-paragraph\"><a href=\"https:\/\/sven-ove.nu\/\">Hem<\/a>\u00a0|\u00a0<a href=\"https:\/\/sven-ove.nu\/?page_id=170\">Om mig<\/a>\u00a0|\u00a0<a href=\"https:\/\/sven-ove.nu\/?page_id=1385\">Skriva &amp; prata<\/a>\u00a0|\u00a0<a href=\"https:\/\/sven-ove.nu\/?page_id=100\">Politik<\/a>\u00a0|\u00a0<a href=\"https:\/\/sven-ove.nu\/?page_id=102\">L\u00f6pa<\/a>\u00a0|\u00a0<a href=\"https:\/\/sven-ove.nu\/?page_id=108\">Viktor Root<\/a>\u00a0\u00a0<br>Inl\u00e4gg nr 2 632, (c) Sven-Ove Svensson (men dela g\u00e4rna).<\/p>\n","protected":false},"excerpt":{"rendered":"<p>Jag \u00e4r en lojal typ skrev jag i ett tidigare inl\u00e4gg. F\u00f6r s\u00e5 \u00e4r det. \u00c4r jag med i en f\u00f6rening s\u00e5 \u00e4r jag. Var jag anst\u00e4lld i en firma, s\u00e5 jobbade jag f\u00f6r dess b\u00e4sta. Men visst har det funnits intressekonflikter. Vad ska man v\u00e4lja d\u00e5, den egna \u00e5sikten eller firmans? Eller ledningsgruppens och &hellip; <a href=\"https:\/\/sven-ove.nu\/?p=30004\" class=\"more-link\">Forts\u00e4tt l\u00e4sa <span class=\"screen-reader-text\">Var g\u00e5r lojalitetens gr\u00e4nser<\/span><\/a><\/p>\n","protected":false},"author":1,"featured_media":0,"comment_status":"closed","ping_status":"open","sticky":false,"template":"","format":"standard","meta":{"_monsterinsights_skip_tracking":false,"footnotes":""},"categories":[28,9],"tags":[3,8],"class_list":["post-30004","post","type-post","status-publish","format-standard","hentry","category-kreativt-folk","category-politik","tag-arbete","tag-historia"],"_links":{"self":[{"href":"https:\/\/sven-ove.nu\/index.php?rest_route=\/wp\/v2\/posts\/30004","targetHints":{"allow":["GET"]}}],"collection":[{"href":"https:\/\/sven-ove.nu\/index.php?rest_route=\/wp\/v2\/posts"}],"about":[{"href":"https:\/\/sven-ove.nu\/index.php?rest_route=\/wp\/v2\/types\/post"}],"author":[{"embeddable":true,"href":"https:\/\/sven-ove.nu\/index.php?rest_route=\/wp\/v2\/users\/1"}],"replies":[{"embeddable":true,"href":"https:\/\/sven-ove.nu\/index.php?rest_route=%2Fwp%2Fv2%2Fcomments&post=30004"}],"version-history":[{"count":5,"href":"https:\/\/sven-ove.nu\/index.php?rest_route=\/wp\/v2\/posts\/30004\/revisions"}],"predecessor-version":[{"id":30017,"href":"https:\/\/sven-ove.nu\/index.php?rest_route=\/wp\/v2\/posts\/30004\/revisions\/30017"}],"wp:attachment":[{"href":"https:\/\/sven-ove.nu\/index.php?rest_route=%2Fwp%2Fv2%2Fmedia&parent=30004"}],"wp:term":[{"taxonomy":"category","embeddable":true,"href":"https:\/\/sven-ove.nu\/index.php?rest_route=%2Fwp%2Fv2%2Fcategories&post=30004"},{"taxonomy":"post_tag","embeddable":true,"href":"https:\/\/sven-ove.nu\/index.php?rest_route=%2Fwp%2Fv2%2Ftags&post=30004"}],"curies":[{"name":"wp","href":"https:\/\/api.w.org\/{rel}","templated":true}]}}