{"id":30011,"date":"2026-09-02T04:51:00","date_gmt":"2026-09-02T03:51:00","guid":{"rendered":"https:\/\/sven-ove.nu\/?p=30011"},"modified":"2026-08-31T17:55:45","modified_gmt":"2026-08-31T16:55:45","slug":"partiet-blaser-svenska-arbetare","status":"publish","type":"post","link":"https:\/\/sven-ove.nu\/?p=30011","title":{"rendered":"Partiet bl\u00e5ser svenska arbetare"},"content":{"rendered":"\n<figure class=\"wp-block-image size-large\"><a href=\"https:\/\/sven-ove.nu\/wp-content\/uploads\/2026\/08\/Skarmavbild-2026-08-31-kl.-18.44.24.png\"><img loading=\"lazy\" decoding=\"async\" width=\"952\" height=\"1024\" src=\"https:\/\/sven-ove.nu\/wp-content\/uploads\/2026\/08\/Skarmavbild-2026-08-31-kl.-18.44.24-952x1024.png\" alt=\"\" class=\"wp-image-30012\" srcset=\"https:\/\/sven-ove.nu\/wp-content\/uploads\/2026\/08\/Skarmavbild-2026-08-31-kl.-18.44.24-952x1024.png 952w, https:\/\/sven-ove.nu\/wp-content\/uploads\/2026\/08\/Skarmavbild-2026-08-31-kl.-18.44.24-279x300.png 279w, https:\/\/sven-ove.nu\/wp-content\/uploads\/2026\/08\/Skarmavbild-2026-08-31-kl.-18.44.24-768x826.png 768w, https:\/\/sven-ove.nu\/wp-content\/uploads\/2026\/08\/Skarmavbild-2026-08-31-kl.-18.44.24.png 1190w\" sizes=\"auto, (max-width: 952px) 100vw, 952px\" \/><\/a><\/figure>\n\n\n\n<blockquote class=\"wp-block-quote is-layout-flow wp-block-quote-is-layout-flow\">\n<p class=\"wp-block-paragraph\">I Katalys nya rapport visar <strong>Tony Johansson<\/strong> hur Sverigedemokraterna konsekvent har brutit sina l\u00f6ften till svenska arbetare.<\/p>\n<\/blockquote>\n\n\n\n<p class=\"wp-block-paragraph\">De har gjort livet sv\u00e5rare f\u00f6r vanligt folk.<\/p>\n\n\n\n<p class=\"has-light-blue-background-color has-background wp-block-paragraph\">KLICKA OCH L\u00c4S RAPPORTEN H\u00c4R:<br><strong><a href=\"https:\/\/www.katalys.se\/wp-content\/uploads\/2026\/08\/Katalys-Argument-2026-2.pdf?utm_source=Nyhetsbrev%2Fgenerella+listan&amp;utm_campaign=bbf2a529ff-EMAIL_CAMPAIGN_2020_02_19_03_15_COPY_01&amp;utm_medium=email&amp;utm_term=0_18fc1107e3-bbf2a529ff-135305493\">Jimmie bl\u00e5ser dig<\/a><\/strong><br><strong><a href=\"https:\/\/www.katalys.se\/wp-content\/uploads\/2026\/08\/Katalys-Argument-2026-2.pdf?utm_source=Nyhetsbrev%2Fgenerella+listan&amp;utm_campaign=bbf2a529ff-EMAIL_CAMPAIGN_2020_02_19_03_15_COPY_01&amp;utm_medium=email&amp;utm_term=0_18fc1107e3-bbf2a529ff-135305493\">Sverigedemokraternas arbetarfientliga politik<\/a><\/strong><\/p>\n\n\n\n<p class=\"wp-block-paragraph\"><strong>Fyra \u00e5r med Tid\u00f6<\/strong><br>H\u00e4r \u00e4r n\u00e5gra exempel, skriver Katalys:<br><br><strong>\u201dA-kassan f\u00f6rs\u00e4mrades.<\/strong> Jimmie \u00c5kesson lovade att g\u00e5 i opposition om Moderaterna f\u00f6rs\u00e4mrade a-kassan. Nu tvingas m\u00e5nga arbetsl\u00f6sa klara sig p\u00e5 flera tusen kronor mindre varje&nbsp;m\u00e5nad.<\/p>\n\n\n\n<p class=\"wp-block-paragraph\"><strong>Karensavdraget blev kvar.<\/strong>&nbsp;SD lovade att skydda dem som inte kan arbeta hemifr\u00e5n. Men n\u00e4r m\u00f6jligheten kom att avskaffa karensavdraget r\u00f6stade de nej.<\/p>\n\n\n\n<p class=\"wp-block-paragraph\"><strong>Arbetsl\u00f6sheten steg.<\/strong> Sedan Tid\u00f6partierna tog makten har antalet arbetsl\u00f6sa \u00f6kat fr\u00e5n 421 000 till 510 000. Vi har Europas fj\u00e4rde h\u00f6gsta arbetsl\u00f6shet. Samtidigt har arbetsmarknadspolitiken f\u00f6rsvagats.<\/p>\n\n\n\n<p class=\"wp-block-paragraph\"><strong>V\u00e4lf\u00e4rden halkade efter.<\/strong> Statsbidragen till kommuner och regioner \u00e4r i \u00e5r 29 miljarder kronor l\u00e4gre \u00e4n vad som hade kr\u00e4vts f\u00f6r att beh\u00e5lla 2022 \u00e5rs niv\u00e5.<\/p>\n\n\n\n<p class=\"wp-block-paragraph\"><strong>Sjuka fick betala mer.<\/strong> H\u00f6gkostnadstaket f\u00f6r l\u00e4kemedel har h\u00f6jts med 900 kronor om \u00e5ret.\u201d<\/p>\n\n\n\n<p class=\"wp-block-paragraph\"><strong>H\u00f6gerparti, inte arbetarparti<\/strong><br>SD talar g\u00e4rna om svenska arbetares intressen, menar Tony Johansson. Men bakom retoriken har partiet gjort upp med den traditionella h\u00f6gern om en politik som framf\u00f6r allt gynnar m\u00e4nniskor med h\u00f6ga inkomster.<\/p>\n\n\n\n<p class=\"wp-block-paragraph\">I den h\u00e4r valr\u00f6relsen f\u00e5r Sverigedemokraterna inte komma undan med att l\u00e5tsas vara ett arbetarparti, tycker det oberoende fackliga id\u00e9institutet Katalys. Det \u00e4r h\u00f6g tid att kl\u00e4 av deras retorik.<\/p>\n\n\n\n<p class=\"wp-block-paragraph\">&#8211; Sanningen \u00e4r att SD \u00e4r&nbsp;ett ekonomiskt h\u00f6gerparti bland andra.<\/p>\n\n\n\n<p class=\"has-light-blue-background-color has-background wp-block-paragraph\">### TONY JOHANSSON \u00e4r senior r\u00e5dgivare till Katalys. <br>### Han \u00e4r doktor i ekonomisk historia, utbildad vid Lunds universitet.<\/p>\n\n\n\n<p class=\"has-light-blue-background-color has-background wp-block-paragraph\"><a href=\"https:\/\/sven-ove.nu\/\">Hem<\/a>\u00a0|\u00a0<a href=\"https:\/\/sven-ove.nu\/?page_id=170\">Om mig<\/a>\u00a0|\u00a0<a href=\"https:\/\/sven-ove.nu\/?page_id=1385\">Skriva &amp; prata<\/a>\u00a0|\u00a0<a href=\"https:\/\/sven-ove.nu\/?page_id=100\">Politik<\/a>\u00a0|\u00a0<a href=\"https:\/\/sven-ove.nu\/?page_id=102\">L\u00f6pa<\/a>\u00a0|\u00a0<a href=\"https:\/\/sven-ove.nu\/?page_id=108\">Viktor Root<\/a>\u00a0\u00a0<br>Inl\u00e4gg nr 2 631, (c) Sven-Ove Svensson (men dela g\u00e4rna).<\/p>\n","protected":false},"excerpt":{"rendered":"<p>I Katalys nya rapport visar Tony Johansson hur Sverigedemokraterna konsekvent har brutit sina l\u00f6ften till svenska arbetare. De har gjort livet sv\u00e5rare f\u00f6r vanligt folk. KLICKA OCH L\u00c4S RAPPORTEN H\u00c4R:Jimmie bl\u00e5ser digSverigedemokraternas arbetarfientliga politik Fyra \u00e5r med Tid\u00f6H\u00e4r \u00e4r n\u00e5gra exempel, skriver Katalys: \u201dA-kassan f\u00f6rs\u00e4mrades. Jimmie \u00c5kesson lovade att g\u00e5 i opposition om Moderaterna f\u00f6rs\u00e4mrade &hellip; <a href=\"https:\/\/sven-ove.nu\/?p=30011\" class=\"more-link\">Forts\u00e4tt l\u00e4sa <span class=\"screen-reader-text\">Partiet bl\u00e5ser svenska arbetare<\/span><\/a><\/p>\n","protected":false},"author":1,"featured_media":0,"comment_status":"closed","ping_status":"open","sticky":false,"template":"","format":"standard","meta":{"_monsterinsights_skip_tracking":false,"footnotes":""},"categories":[28,9],"tags":[3,16,8,18,17],"class_list":["post-30011","post","type-post","status-publish","format-standard","hentry","category-kreativt-folk","category-politik","tag-arbete","tag-dumheter","tag-historia","tag-lardomar","tag-solidaritet"],"_links":{"self":[{"href":"https:\/\/sven-ove.nu\/index.php?rest_route=\/wp\/v2\/posts\/30011","targetHints":{"allow":["GET"]}}],"collection":[{"href":"https:\/\/sven-ove.nu\/index.php?rest_route=\/wp\/v2\/posts"}],"about":[{"href":"https:\/\/sven-ove.nu\/index.php?rest_route=\/wp\/v2\/types\/post"}],"author":[{"embeddable":true,"href":"https:\/\/sven-ove.nu\/index.php?rest_route=\/wp\/v2\/users\/1"}],"replies":[{"embeddable":true,"href":"https:\/\/sven-ove.nu\/index.php?rest_route=%2Fwp%2Fv2%2Fcomments&post=30011"}],"version-history":[{"count":4,"href":"https:\/\/sven-ove.nu\/index.php?rest_route=\/wp\/v2\/posts\/30011\/revisions"}],"predecessor-version":[{"id":30016,"href":"https:\/\/sven-ove.nu\/index.php?rest_route=\/wp\/v2\/posts\/30011\/revisions\/30016"}],"wp:attachment":[{"href":"https:\/\/sven-ove.nu\/index.php?rest_route=%2Fwp%2Fv2%2Fmedia&parent=30011"}],"wp:term":[{"taxonomy":"category","embeddable":true,"href":"https:\/\/sven-ove.nu\/index.php?rest_route=%2Fwp%2Fv2%2Fcategories&post=30011"},{"taxonomy":"post_tag","embeddable":true,"href":"https:\/\/sven-ove.nu\/index.php?rest_route=%2Fwp%2Fv2%2Ftags&post=30011"}],"curies":[{"name":"wp","href":"https:\/\/api.w.org\/{rel}","templated":true}]}}