{"id":30018,"date":"2026-09-04T04:10:00","date_gmt":"2026-09-04T03:10:00","guid":{"rendered":"https:\/\/sven-ove.nu\/?p=30018"},"modified":"2026-09-02T09:15:22","modified_gmt":"2026-09-02T08:15:22","slug":"tack-for-hjalpen","status":"publish","type":"post","link":"https:\/\/sven-ove.nu\/?p=30018","title":{"rendered":"Tack f\u00f6r hj\u00e4lpen"},"content":{"rendered":"\n<figure class=\"wp-block-image size-large\"><a href=\"https:\/\/sven-ove.nu\/wp-content\/uploads\/2026\/09\/IMG_6869-scaled.jpeg\"><img loading=\"lazy\" decoding=\"async\" width=\"1024\" height=\"1024\" src=\"https:\/\/sven-ove.nu\/wp-content\/uploads\/2026\/09\/IMG_6869-1024x1024.jpeg\" alt=\"\" class=\"wp-image-30019\" srcset=\"https:\/\/sven-ove.nu\/wp-content\/uploads\/2026\/09\/IMG_6869-1024x1024.jpeg 1024w, https:\/\/sven-ove.nu\/wp-content\/uploads\/2026\/09\/IMG_6869-150x150.jpeg 150w, https:\/\/sven-ove.nu\/wp-content\/uploads\/2026\/09\/IMG_6869-300x300.jpeg 300w, https:\/\/sven-ove.nu\/wp-content\/uploads\/2026\/09\/IMG_6869-768x768.jpeg 768w, https:\/\/sven-ove.nu\/wp-content\/uploads\/2026\/09\/IMG_6869-1536x1536.jpeg 1536w, https:\/\/sven-ove.nu\/wp-content\/uploads\/2026\/09\/IMG_6869-2048x2048.jpeg 2048w\" sizes=\"auto, (max-width: 1024px) 100vw, 1024px\" \/><\/a><\/figure>\n\n\n\n<p class=\"wp-block-paragraph\">Tack, tidig arbetarr\u00f6relse. Tack liberaler (den g\u00e5ngen). Tack Selma Lagerl\u00f6f, Elin W\u00e4gner, Else Kleen, Ellen Key, Kata Dahlstr\u00f6m, Fredrik Theodor Borg, Karl Staaf, Hjalmar Branting, August Palm, Axel Danielsson, Verner von Heidenstam, August Strindberg, Gerda Hellberg, Mauritz Hellberg.<br>Och morfar.<br>Och alla ni andra.<\/p>\n\n\n\n<p class=\"wp-block-paragraph\">Om drygt en vecka g\u00e5r vi och r\u00f6star.<br>Vi f\u00e5r.<br>Det \u00e4r er f\u00f6rtj\u00e4nst, fina r\u00f6str\u00e4ttsk\u00e4mpar.<\/p>\n\n\n\n<p class=\"wp-block-paragraph\">Respekt.<\/p>\n\n\n\n<p class=\"has-light-gray-background-color has-background wp-block-paragraph\"><a href=\"https:\/\/sven-ove.nu\/\">Hem<\/a>&nbsp;|&nbsp;<a href=\"https:\/\/sven-ove.nu\/?page_id=170\">Om mig<\/a>&nbsp;|&nbsp;<a href=\"https:\/\/sven-ove.nu\/?page_id=1385\">Skriva &amp; prata<\/a>&nbsp;|&nbsp;<a href=\"https:\/\/sven-ove.nu\/?page_id=100\">Politik<\/a>&nbsp;|&nbsp;<a href=\"https:\/\/sven-ove.nu\/?page_id=102\">L\u00f6pa<\/a>&nbsp;|&nbsp;<a href=\"https:\/\/sven-ove.nu\/?page_id=108\">Viktor Root<\/a>&nbsp;&nbsp;<br>Inl\u00e4gg nr 2 633, (c) Sven-Ove Svensson (men dela g\u00e4rna).<\/p>\n","protected":false},"excerpt":{"rendered":"<p>Tack, tidig arbetarr\u00f6relse. Tack liberaler (den g\u00e5ngen). Tack Selma Lagerl\u00f6f, Elin W\u00e4gner, Else Kleen, Ellen Key, Kata Dahlstr\u00f6m, Fredrik Theodor Borg, Karl Staaf, Hjalmar Branting, August Palm, Axel Danielsson, Verner von Heidenstam, August Strindberg, Gerda Hellberg, Mauritz Hellberg.Och morfar.Och alla ni andra. Om drygt en vecka g\u00e5r vi och r\u00f6star.Vi f\u00e5r.Det \u00e4r er f\u00f6rtj\u00e4nst, fina &hellip; <a href=\"https:\/\/sven-ove.nu\/?p=30018\" class=\"more-link\">Forts\u00e4tt l\u00e4sa <span class=\"screen-reader-text\">Tack f\u00f6r hj\u00e4lpen<\/span><\/a><\/p>\n","protected":false},"author":1,"featured_media":0,"comment_status":"closed","ping_status":"open","sticky":false,"template":"","format":"standard","meta":{"_monsterinsights_skip_tracking":false,"footnotes":""},"categories":[10,28,9],"tags":[3,8,24,17],"class_list":["post-30018","post","type-post","status-publish","format-standard","hentry","category-familjen","category-kreativt-folk","category-politik","tag-arbete","tag-historia","tag-karlek","tag-solidaritet"],"_links":{"self":[{"href":"https:\/\/sven-ove.nu\/index.php?rest_route=\/wp\/v2\/posts\/30018","targetHints":{"allow":["GET"]}}],"collection":[{"href":"https:\/\/sven-ove.nu\/index.php?rest_route=\/wp\/v2\/posts"}],"about":[{"href":"https:\/\/sven-ove.nu\/index.php?rest_route=\/wp\/v2\/types\/post"}],"author":[{"embeddable":true,"href":"https:\/\/sven-ove.nu\/index.php?rest_route=\/wp\/v2\/users\/1"}],"replies":[{"embeddable":true,"href":"https:\/\/sven-ove.nu\/index.php?rest_route=%2Fwp%2Fv2%2Fcomments&post=30018"}],"version-history":[{"count":4,"href":"https:\/\/sven-ove.nu\/index.php?rest_route=\/wp\/v2\/posts\/30018\/revisions"}],"predecessor-version":[{"id":30024,"href":"https:\/\/sven-ove.nu\/index.php?rest_route=\/wp\/v2\/posts\/30018\/revisions\/30024"}],"wp:attachment":[{"href":"https:\/\/sven-ove.nu\/index.php?rest_route=%2Fwp%2Fv2%2Fmedia&parent=30018"}],"wp:term":[{"taxonomy":"category","embeddable":true,"href":"https:\/\/sven-ove.nu\/index.php?rest_route=%2Fwp%2Fv2%2Fcategories&post=30018"},{"taxonomy":"post_tag","embeddable":true,"href":"https:\/\/sven-ove.nu\/index.php?rest_route=%2Fwp%2Fv2%2Ftags&post=30018"}],"curies":[{"name":"wp","href":"https:\/\/api.w.org\/{rel}","templated":true}]}}