{"id":30025,"date":"2026-09-05T04:58:00","date_gmt":"2026-09-05T03:58:00","guid":{"rendered":"https:\/\/sven-ove.nu\/?p=30025"},"modified":"2026-09-04T10:50:48","modified_gmt":"2026-09-04T09:50:48","slug":"forlat-for-det-dumma-smeknamnet","status":"publish","type":"post","link":"https:\/\/sven-ove.nu\/?p=30025","title":{"rendered":"F\u00f6rl\u00e5t f\u00f6r det dumma smeknamnet"},"content":{"rendered":"\n<blockquote class=\"wp-block-quote is-layout-flow wp-block-quote-is-layout-flow\">\n<p class=\"wp-block-paragraph\">Vi hade v\u00e5ra duster i b\u00f6rjan.<\/p>\n<\/blockquote>\n\n\n\n<p class=\"wp-block-paragraph\">Du var inte tyst p\u00e5 n\u00e4tterna.<br>Det var ett ovant jobb att byta p\u00e5 dig.<br>Jag fick ett slingrigt s\u00e4llskap i s\u00e4ngen som drog.<\/p>\n\n\n\n<p class=\"wp-block-paragraph\">Jag fick skavs\u00e5r under n\u00e4san ocks\u00e5. \u00c4r det k\u00e4rlek, det?<\/p>\n\n\n\n<p class=\"wp-block-paragraph\">Ja, det \u00e4r v\u00e4l det. Numera g\u00e5r vattenbytet p\u00e5 kv\u00e4llen p\u00e5 ren rutin. Ljudet har jag gl\u00f6mt, du f\u00e5r v\u00e4l v\u00e4sa om du vill. \u201dSir V\u00e4s\u201d var ett elakt smeknamn, f\u00f6rl\u00e5t.<\/p>\n\n\n\n<p class=\"wp-block-paragraph\"><strong>Tack s\u00e4ngkompis!<\/strong><br>N\u00e4san har blivit garvad. Allt som beh\u00f6vdes var lite salva (ullfett!) och t\u00e5lamod.<\/p>\n\n\n\n<p class=\"wp-block-paragraph\">Och s\u00f6mnen, s\u00f6mnen! Varje morgon n\u00e4r jag tittar i mobilen s\u00e5 har jag bara slutat andas 0,8 g\u00e5nger i timmen ungef\u00e4r. Inte 32 som n\u00e4r sjukv\u00e5rden m\u00e4tte, innan.<\/p>\n\n\n\n<p class=\"wp-block-paragraph\">Tack lilla pigga maskin.<br>Jag har aldrig sovit s\u00e5 gott som nu.<\/p>\n\n\n\n<figure class=\"wp-block-image size-large\"><a href=\"https:\/\/sven-ove.nu\/wp-content\/uploads\/2026\/09\/Min-van.png\"><img loading=\"lazy\" decoding=\"async\" width=\"1024\" height=\"867\" src=\"https:\/\/sven-ove.nu\/wp-content\/uploads\/2026\/09\/Min-van-1024x867.png\" alt=\"\" class=\"wp-image-30044\" srcset=\"https:\/\/sven-ove.nu\/wp-content\/uploads\/2026\/09\/Min-van-1024x867.png 1024w, https:\/\/sven-ove.nu\/wp-content\/uploads\/2026\/09\/Min-van-300x254.png 300w, https:\/\/sven-ove.nu\/wp-content\/uploads\/2026\/09\/Min-van-768x650.png 768w, https:\/\/sven-ove.nu\/wp-content\/uploads\/2026\/09\/Min-van-1536x1301.png 1536w, https:\/\/sven-ove.nu\/wp-content\/uploads\/2026\/09\/Min-van.png 1750w\" sizes=\"auto, (max-width: 1024px) 100vw, 1024px\" \/><\/a><\/figure>\n\n\n\n<p class=\"has-dark-gray-color has-light-blue-background-color has-text-color has-background has-link-color wp-elements-1 wp-block-paragraph\"><a href=\"https:\/\/sven-ove.nu\/\">Hem<\/a>&nbsp;|&nbsp;<a href=\"https:\/\/sven-ove.nu\/?page_id=170\">Om mig<\/a>&nbsp;|&nbsp;<a href=\"https:\/\/sven-ove.nu\/?page_id=1385\">Skriva &amp; prata<\/a>&nbsp;|&nbsp;<a href=\"https:\/\/sven-ove.nu\/?page_id=100\">Politik<\/a>&nbsp;|&nbsp;<a href=\"https:\/\/sven-ove.nu\/?page_id=102\">L\u00f6pa<\/a>&nbsp;|&nbsp;<a href=\"https:\/\/sven-ove.nu\/?page_id=108\">Viktor Root<\/a>&nbsp;&nbsp;<br>Inl\u00e4gg nr 2 634, (c) Sven-Ove Svensson (men dela g\u00e4rna).<\/p>\n","protected":false},"excerpt":{"rendered":"<p>Vi hade v\u00e5ra duster i b\u00f6rjan. Du var inte tyst p\u00e5 n\u00e4tterna.Det var ett ovant jobb att byta p\u00e5 dig.Jag fick ett slingrigt s\u00e4llskap i s\u00e4ngen som drog. Jag fick skavs\u00e5r under n\u00e4san ocks\u00e5. \u00c4r det k\u00e4rlek, det? Ja, det \u00e4r v\u00e4l det. Numera g\u00e5r vattenbytet p\u00e5 kv\u00e4llen p\u00e5 ren rutin. Ljudet har jag gl\u00f6mt, &hellip; <a href=\"https:\/\/sven-ove.nu\/?p=30025\" class=\"more-link\">Forts\u00e4tt l\u00e4sa <span class=\"screen-reader-text\">F\u00f6rl\u00e5t f\u00f6r det dumma smeknamnet<\/span><\/a><\/p>\n","protected":false},"author":1,"featured_media":0,"comment_status":"closed","ping_status":"open","sticky":false,"template":"","format":"standard","meta":{"_monsterinsights_skip_tracking":false,"footnotes":""},"categories":[33,10],"tags":[24,13],"class_list":["post-30025","post","type-post","status-publish","format-standard","hentry","category-extrasak","category-familjen","tag-karlek","tag-utrustning"],"_links":{"self":[{"href":"https:\/\/sven-ove.nu\/index.php?rest_route=\/wp\/v2\/posts\/30025","targetHints":{"allow":["GET"]}}],"collection":[{"href":"https:\/\/sven-ove.nu\/index.php?rest_route=\/wp\/v2\/posts"}],"about":[{"href":"https:\/\/sven-ove.nu\/index.php?rest_route=\/wp\/v2\/types\/post"}],"author":[{"embeddable":true,"href":"https:\/\/sven-ove.nu\/index.php?rest_route=\/wp\/v2\/users\/1"}],"replies":[{"embeddable":true,"href":"https:\/\/sven-ove.nu\/index.php?rest_route=%2Fwp%2Fv2%2Fcomments&post=30025"}],"version-history":[{"count":5,"href":"https:\/\/sven-ove.nu\/index.php?rest_route=\/wp\/v2\/posts\/30025\/revisions"}],"predecessor-version":[{"id":30045,"href":"https:\/\/sven-ove.nu\/index.php?rest_route=\/wp\/v2\/posts\/30025\/revisions\/30045"}],"wp:attachment":[{"href":"https:\/\/sven-ove.nu\/index.php?rest_route=%2Fwp%2Fv2%2Fmedia&parent=30025"}],"wp:term":[{"taxonomy":"category","embeddable":true,"href":"https:\/\/sven-ove.nu\/index.php?rest_route=%2Fwp%2Fv2%2Fcategories&post=30025"},{"taxonomy":"post_tag","embeddable":true,"href":"https:\/\/sven-ove.nu\/index.php?rest_route=%2Fwp%2Fv2%2Ftags&post=30025"}],"curies":[{"name":"wp","href":"https:\/\/api.w.org\/{rel}","templated":true}]}}