{"id":3007,"date":"2012-08-19T14:30:33","date_gmt":"2012-08-19T13:30:33","guid":{"rendered":"http:\/\/sven-ove.nu\/?p=3007"},"modified":"2012-08-20T05:09:26","modified_gmt":"2012-08-20T04:09:26","slug":"reinfeldts-flykttunnel","status":"publish","type":"post","link":"https:\/\/sven-ove.nu\/?p=3007","title":{"rendered":"Reinfeldts flykttunnel"},"content":{"rendered":"<p>Svenska j\u00e4rnv\u00e4gar lider sv\u00e5rt av tr\u00e4ngsel och d\u00e5ligt underh\u00e5ll. D\u00e5 vill statsministern bygga <a href=\"http:\/\/www.aftonbladet.se\/nyheter\/article15279642.ab\">tunnelbana till Nacka<\/a>.<\/p>\n<p>Bra f\u00f6rs\u00f6k, <a href=\"http:\/\/www.svd.se\/naringsliv\/reinfeldt-vill-sanka-bolagsskatten_7431538.svd\">Reinfeldt<\/a>, bra f\u00f6rs\u00f6k fast det blev fel. Prova en g\u00e5ng till, s\u00e4g efter mig:<br \/>\n<em>&#8211; Utanf\u00f6r tullarna, utanf\u00f6r tullarna, utanf\u00f6r tullarna.<\/em><\/p>\n<p>Inte under.<\/p>\n<p>Jag vet att du har gjort fler till underklass. Absolut. Det var ju meningen med hela omg\u00f6rningen av gamla H\u00f6gerpartiet. <em>Du d\u00e4r uppe, vi h\u00e4r nere<\/em>, som folk s\u00e4ger. Men det betyder inte att hela underklassen <strong>bor<\/strong> i underjorden, Reinfeldt. M\u00e5nga bor i den d\u00e4r gr\u00f6na vackerheten bortanf\u00f6r B\u00e5lsta ocks\u00e5. Det finns en l\u00e5ng bit norr om T\u00e4by och en r\u00e4tt l\u00e5ng s\u00f6der om Huddinge. Det \u00e4r ocks\u00e5 Sverige. Vi \u00e4r miljoner som bor d\u00e4r och f\u00f6rs\u00f6rjer din stab. Och stad.<\/p>\n<p style=\"padding-left: 30px;\"><strong>L\u00e4gg sp\u00e5ren p\u00e5 marken, prova med det. Sverige \u00e4r v\u00e4rt ett b\u00e4ttre \u00f6de \u00e4n de senaste tjugo \u00e5rens hj\u00e4rtl\u00f6sa \u2026<\/strong><\/p>\n<p style=\"padding-left: 30px;\"><strong>\u2026 infarktstruktur.<\/strong><\/p>\n<p>&nbsp;<\/p>\n<p style=\"padding-left: 30px;\"><em>Nacka ligger aningen utanf\u00f6r tullarna, sant. Men ska Reinfeldts <a href=\"http:\/\/www.aftonbladet.se\/nyheter\/article15281339.ab\" target=\"_blank\">flykttunnel<\/a> r\u00e4cka \u00e4nda fram m\u00e5ste han b\u00f6rja sitt gr\u00e4vande l\u00e5ngt in under huvudstaden.<\/em><\/p>\n","protected":false},"excerpt":{"rendered":"<p>Svenska j\u00e4rnv\u00e4gar lider sv\u00e5rt av tr\u00e4ngsel och d\u00e5ligt underh\u00e5ll. D\u00e5 vill statsministern bygga tunnelbana till Nacka. Bra f\u00f6rs\u00f6k, Reinfeldt, bra f\u00f6rs\u00f6k fast det blev fel. Prova en g\u00e5ng till, s\u00e4g efter mig: &#8211; Utanf\u00f6r tullarna, utanf\u00f6r tullarna, utanf\u00f6r tullarna. Inte under. Jag vet att du har gjort fler till underklass. Absolut. Det var ju meningen &hellip; <a href=\"https:\/\/sven-ove.nu\/?p=3007\" class=\"more-link\">Forts\u00e4tt l\u00e4sa <span class=\"screen-reader-text\">Reinfeldts flykttunnel<\/span><\/a><\/p>\n","protected":false},"author":1,"featured_media":0,"comment_status":"open","ping_status":"open","sticky":false,"template":"","format":"standard","meta":{"_crdt_document":"","_monsterinsights_skip_tracking":false,"_monsterinsights_sitenote_active":false,"_monsterinsights_sitenote_note":"","_monsterinsights_sitenote_category":0,"footnotes":""},"categories":[9],"tags":[16],"class_list":["post-3007","post","type-post","status-publish","format-standard","hentry","category-politik","tag-dumheter"],"_links":{"self":[{"href":"https:\/\/sven-ove.nu\/index.php?rest_route=\/wp\/v2\/posts\/3007","targetHints":{"allow":["GET"]}}],"collection":[{"href":"https:\/\/sven-ove.nu\/index.php?rest_route=\/wp\/v2\/posts"}],"about":[{"href":"https:\/\/sven-ove.nu\/index.php?rest_route=\/wp\/v2\/types\/post"}],"author":[{"embeddable":true,"href":"https:\/\/sven-ove.nu\/index.php?rest_route=\/wp\/v2\/users\/1"}],"replies":[{"embeddable":true,"href":"https:\/\/sven-ove.nu\/index.php?rest_route=%2Fwp%2Fv2%2Fcomments&post=3007"}],"version-history":[{"count":5,"href":"https:\/\/sven-ove.nu\/index.php?rest_route=\/wp\/v2\/posts\/3007\/revisions"}],"predecessor-version":[{"id":3025,"href":"https:\/\/sven-ove.nu\/index.php?rest_route=\/wp\/v2\/posts\/3007\/revisions\/3025"}],"wp:attachment":[{"href":"https:\/\/sven-ove.nu\/index.php?rest_route=%2Fwp%2Fv2%2Fmedia&parent=3007"}],"wp:term":[{"taxonomy":"category","embeddable":true,"href":"https:\/\/sven-ove.nu\/index.php?rest_route=%2Fwp%2Fv2%2Fcategories&post=3007"},{"taxonomy":"post_tag","embeddable":true,"href":"https:\/\/sven-ove.nu\/index.php?rest_route=%2Fwp%2Fv2%2Ftags&post=3007"}],"curies":[{"name":"wp","href":"https:\/\/api.w.org\/{rel}","templated":true}]}}