{"id":3050,"date":"2012-08-23T04:00:45","date_gmt":"2012-08-23T03:00:45","guid":{"rendered":"http:\/\/sven-ove.nu\/?p=3050"},"modified":"2012-08-22T07:53:53","modified_gmt":"2012-08-22T06:53:53","slug":"om-du-vill-se-dina-grejer","status":"publish","type":"post","link":"https:\/\/sven-ove.nu\/?p=3050","title":{"rendered":"Om du vill se dina grejer"},"content":{"rendered":"<p>Sk\u00e4rmdump fr\u00e5n min dator ganska nyss:<a href=\"https:\/\/sven-ove.nu\/wp-content\/uploads\/2012\/08\/Sk\u00e4rmavbild-2012-08-22-kl.-08.17.543.png\"><img loading=\"lazy\" decoding=\"async\" class=\"alignleft size-full wp-image-3060\" title=\"Sk\u00e4rmavbild 2012-08-22 kl. 08.17.54\" src=\"https:\/\/sven-ove.nu\/wp-content\/uploads\/2012\/08\/Sk\u00e4rmavbild-2012-08-22-kl.-08.17.543.png\" alt=\"\" width=\"593\" height=\"138\" srcset=\"https:\/\/sven-ove.nu\/wp-content\/uploads\/2012\/08\/Sk\u00e4rmavbild-2012-08-22-kl.-08.17.543.png 593w, https:\/\/sven-ove.nu\/wp-content\/uploads\/2012\/08\/Sk\u00e4rmavbild-2012-08-22-kl.-08.17.543-300x69.png 300w\" sizes=\"auto, (max-width: 593px) 100vw, 593px\" \/><\/a><\/p>\n<p>&nbsp;<\/p>\n<p>&nbsp;<\/p>\n<p>&nbsp;<\/p>\n<p>\u2026 om jag vill se mina grejer? N\u00e4, d\u00e4 kvetter. Ja ha sett&#8217;et f\u00f6rut.<\/p>\n<p style=\"padding-left: 60px;\">*<\/p>\n<p>Min f\u00f6ljetong om <a href=\"https:\/\/sven-ove.nu\/?p=2955\">sjukgymnasisten<\/a> i norra V\u00e4rmland \u00e4r strax <a href=\"https:\/\/sven-ove.nu\/?p=3026\">slut<\/a>. Hoppas jag. Men visst \u00e4r hennes agerande ett skolexempel p\u00e5 krishantering. Negativt exempel.<\/p>\n<p style=\"padding-left: 60px;\">*<\/p>\n<p>Du kan anv\u00e4nda henne som l\u00e4robok i hur du ska g\u00f6ra n\u00e4r krisen sl\u00e5r till. Titta hur hon gjorde och g\u00f6r tv\u00e4rt om. Prata inte. Svara inte p\u00e5 medias fr\u00e5gor. Lova saker och h\u00e5ll dem inte. Verka mystisk och sluten. Bli tv\u00e4r. G\u00f6m dina papper.<\/p>\n<p>Allt det men tv\u00e4rt om.<\/p>\n<p style=\"padding-left: 60px;\">*<\/p>\n<p>Om jag vill se mina grejer? Nej, som sagt. Men f\u00e5r du miljoner kronor fr\u00e5n skattebetalarna vill jag se din redovisning. Hade du r\u00e4tt till bidragen? Gjorde landstinget r\u00e4tt?<\/p>\n<p style=\"padding-left: 60px;\">*<\/p>\n<p>Ur sjukgymnastf\u00f6rbundets etiska regler:<\/p>\n<p style=\"padding-left: 30px;\"><em>\u201d2:3<br \/>\nSjukgymnasten ska dokumentera och utv\u00e4rdera sin verksamhet.<\/em><\/p>\n<p style=\"padding-left: 30px;\"><em> <\/em><\/p>\n<p style=\"padding-left: 30px;\"><em>Kommentar<br \/>\nSjukgymnasten ska utv\u00e4rdera sina \u00e5tg\u00e4rder utifr\u00e5n kvalitets- och nyttoeffekt. De \u00e5tg\u00e4rder som ej leder till avsedd effekt inom rimlig tid ska avslutas.<\/em><\/p>\n<p style=\"padding-left: 30px;\"><em> <\/em><\/p>\n<p style=\"padding-left: 30px;\"><em>2.4<br \/>\nSjukgymnasten ska redovisa och debitera \u00e5tg\u00e4rder korrekt.<\/em><\/p>\n<p style=\"padding-left: 30px;\"><em> <\/em><\/p>\n<p style=\"padding-left: 30px;\"><em>Kommentarer<br \/>\nSjukgymnasten ska ha ett redovisningssystem gentemot uppdragsgivaren som \u00e4r korrekt betr\u00e4ffande registrering och debitering av \u00e5tg\u00e4rder.<\/em><\/p>\n<p style=\"padding-left: 30px;\"><em> <\/em><\/p>\n<p style=\"padding-left: 30px;\"><em>Sjukgymnasten f\u00e5r ej ge avkall p\u00e5 kvalitet i yrkesut\u00f6vningen till f\u00f6rm\u00e5n f\u00f6r produktivitet och ekonomisk vinning.\u201d<\/em><\/p>\n<p style=\"padding-left: 60px;\">*<\/p>\n<p>Varje \u00e5r har sin r\u00f6tm\u00e5nad. Varje \u00e5rstid sin ilska. Nu sticker jag ut och springer i st\u00e4llet f\u00f6r att l\u00e4sa tidningarna. Det \u00e4r nyttigare.<\/p>\n<p>I skogen, d\u00e4r finns det grejer.<\/p>\n<p>&nbsp;<\/p>\n","protected":false},"excerpt":{"rendered":"<p>Sk\u00e4rmdump fr\u00e5n min dator ganska nyss: &nbsp; &nbsp; &nbsp; \u2026 om jag vill se mina grejer? N\u00e4, d\u00e4 kvetter. Ja ha sett&#8217;et f\u00f6rut. * Min f\u00f6ljetong om sjukgymnasisten i norra V\u00e4rmland \u00e4r strax slut. Hoppas jag. Men visst \u00e4r hennes agerande ett skolexempel p\u00e5 krishantering. Negativt exempel. * Du kan anv\u00e4nda henne som l\u00e4robok i &hellip; <a href=\"https:\/\/sven-ove.nu\/?p=3050\" class=\"more-link\">Forts\u00e4tt l\u00e4sa <span class=\"screen-reader-text\">Om du vill se dina grejer<\/span><\/a><\/p>\n","protected":false},"author":1,"featured_media":0,"comment_status":"open","ping_status":"open","sticky":false,"template":"","format":"standard","meta":{"_crdt_document":"","_monsterinsights_skip_tracking":false,"_monsterinsights_sitenote_active":false,"_monsterinsights_sitenote_note":"","_monsterinsights_sitenote_category":0,"footnotes":""},"categories":[9],"tags":[16,20],"class_list":["post-3050","post","type-post","status-publish","format-standard","hentry","category-politik","tag-dumheter","tag-rad"],"_links":{"self":[{"href":"https:\/\/sven-ove.nu\/index.php?rest_route=\/wp\/v2\/posts\/3050","targetHints":{"allow":["GET"]}}],"collection":[{"href":"https:\/\/sven-ove.nu\/index.php?rest_route=\/wp\/v2\/posts"}],"about":[{"href":"https:\/\/sven-ove.nu\/index.php?rest_route=\/wp\/v2\/types\/post"}],"author":[{"embeddable":true,"href":"https:\/\/sven-ove.nu\/index.php?rest_route=\/wp\/v2\/users\/1"}],"replies":[{"embeddable":true,"href":"https:\/\/sven-ove.nu\/index.php?rest_route=%2Fwp%2Fv2%2Fcomments&post=3050"}],"version-history":[{"count":9,"href":"https:\/\/sven-ove.nu\/index.php?rest_route=\/wp\/v2\/posts\/3050\/revisions"}],"predecessor-version":[{"id":3063,"href":"https:\/\/sven-ove.nu\/index.php?rest_route=\/wp\/v2\/posts\/3050\/revisions\/3063"}],"wp:attachment":[{"href":"https:\/\/sven-ove.nu\/index.php?rest_route=%2Fwp%2Fv2%2Fmedia&parent=3050"}],"wp:term":[{"taxonomy":"category","embeddable":true,"href":"https:\/\/sven-ove.nu\/index.php?rest_route=%2Fwp%2Fv2%2Fcategories&post=3050"},{"taxonomy":"post_tag","embeddable":true,"href":"https:\/\/sven-ove.nu\/index.php?rest_route=%2Fwp%2Fv2%2Ftags&post=3050"}],"curies":[{"name":"wp","href":"https:\/\/api.w.org\/{rel}","templated":true}]}}