{"id":3119,"date":"2013-01-14T04:00:17","date_gmt":"2013-01-14T03:00:17","guid":{"rendered":"http:\/\/sven-ove.nu\/?p=3119"},"modified":"2013-01-13T08:21:09","modified_gmt":"2013-01-13T07:21:09","slug":"jag-blir-sa-ledsen","status":"publish","type":"post","link":"https:\/\/sven-ove.nu\/?p=3119","title":{"rendered":"Jag blir s\u00e5 ledsen"},"content":{"rendered":"<p><strong> <\/strong><\/p>\n<p><a href=\"https:\/\/sven-ove.nu\/wp-content\/uploads\/2013\/01\/N\u00e4that.jpg\"><img loading=\"lazy\" decoding=\"async\" class=\"alignleft size-medium wp-image-4368\" title=\"N\u00e4that\" src=\"https:\/\/sven-ove.nu\/wp-content\/uploads\/2013\/01\/N\u00e4that-258x300.jpg\" alt=\"\" width=\"258\" height=\"300\" srcset=\"https:\/\/sven-ove.nu\/wp-content\/uploads\/2013\/01\/N\u00e4that-258x300.jpg 258w, https:\/\/sven-ove.nu\/wp-content\/uploads\/2013\/01\/N\u00e4that-883x1024.jpg 883w, https:\/\/sven-ove.nu\/wp-content\/uploads\/2013\/01\/N\u00e4that.jpg 1200w\" sizes=\"auto, (max-width: 258px) 100vw, 258px\" \/><\/a><\/p>\n<p>&nbsp;<\/p>\n<p>&nbsp;<\/p>\n<p>N\u00e4thatet. F\u00e5 saker f\u00f6rundrar mig s\u00e5 som det i dessa tider. Vad \u00e4r det som har gjort att vi har f\u00e5tt en generation, kanske tv\u00e5, av of\u00f6rsk\u00e4mda? N\u00e5, inte hela generationer, jag vet, men alldeles f\u00f6r m\u00e5nga.<\/p>\n<p>Helst ska du vara anonym. Helst ska du stava d\u00e5ligt. Det f\u00e5r g\u00e4rna vara en och annan s\u00e4rskrivning eller varf\u00f6r inte VERSALER med ett kompani utropstecken!!!!! i din text p\u00e5 n\u00e4tet. Men absolut viktigast \u00e4r att du sv\u00e4r, h\u00e5nar, sk\u00e4ller p\u00e5 budb\u00e4rare och inte p\u00e5 ansvariga, sv\u00e4r igen, f\u00f6rl\u00f6jligar, f\u00f6raktar, ser ner p\u00e5 den andre och fullst\u00e4ndigt saknar spiritualitet och distans till dig sj\u00e4lv.<\/p>\n<p>Jag f\u00f6rst\u00e5r det inte.<\/p>\n<p style=\"padding-left: 30px;\"><strong>\u00c4r det entrepren\u00f6rsandans baksida vi ser? De stackars \u00f6vergivna medm\u00e4nniskor som ocks\u00e5 f\u00f6rs\u00f6kte satsa p\u00e5 sig sj\u00e4lva men aldrig lyckades? Individualismens elaka kollektiv av hatare? \u00d6-r\u00e5dens f\u00f6rlorare?<\/strong><\/p>\n<p>Jag blir s\u00e5 ledsen. Det g\u00f6r mig ont om dessa m\u00e4nniskor som ingen har l\u00e4rt att det g\u00e5r att vara kritisk &#8211; med glimten i \u00f6gat. V\u00e4rjan f\u00e5r g\u00e4rna vara vass men hon ska f\u00f6ras elegant.<\/p>\n<p>&nbsp;<\/p>\n","protected":false},"excerpt":{"rendered":"<p>&nbsp; &nbsp; N\u00e4thatet. F\u00e5 saker f\u00f6rundrar mig s\u00e5 som det i dessa tider. Vad \u00e4r det som har gjort att vi har f\u00e5tt en generation, kanske tv\u00e5, av of\u00f6rsk\u00e4mda? N\u00e5, inte hela generationer, jag vet, men alldeles f\u00f6r m\u00e5nga. Helst ska du vara anonym. Helst ska du stava d\u00e5ligt. Det f\u00e5r g\u00e4rna vara en och &hellip; <a href=\"https:\/\/sven-ove.nu\/?p=3119\" class=\"more-link\">Forts\u00e4tt l\u00e4sa <span class=\"screen-reader-text\">Jag blir s\u00e5 ledsen<\/span><\/a><\/p>\n","protected":false},"author":1,"featured_media":0,"comment_status":"open","ping_status":"open","sticky":false,"template":"","format":"standard","meta":{"_crdt_document":"","_monsterinsights_skip_tracking":false,"_monsterinsights_sitenote_active":false,"_monsterinsights_sitenote_note":"","_monsterinsights_sitenote_category":0,"footnotes":""},"categories":[4],"tags":[16],"class_list":["post-3119","post","type-post","status-publish","format-standard","hentry","category-skrivande","tag-dumheter"],"_links":{"self":[{"href":"https:\/\/sven-ove.nu\/index.php?rest_route=\/wp\/v2\/posts\/3119","targetHints":{"allow":["GET"]}}],"collection":[{"href":"https:\/\/sven-ove.nu\/index.php?rest_route=\/wp\/v2\/posts"}],"about":[{"href":"https:\/\/sven-ove.nu\/index.php?rest_route=\/wp\/v2\/types\/post"}],"author":[{"embeddable":true,"href":"https:\/\/sven-ove.nu\/index.php?rest_route=\/wp\/v2\/users\/1"}],"replies":[{"embeddable":true,"href":"https:\/\/sven-ove.nu\/index.php?rest_route=%2Fwp%2Fv2%2Fcomments&post=3119"}],"version-history":[{"count":18,"href":"https:\/\/sven-ove.nu\/index.php?rest_route=\/wp\/v2\/posts\/3119\/revisions"}],"predecessor-version":[{"id":3121,"href":"https:\/\/sven-ove.nu\/index.php?rest_route=\/wp\/v2\/posts\/3119\/revisions\/3121"}],"wp:attachment":[{"href":"https:\/\/sven-ove.nu\/index.php?rest_route=%2Fwp%2Fv2%2Fmedia&parent=3119"}],"wp:term":[{"taxonomy":"category","embeddable":true,"href":"https:\/\/sven-ove.nu\/index.php?rest_route=%2Fwp%2Fv2%2Fcategories&post=3119"},{"taxonomy":"post_tag","embeddable":true,"href":"https:\/\/sven-ove.nu\/index.php?rest_route=%2Fwp%2Fv2%2Ftags&post=3119"}],"curies":[{"name":"wp","href":"https:\/\/api.w.org\/{rel}","templated":true}]}}