{"id":3156,"date":"2012-09-04T04:00:43","date_gmt":"2012-09-04T03:00:43","guid":{"rendered":"http:\/\/sven-ove.nu\/?p=3156"},"modified":"2012-09-03T21:15:24","modified_gmt":"2012-09-03T20:15:24","slug":"pratar-med-sig-sjalv","status":"publish","type":"post","link":"https:\/\/sven-ove.nu\/?p=3156","title":{"rendered":"Pratar med sig sj\u00e4lv"},"content":{"rendered":"<p>Ibland \u00e4r det som om mitt facebookfl\u00f6de b\u00f6rjar prata med sig sj\u00e4lv.\u00a0Det ena inl\u00e4gget h\u00e4lsar till det andra, utan att de vet om det.<\/p>\n<p>Nu g\u00e4ller det bara f\u00f6r den unge mannen p\u00e5 bilden, med skor f\u00f6r 70 euro, att v\u00e4lja. Avdelningschef p\u00e5 psykiatriska \u00f6ppenv\u00e5rden, kan det vara n\u00e5got?<\/p>\n<p><a href=\"https:\/\/sven-ove.nu\/wp-content\/uploads\/2012\/09\/S\u00e5-funkar-det.jpg\"><img loading=\"lazy\" decoding=\"async\" class=\"alignleft size-full wp-image-3157\" title=\"S\u00e5 funkar det\" src=\"https:\/\/sven-ove.nu\/wp-content\/uploads\/2012\/09\/S\u00e5-funkar-det.jpg\" alt=\"\" width=\"525\" height=\"679\" srcset=\"https:\/\/sven-ove.nu\/wp-content\/uploads\/2012\/09\/S\u00e5-funkar-det.jpg 525w, https:\/\/sven-ove.nu\/wp-content\/uploads\/2012\/09\/S\u00e5-funkar-det-231x300.jpg 231w\" sizes=\"auto, (max-width: 525px) 100vw, 525px\" \/><\/a><\/p>\n<p>&nbsp;<\/p>\n<p>&nbsp;<\/p>\n<p>&nbsp;<\/p>\n<p>&nbsp;<\/p>\n<p>&nbsp;<\/p>\n<p>&nbsp;<\/p>\n<p>&nbsp;<\/p>\n<p>&nbsp;<\/p>\n<p>&nbsp;<\/p>\n<p>&nbsp;<\/p>\n<p>&nbsp;<\/p>\n<p>&nbsp;<\/p>\n<p>&nbsp;<\/p>\n<p>&nbsp;<\/p>\n<p>&nbsp;<\/p>\n<p>Vad hon och hennes systrar beh\u00f6ver\u00a0<a href=\"https:\/\/sven-ove.nu\/?page_id=100\">v\u00e4lja<\/a> vet jag.<\/p>\n<p>&nbsp;<\/p>\n<p style=\"padding-left: 90px;\"><em>Tv\u00e5 inl\u00e4gg i rad fr\u00e5n v\u00e4nner p\u00e5 facebook i g\u00e5r. Pojken med skorna beh\u00f6ver f\u00f6rresten g\u00f6ra samma <em><a href=\"https:\/\/sven-ove.nu\/?page_id=100\">val<\/a> <\/em> som flickan vid symaskinen. <\/em><\/p>\n","protected":false},"excerpt":{"rendered":"<p>Ibland \u00e4r det som om mitt facebookfl\u00f6de b\u00f6rjar prata med sig sj\u00e4lv.\u00a0Det ena inl\u00e4gget h\u00e4lsar till det andra, utan att de vet om det. Nu g\u00e4ller det bara f\u00f6r den unge mannen p\u00e5 bilden, med skor f\u00f6r 70 euro, att v\u00e4lja. Avdelningschef p\u00e5 psykiatriska \u00f6ppenv\u00e5rden, kan det vara n\u00e5got? &nbsp; &nbsp; &nbsp; &nbsp; &nbsp; &nbsp; &hellip; <a href=\"https:\/\/sven-ove.nu\/?p=3156\" class=\"more-link\">Forts\u00e4tt l\u00e4sa <span class=\"screen-reader-text\">Pratar med sig sj\u00e4lv<\/span><\/a><\/p>\n","protected":false},"author":1,"featured_media":0,"comment_status":"open","ping_status":"open","sticky":false,"template":"","format":"standard","meta":{"_crdt_document":"","_monsterinsights_skip_tracking":false,"_monsterinsights_sitenote_active":false,"_monsterinsights_sitenote_note":"","_monsterinsights_sitenote_category":0,"footnotes":""},"categories":[9],"tags":[3],"class_list":["post-3156","post","type-post","status-publish","format-standard","hentry","category-politik","tag-arbete"],"_links":{"self":[{"href":"https:\/\/sven-ove.nu\/index.php?rest_route=\/wp\/v2\/posts\/3156","targetHints":{"allow":["GET"]}}],"collection":[{"href":"https:\/\/sven-ove.nu\/index.php?rest_route=\/wp\/v2\/posts"}],"about":[{"href":"https:\/\/sven-ove.nu\/index.php?rest_route=\/wp\/v2\/types\/post"}],"author":[{"embeddable":true,"href":"https:\/\/sven-ove.nu\/index.php?rest_route=\/wp\/v2\/users\/1"}],"replies":[{"embeddable":true,"href":"https:\/\/sven-ove.nu\/index.php?rest_route=%2Fwp%2Fv2%2Fcomments&post=3156"}],"version-history":[{"count":18,"href":"https:\/\/sven-ove.nu\/index.php?rest_route=\/wp\/v2\/posts\/3156\/revisions"}],"predecessor-version":[{"id":3175,"href":"https:\/\/sven-ove.nu\/index.php?rest_route=\/wp\/v2\/posts\/3156\/revisions\/3175"}],"wp:attachment":[{"href":"https:\/\/sven-ove.nu\/index.php?rest_route=%2Fwp%2Fv2%2Fmedia&parent=3156"}],"wp:term":[{"taxonomy":"category","embeddable":true,"href":"https:\/\/sven-ove.nu\/index.php?rest_route=%2Fwp%2Fv2%2Fcategories&post=3156"},{"taxonomy":"post_tag","embeddable":true,"href":"https:\/\/sven-ove.nu\/index.php?rest_route=%2Fwp%2Fv2%2Ftags&post=3156"}],"curies":[{"name":"wp","href":"https:\/\/api.w.org\/{rel}","templated":true}]}}