{"id":3233,"date":"2012-09-11T04:00:37","date_gmt":"2012-09-11T03:00:37","guid":{"rendered":"http:\/\/sven-ove.nu\/?p=3233"},"modified":"2012-09-09T14:02:05","modified_gmt":"2012-09-09T13:02:05","slug":"att-kalla-allt-for-lek-ar-basta-sattet-att-doda-lekfullheten","status":"publish","type":"post","link":"https:\/\/sven-ove.nu\/?p=3233","title":{"rendered":"Att kalla allt f\u00f6r lek \u00e4r b\u00e4sta s\u00e4ttet att d\u00f6da lekfullheten"},"content":{"rendered":"<p>M\u00e5ste <a href=\"http:\/\/www.svd.se\/nyheter\/inrikes\/han-ligger-bakom-mynten_7475644.svd\">du<\/a> g\u00f6ra falska enkronor s\u00e5 kalla det inte <em>konst<\/em>. Det sliter ut konstbegreppet. Vill du s\u00e4tta upp <a href=\"http:\/\/www.vf.se\/kultur-noje\/kultur\/originalet-handlade-om-kvinnors-ratt-till-trygghet\">skyltar<\/a> p\u00e5 universitet s\u00e5 kalla inte det heller f\u00f6r <em>konst<\/em>. Du skadar konstens trov\u00e4rdighet.<\/p>\n<p>En dikt vet vi ungef\u00e4r hur den ser ut. En roman har sina ramar. Novellen, gitarrsolot och kortfilmen. Breda ramar men vi vet n\u00e4r ett gitarrsolo \u00e4r ett gitarrsolo.<\/p>\n<p>Varf\u00f6r tror konsten att allt \u00e4r konst? N\u00e4r n\u00e5gon sitter vid sitt k\u00f6ksbord och dricker kaffe och t\u00e4nker p\u00e5 senaste episoden av tv-programmet Bonde s\u00f6ker fru. N\u00e4r n\u00e5gon gr\u00e4ver sitt <a href=\"https:\/\/sven-ove.nu\/wp-content\/uploads\/2012\/09\/Ingen-romantrilogi.jpg\"><br \/>\n<\/a>tr\u00e4dg\u00e5rdsland medan en hund h\u00e4mtar en pinne. N\u00e4r en grupp m\u00e4nniskor \u00e5ker buss till Stockholm via V\u00e4ster\u00e5s. Allt d\u00e4rifr\u00e5n &#8211; och till en beg\u00e5vad Lars Lerin-akvarell. Konst.<\/p>\n<p style=\"padding-left: 30px;\"><strong><a href=\"https:\/\/sven-ove.nu\/wp-content\/uploads\/2012\/09\/Ingen-romantrilogi3.jpg\"><img loading=\"lazy\" decoding=\"async\" class=\"alignright size-medium wp-image-3238\" title=\"Ingen romantrilogi\" src=\"https:\/\/sven-ove.nu\/wp-content\/uploads\/2012\/09\/Ingen-romantrilogi3-300x187.jpg\" alt=\"\" width=\"300\" height=\"187\" srcset=\"https:\/\/sven-ove.nu\/wp-content\/uploads\/2012\/09\/Ingen-romantrilogi3-300x187.jpg 300w, https:\/\/sven-ove.nu\/wp-content\/uploads\/2012\/09\/Ingen-romantrilogi3-1024x638.jpg 1024w, https:\/\/sven-ove.nu\/wp-content\/uploads\/2012\/09\/Ingen-romantrilogi3.jpg 1455w\" sizes=\"auto, (max-width: 300px) 100vw, 300px\" \/><\/a>Aldrig har jag h\u00f6rt n\u00e5gon p\u00e5st\u00e5 att en psalm med tre verser \u00e4r en romantrilogi. Aldrig att en kortprosasamling \u00e4r ett riff. Vad \u00e4r det d\u00e5 f\u00f6r mening med att kalla allting f\u00f6r konst? Ett fejkat sj\u00e4lvmordsf\u00f6rs\u00f6k, en f\u00f6rst\u00f6rd tunnelbanevagn, en svart kvinnas skrik inifr\u00e5n en t\u00e5rta.<\/strong><\/p>\n<p>D\u00e5lig underh\u00e5llning \u00e4r ingen konst.<br \/>\nInte bra underh\u00e5llning heller.<\/p>\n<p style=\"padding-left: 30px;\">*<\/p>\n<p>Kronan var r\u00e4tt rolig.<\/p>\n<p>&nbsp;<\/p>\n<p style=\"padding-left: 30px;\"><em>Efter att ha skrivit de raderna borde jag k\u00e4nna mig gammaldags och f\u00f6r\u00e4ndringsovillig. Det g\u00f6r jag inte, det \u00e4r jag inte. Visst m\u00e5ste konsten f\u00e5 leka och prova, men om varje m\u00e4nsklig handling kallas \u201dkonstprojekt\u201d blir b\u00e5de konstn\u00e4ren och konsten on\u00f6dig. D\u00e4rf\u00f6r \u00e4r det en reaktion\u00e4r och bak\u00e5tstr\u00e4vande \u00e5sikt som kronmakarn och skyltmakarna f\u00f6r fram. <\/em><\/p>\n<p><em> <\/em><\/p>\n<p style=\"padding-left: 30px;\"><em>Att kalla allt f\u00f6r lek \u00e4r b\u00e4sta s\u00e4ttet att d\u00f6da lekfullheten.<\/em><\/p>\n<p><em> <\/em><\/p>\n<p><em> <\/em><\/p>\n<p style=\"padding-left: 30px;\"><em>PS. L\u00e4s g\u00e4rna den h\u00e4r <\/em><a href=\"http:\/\/www.fokus.se\/2012\/09\/den-nya-konstnarslonen\/\"><em>kr\u00f6nikan<\/em><\/a><em> av Claes L\u00f6neg\u00e5rd i tidningen Fokus. \u201dMedelm\u00e5ttorna bel\u00f6nas n\u00e4r generaldirekt\u00f6rerna festar\u201d. Tjohoo!<\/em><\/p>\n<p>&nbsp;<\/p>\n","protected":false},"excerpt":{"rendered":"<p>M\u00e5ste du g\u00f6ra falska enkronor s\u00e5 kalla det inte konst. Det sliter ut konstbegreppet. Vill du s\u00e4tta upp skyltar p\u00e5 universitet s\u00e5 kalla inte det heller f\u00f6r konst. Du skadar konstens trov\u00e4rdighet. En dikt vet vi ungef\u00e4r hur den ser ut. En roman har sina ramar. Novellen, gitarrsolot och kortfilmen. Breda ramar men vi vet &hellip; <a href=\"https:\/\/sven-ove.nu\/?p=3233\" class=\"more-link\">Forts\u00e4tt l\u00e4sa <span class=\"screen-reader-text\">Att kalla allt f\u00f6r lek \u00e4r b\u00e4sta s\u00e4ttet att d\u00f6da lekfullheten<\/span><\/a><\/p>\n","protected":false},"author":1,"featured_media":0,"comment_status":"open","ping_status":"open","sticky":false,"template":"","format":"standard","meta":{"_crdt_document":"","_monsterinsights_skip_tracking":false,"_monsterinsights_sitenote_active":false,"_monsterinsights_sitenote_note":"","_monsterinsights_sitenote_category":0,"footnotes":""},"categories":[4],"tags":[24,20],"class_list":["post-3233","post","type-post","status-publish","format-standard","hentry","category-skrivande","tag-karlek","tag-rad"],"_links":{"self":[{"href":"https:\/\/sven-ove.nu\/index.php?rest_route=\/wp\/v2\/posts\/3233","targetHints":{"allow":["GET"]}}],"collection":[{"href":"https:\/\/sven-ove.nu\/index.php?rest_route=\/wp\/v2\/posts"}],"about":[{"href":"https:\/\/sven-ove.nu\/index.php?rest_route=\/wp\/v2\/types\/post"}],"author":[{"embeddable":true,"href":"https:\/\/sven-ove.nu\/index.php?rest_route=\/wp\/v2\/users\/1"}],"replies":[{"embeddable":true,"href":"https:\/\/sven-ove.nu\/index.php?rest_route=%2Fwp%2Fv2%2Fcomments&post=3233"}],"version-history":[{"count":5,"href":"https:\/\/sven-ove.nu\/index.php?rest_route=\/wp\/v2\/posts\/3233\/revisions"}],"predecessor-version":[{"id":3242,"href":"https:\/\/sven-ove.nu\/index.php?rest_route=\/wp\/v2\/posts\/3233\/revisions\/3242"}],"wp:attachment":[{"href":"https:\/\/sven-ove.nu\/index.php?rest_route=%2Fwp%2Fv2%2Fmedia&parent=3233"}],"wp:term":[{"taxonomy":"category","embeddable":true,"href":"https:\/\/sven-ove.nu\/index.php?rest_route=%2Fwp%2Fv2%2Fcategories&post=3233"},{"taxonomy":"post_tag","embeddable":true,"href":"https:\/\/sven-ove.nu\/index.php?rest_route=%2Fwp%2Fv2%2Ftags&post=3233"}],"curies":[{"name":"wp","href":"https:\/\/api.w.org\/{rel}","templated":true}]}}