{"id":3243,"date":"2012-09-10T16:12:39","date_gmt":"2012-09-10T15:12:39","guid":{"rendered":"http:\/\/sven-ove.nu\/?p=3243"},"modified":"2012-09-11T05:43:13","modified_gmt":"2012-09-11T04:43:13","slug":"antligen-fria","status":"publish","type":"post","link":"https:\/\/sven-ove.nu\/?p=3243","title":{"rendered":"\u00c4ntligen fria"},"content":{"rendered":"<p>D\u00e4r man br\u00e4nner b\u00f6cker br\u00e4nner man snart m\u00e4nniskor. D\u00e4r man f\u00e4ngslar journalister, f\u00f6r att de modigt g\u00f6r sitt jobb, f\u00e4ngslar man ocks\u00e5 det fria ordet och demokratin.<\/p>\n<p>D\u00e4rf\u00f6r \u00e4r det en gl\u00e4dje att opinionen fick r\u00e4tt och att de svenska journalisterna Martin Schibbye och Johan Persson <a href=\"http:\/\/www.vf.se\/asikter\/ledare\/ar-carl-bildt-oberorbar\" target=\"_blank\">nu<\/a> <a href=\"http:\/\/www.aftonbladet.se\/ledare\/ledarkronika\/anderslindberg\/article15416915.ab\">blir<\/a> <a href=\"http:\/\/www.svd.se\/nyheter\/inrikes\/direkt-fran-presskonferensen_7489244.svd\">fria<\/a>.<\/p>\n<p style=\"padding-left: 30px;\"><strong>Hoppas de kan f\u00e4rdigst\u00e4lla sitt reportage. Hoppas det visar sanningen om det bloddrypande oljebolag d\u00e4r Sveriges utrikesminister doppat sina fingrar kletiga.<\/strong><\/p>\n<p>&nbsp;<\/p>\n","protected":false},"excerpt":{"rendered":"<p>D\u00e4r man br\u00e4nner b\u00f6cker br\u00e4nner man snart m\u00e4nniskor. D\u00e4r man f\u00e4ngslar journalister, f\u00f6r att de modigt g\u00f6r sitt jobb, f\u00e4ngslar man ocks\u00e5 det fria ordet och demokratin. D\u00e4rf\u00f6r \u00e4r det en gl\u00e4dje att opinionen fick r\u00e4tt och att de svenska journalisterna Martin Schibbye och Johan Persson nu blir fria. Hoppas de kan f\u00e4rdigst\u00e4lla sitt reportage. &hellip; <a href=\"https:\/\/sven-ove.nu\/?p=3243\" class=\"more-link\">Forts\u00e4tt l\u00e4sa <span class=\"screen-reader-text\">\u00c4ntligen fria<\/span><\/a><\/p>\n","protected":false},"author":1,"featured_media":0,"comment_status":"open","ping_status":"open","sticky":false,"template":"","format":"standard","meta":{"_crdt_document":"","_monsterinsights_skip_tracking":false,"_monsterinsights_sitenote_active":false,"_monsterinsights_sitenote_note":"","_monsterinsights_sitenote_category":0,"footnotes":""},"categories":[9],"tags":[21,17],"class_list":["post-3243","post","type-post","status-publish","format-standard","hentry","category-politik","tag-ord","tag-solidaritet"],"_links":{"self":[{"href":"https:\/\/sven-ove.nu\/index.php?rest_route=\/wp\/v2\/posts\/3243","targetHints":{"allow":["GET"]}}],"collection":[{"href":"https:\/\/sven-ove.nu\/index.php?rest_route=\/wp\/v2\/posts"}],"about":[{"href":"https:\/\/sven-ove.nu\/index.php?rest_route=\/wp\/v2\/types\/post"}],"author":[{"embeddable":true,"href":"https:\/\/sven-ove.nu\/index.php?rest_route=\/wp\/v2\/users\/1"}],"replies":[{"embeddable":true,"href":"https:\/\/sven-ove.nu\/index.php?rest_route=%2Fwp%2Fv2%2Fcomments&post=3243"}],"version-history":[{"count":4,"href":"https:\/\/sven-ove.nu\/index.php?rest_route=\/wp\/v2\/posts\/3243\/revisions"}],"predecessor-version":[{"id":3247,"href":"https:\/\/sven-ove.nu\/index.php?rest_route=\/wp\/v2\/posts\/3243\/revisions\/3247"}],"wp:attachment":[{"href":"https:\/\/sven-ove.nu\/index.php?rest_route=%2Fwp%2Fv2%2Fmedia&parent=3243"}],"wp:term":[{"taxonomy":"category","embeddable":true,"href":"https:\/\/sven-ove.nu\/index.php?rest_route=%2Fwp%2Fv2%2Fcategories&post=3243"},{"taxonomy":"post_tag","embeddable":true,"href":"https:\/\/sven-ove.nu\/index.php?rest_route=%2Fwp%2Fv2%2Ftags&post=3243"}],"curies":[{"name":"wp","href":"https:\/\/api.w.org\/{rel}","templated":true}]}}