{"id":3259,"date":"2012-09-14T04:00:52","date_gmt":"2012-09-14T03:00:52","guid":{"rendered":"http:\/\/sven-ove.nu\/?p=3259"},"modified":"2012-09-15T12:56:58","modified_gmt":"2012-09-15T11:56:58","slug":"det-afrikanska-reportaget-om-sverige","status":"publish","type":"post","link":"https:\/\/sven-ove.nu\/?p=3259","title":{"rendered":"Det afrikanska reportaget om Sverige"},"content":{"rendered":"<p>Jag \u00e4r full av beundran inf\u00f6r journalisterna Johan Persson och Martin Schibbye. Det de f\u00f6rs\u00f6kte <a href=\"http:\/\/www.expressen.se\/kultur\/karin-olsson\/utrikesministern-borde-erbjuda-johan-och-martin-en-intervju\/\" target=\"_blank\">g\u00f6ra<\/a> var <a href=\"http:\/\/www.aftonbladet.se\/kultur\/article15443366.ab\" target=\"_blank\">viktigt<\/a>. Hoppas vi f\u00e5r se reportaget de jobbade med, om det nu \u00e4r m\u00f6jligt. F\u00f6r mig \u00e4r de hj\u00e4ltar i <a href=\"http:\/\/www.aftonbladet.se\/kultur\/kronikorer\/linderborg\/article15430551.ab\" target=\"_blank\">det fria ordets<\/a> tj\u00e4nst.<\/p>\n<p>Detta betyder inte att Sverige och vi svenskar \u00e4r n\u00e5gra r\u00e4ttesn\u00f6ren sj\u00e4lva, alla g\u00e5nger. Vilket reportage skulle inte afrikanska journalister kunna g\u00f6ra om den konstiga r\u00e4ttsapparaten i det nordliga landet Sverige, utifr\u00e5n fall som Thomas Quick? Han som fick knark f\u00f6r att s\u00e4ga det polisen ville. Eller om den svarta kvinnans skrik inifr\u00e5n t\u00e5rtan som v\u00e5r kulturminister skar s\u00f6nder kring skrevet.<\/p>\n<p><a href=\"https:\/\/sven-ove.nu\/wp-content\/uploads\/2012\/09\/Trevlig.jpg\"><img loading=\"lazy\" decoding=\"async\" class=\"alignright size-medium wp-image-3267\" title=\"Trevlig\" src=\"https:\/\/sven-ove.nu\/wp-content\/uploads\/2012\/09\/Trevlig-300x233.jpg\" alt=\"\" width=\"300\" height=\"233\" srcset=\"https:\/\/sven-ove.nu\/wp-content\/uploads\/2012\/09\/Trevlig-300x233.jpg 300w, https:\/\/sven-ove.nu\/wp-content\/uploads\/2012\/09\/Trevlig-1024x795.jpg 1024w, https:\/\/sven-ove.nu\/wp-content\/uploads\/2012\/09\/Trevlig.jpg 1537w\" sizes=\"auto, (max-width: 300px) 100vw, 300px\" \/><\/a>Varje midsommar hoppar vi som grodor kring en l\u00f6vad fruktbarhetssymbol och varje midvinter tittar vi p\u00e5 amerikanska tecknade filmer om en arg anka f\u00f6r att hylla Jesu f\u00f6delse.<\/p>\n<p><strong> <\/strong><\/p>\n<p><strong>Det \u00e4r inte det enda som ser konstigt ut s\u00f6derifr\u00e5n.<\/strong><\/p>\n<p><strong> <\/strong><\/p>\n<p style=\"padding-left: 90px;\"><strong>*<\/strong><\/p>\n<p><strong> <\/strong><\/p>\n<p style=\"padding-left: 60px;\">S\u00e5h\u00e4r b\u00f6rjar reportaget, \u00f6versatt fr\u00e5n den afrikanske reporterns spr\u00e5k:<\/p>\n<p style=\"padding-left: 60px;\"><em>(Bild p\u00e5 dans kring en midsommarst\u00e5ng, fiolmusik och dragspel, s\u00e5ng \u201dSm\u00e5 grodorna, sm\u00e5 grodorna&#8230;.)<\/em><\/p>\n<p style=\"padding-left: 60px;\"><em>Speakern:<br \/>\n<\/em>Svenska folket \u00e4lskar sex. Och groddjur.<\/p>\n<p style=\"padding-left: 60px;\">P\u00e5 somrarna dansar de sin speciella groddans kring en upprest fallossymbol som de pryder med sina vackraste blommor och blad.<\/p>\n<p style=\"padding-left: 60px;\">Och \u00e4nd\u00e5. Fruktbarhetsriten har inte hj\u00e4lpt. Kanske beh\u00f6ver de resa st\u00e5tligare penisar? Flera av deras \u00e4lskade grodarter hotas av utrotning.<\/p>\n<p style=\"padding-left: 60px;\">Men svenskarna hoppar och hoppar. Sedan h\u00e4nger de tv\u00e4tt.<\/p>\n<p style=\"padding-left: 60px;\"><em>(N\u00e4rbild p\u00e5 d\u00f6d l\u00f6kgroda i Sk\u00e5ne).<\/em><\/p>\n<p style=\"padding-left: 60px;\">&nbsp;<\/p>\n","protected":false},"excerpt":{"rendered":"<p>Jag \u00e4r full av beundran inf\u00f6r journalisterna Johan Persson och Martin Schibbye. Det de f\u00f6rs\u00f6kte g\u00f6ra var viktigt. Hoppas vi f\u00e5r se reportaget de jobbade med, om det nu \u00e4r m\u00f6jligt. F\u00f6r mig \u00e4r de hj\u00e4ltar i det fria ordets tj\u00e4nst. Detta betyder inte att Sverige och vi svenskar \u00e4r n\u00e5gra r\u00e4ttesn\u00f6ren sj\u00e4lva, alla g\u00e5nger. &hellip; <a href=\"https:\/\/sven-ove.nu\/?p=3259\" class=\"more-link\">Forts\u00e4tt l\u00e4sa <span class=\"screen-reader-text\">Det afrikanska reportaget om Sverige<\/span><\/a><\/p>\n","protected":false},"author":1,"featured_media":0,"comment_status":"open","ping_status":"open","sticky":false,"template":"","format":"standard","meta":{"_crdt_document":"","_monsterinsights_skip_tracking":false,"_monsterinsights_sitenote_active":false,"_monsterinsights_sitenote_note":"","_monsterinsights_sitenote_category":0,"footnotes":""},"categories":[4],"tags":[15],"class_list":["post-3259","post","type-post","status-publish","format-standard","hentry","category-skrivande","tag-mediedjungeln"],"_links":{"self":[{"href":"https:\/\/sven-ove.nu\/index.php?rest_route=\/wp\/v2\/posts\/3259","targetHints":{"allow":["GET"]}}],"collection":[{"href":"https:\/\/sven-ove.nu\/index.php?rest_route=\/wp\/v2\/posts"}],"about":[{"href":"https:\/\/sven-ove.nu\/index.php?rest_route=\/wp\/v2\/types\/post"}],"author":[{"embeddable":true,"href":"https:\/\/sven-ove.nu\/index.php?rest_route=\/wp\/v2\/users\/1"}],"replies":[{"embeddable":true,"href":"https:\/\/sven-ove.nu\/index.php?rest_route=%2Fwp%2Fv2%2Fcomments&post=3259"}],"version-history":[{"count":11,"href":"https:\/\/sven-ove.nu\/index.php?rest_route=\/wp\/v2\/posts\/3259\/revisions"}],"predecessor-version":[{"id":3291,"href":"https:\/\/sven-ove.nu\/index.php?rest_route=\/wp\/v2\/posts\/3259\/revisions\/3291"}],"wp:attachment":[{"href":"https:\/\/sven-ove.nu\/index.php?rest_route=%2Fwp%2Fv2%2Fmedia&parent=3259"}],"wp:term":[{"taxonomy":"category","embeddable":true,"href":"https:\/\/sven-ove.nu\/index.php?rest_route=%2Fwp%2Fv2%2Fcategories&post=3259"},{"taxonomy":"post_tag","embeddable":true,"href":"https:\/\/sven-ove.nu\/index.php?rest_route=%2Fwp%2Fv2%2Ftags&post=3259"}],"curies":[{"name":"wp","href":"https:\/\/api.w.org\/{rel}","templated":true}]}}