{"id":3272,"date":"2012-09-15T04:00:29","date_gmt":"2012-09-15T03:00:29","guid":{"rendered":"http:\/\/sven-ove.nu\/?p=3272"},"modified":"2012-09-16T08:02:35","modified_gmt":"2012-09-16T07:02:35","slug":"tacka-vet-jag-harkontakt","status":"publish","type":"post","link":"https:\/\/sven-ove.nu\/?p=3272","title":{"rendered":"Tacka vet jag h\u00e4rkontakt"},"content":{"rendered":"<p>EU-kommissionens ordf\u00f6rande Manuel Barroso tycker att det beh\u00f6vs en ut\u00f6kad politisk union. Han vill att EU r\u00f6r sig mot en federation av stater.<\/p>\n<p>K\u00e4re Manuel, det har Europeiska Unionen gjort \u00e4nda sedan den f\u00f6ddes. Traskat p\u00e5 i sin tragiska vandring mot mer och mer <a href=\"http:\/\/www.vf.se\/asikter\/ledare\/demokrati-pa-undantag\" target=\"_blank\">centralstyrning<\/a>. Det var d\u00e4rf\u00f6r s\u00e5 m\u00e5nga av oss r\u00f6stade nej.<\/p>\n<p style=\"padding-left: 30px;\"><strong>Demokrati g\u00f6r sig b\u00e4st vid n\u00e4rkontakt.<br \/>\n<\/strong><strong>Politiker blir pratbarast vid h\u00e4rkontakt.<\/strong><\/p>\n<p style=\"padding-left: 30px;\"><strong> <\/strong><\/p>\n<p style=\"padding-left: 30px;\"><strong>Det g\u00f6r vi medborgare ocks\u00e5.<\/strong><\/p>\n<p style=\"padding-left: 30px;\"><strong><br \/>\n<\/strong><\/p>\n<p><strong><a href=\"https:\/\/sven-ove.nu\/wp-content\/uploads\/2012\/09\/Euroomr\u00f6stningen.png\"><img loading=\"lazy\" decoding=\"async\" class=\"alignleft size-full wp-image-3278\" title=\"Euroomr\u00f6stningen\" src=\"https:\/\/sven-ove.nu\/wp-content\/uploads\/2012\/09\/Euroomr\u00f6stningen.png\" alt=\"\" width=\"254\" height=\"168\" \/><\/a><br \/>\n<\/strong><\/p>\n<p>&nbsp;<\/p>\n<p>&nbsp;<\/p>\n<p>&nbsp;<\/p>\n<p><em>I g\u00e5r var det jubileum f\u00f6r euroomr\u00f6stningen p\u00e5minns jag om p\u00e5 facebook. Nio\u00e5rsjubileum. L\u00e4s och njut: <a href=\"http:\/\/www.val.se\/val\/emu2003\/resultat\/slutresultat\/index.html\">folkomr\u00f6stningsresultatet<\/a>.<\/em><\/p>\n<p><em>(Jo, jag har gjort lumpen. Jo, vi ska f\u00f6rsvara torvan, Sverige beh\u00f6ver ett starkt f\u00f6rsvar. Nej, jag menar inte krigsh\u00e4rars kontakt, kriget \u00e4r visserligen politikens forts\u00e4ttning men b\u00f6r sannerligen undvikas).<\/em><\/p>\n<p style=\"padding-left: 30px;\">&nbsp;<\/p>\n","protected":false},"excerpt":{"rendered":"<p>EU-kommissionens ordf\u00f6rande Manuel Barroso tycker att det beh\u00f6vs en ut\u00f6kad politisk union. Han vill att EU r\u00f6r sig mot en federation av stater. K\u00e4re Manuel, det har Europeiska Unionen gjort \u00e4nda sedan den f\u00f6ddes. Traskat p\u00e5 i sin tragiska vandring mot mer och mer centralstyrning. Det var d\u00e4rf\u00f6r s\u00e5 m\u00e5nga av oss r\u00f6stade nej. Demokrati &hellip; <a href=\"https:\/\/sven-ove.nu\/?p=3272\" class=\"more-link\">Forts\u00e4tt l\u00e4sa <span class=\"screen-reader-text\">Tacka vet jag h\u00e4rkontakt<\/span><\/a><\/p>\n","protected":false},"author":1,"featured_media":0,"comment_status":"open","ping_status":"open","sticky":false,"template":"","format":"standard","meta":{"_crdt_document":"","_monsterinsights_skip_tracking":false,"_monsterinsights_sitenote_active":false,"_monsterinsights_sitenote_note":"","_monsterinsights_sitenote_category":0,"footnotes":""},"categories":[9],"tags":[16],"class_list":["post-3272","post","type-post","status-publish","format-standard","hentry","category-politik","tag-dumheter"],"_links":{"self":[{"href":"https:\/\/sven-ove.nu\/index.php?rest_route=\/wp\/v2\/posts\/3272","targetHints":{"allow":["GET"]}}],"collection":[{"href":"https:\/\/sven-ove.nu\/index.php?rest_route=\/wp\/v2\/posts"}],"about":[{"href":"https:\/\/sven-ove.nu\/index.php?rest_route=\/wp\/v2\/types\/post"}],"author":[{"embeddable":true,"href":"https:\/\/sven-ove.nu\/index.php?rest_route=\/wp\/v2\/users\/1"}],"replies":[{"embeddable":true,"href":"https:\/\/sven-ove.nu\/index.php?rest_route=%2Fwp%2Fv2%2Fcomments&post=3272"}],"version-history":[{"count":9,"href":"https:\/\/sven-ove.nu\/index.php?rest_route=\/wp\/v2\/posts\/3272\/revisions"}],"predecessor-version":[{"id":3274,"href":"https:\/\/sven-ove.nu\/index.php?rest_route=\/wp\/v2\/posts\/3272\/revisions\/3274"}],"wp:attachment":[{"href":"https:\/\/sven-ove.nu\/index.php?rest_route=%2Fwp%2Fv2%2Fmedia&parent=3272"}],"wp:term":[{"taxonomy":"category","embeddable":true,"href":"https:\/\/sven-ove.nu\/index.php?rest_route=%2Fwp%2Fv2%2Fcategories&post=3272"},{"taxonomy":"post_tag","embeddable":true,"href":"https:\/\/sven-ove.nu\/index.php?rest_route=%2Fwp%2Fv2%2Ftags&post=3272"}],"curies":[{"name":"wp","href":"https:\/\/api.w.org\/{rel}","templated":true}]}}