{"id":3330,"date":"2012-09-22T11:30:43","date_gmt":"2012-09-22T10:30:43","guid":{"rendered":"http:\/\/sven-ove.nu\/?p=3330"},"modified":"2012-09-22T12:07:19","modified_gmt":"2012-09-22T11:07:19","slug":"vemodet-fran-kvarnberget","status":"publish","type":"post","link":"https:\/\/sven-ove.nu\/?p=3330","title":{"rendered":"Vemodet fr\u00e5n Kvarnberget"},"content":{"rendered":"<p>Det b\u00f6rjade f\u00f6r snart 30 \u00e5r sedan. En dag blev vi kontaktade av en kille som gillade att skriva. Inte bara gillade, han skrev bra dikter.<\/p>\n<p>Han var en ung man fr\u00e5n Karlstad. Vi var V\u00e4rml\u00e4ndska F\u00f6rfattars\u00e4llskapet. H\u00e4r kom det en arton\u00e5ring och slog oss p\u00e5 fingrarna med mycket, s\u00e5 d\u00e4r i f\u00f6rbig\u00e5ende. Tryckerikontakter, listigt s\u00e4tt att trycka billigare, hur man skaffar ISBN-nummer. Allt visste denne unge man.<\/p>\n<p>1980 hade han varit skoltidningsredakt\u00f6r n\u00e4r han s\u00e5g en tv-dokument\u00e4r om hur min gamla tidning Sm\u00e5lands Folkblad gick \u00f6ver fr\u00e5n bly till offsettryck. 13 \u00e5r gammal ringde Rolf till J\u00f6nk\u00f6ping och fr\u00e5gade om han fick k\u00f6pa den gamla tryckpressen. \u201dG\u00e4rna. Du f\u00e5r den f\u00f6r en krona\u201d. Projektet sprack, n\u00e4r det visade sig att det skulle kosta 50 000 kronor att frakta hem och montera pressen.<\/p>\n<p>S\u00e5dan var han, <strong><a href=\"http:\/\/www.rolfcarlsson.net\/\">Rolf Carlsson<\/a><\/strong>. Vi noterade och gillade. Forts\u00e4tt, Rolf.<\/p>\n<p><strong>Startade egen tidning<br \/>\n<\/strong>\u00c5ren gick. Han flyttade till Stockholm, senare Norrbotten och slutligen Filipstad och jag f\u00f6ljde hans liv p\u00e5 h\u00e5ll. 1991 var han utbildad men arbetsl\u00f6s journalist och besl\u00f6t starta egen tidning. <strong><a href=\"http:\/\/www.rolfcarlsson.net\/filipstadsposten.htm\">Filipstadsposten<\/a><\/strong>. Tre m\u00e5nader. Mycken uppm\u00e4rksamhet och f\u00f6rv\u00e5nansv\u00e4rt stor upplaga. Facit reseskrivmaskin.<\/p>\n<p>Journalistiken har han fortsatt med, liksom f\u00f6rfattandet. B\u00e5de dikter och prosa. 1997 gav han ut f\u00f6rsta egna skivan <strong>Bra teater<\/strong>, efter att ha sjungit och spelat sedan ungdomen. 2002 deltog han i Melodifestivalen med balladen <strong><a href=\"http:\/\/www.youtube.com\/watch?v=1y9O2sfhZfw\">Tidig \u00e4r tiden<\/a><\/strong>.<\/p>\n<p>15 aug 2003. Vi ses p\u00e5 ett jobb, han ska skriva, jag delar ut pressmeddelande. T\u00e5g.<\/p>\n<p>2012. Vi blir v\u00e4nner p\u00e5 facebook. Han \u00e4r lika aktiv som alltid, chattar ibland och vi byter r\u00e5d. K\u00e4nns inte som om det var nio \u00e5r sedan vi s\u00e5gs.<\/p>\n<p><strong>Som vore vi en facebookgrupp<br \/>\n<\/strong>Fredag, i g\u00e5r kv\u00e4ll. Rolf Carlsson och hans band har en spelning p\u00e5 <a href=\"http:\/\/www.cafeaugust.se\/\">Caf\u00e9 August<\/a> i Karlstad. Min fru och jag \u00e4ter r\u00e4ksm\u00f6rg\u00e5s respektive pannbiff, v\u00e4ntar p\u00e5 Rolf. <a href=\"https:\/\/sven-ove.nu\/wp-content\/uploads\/2012\/09\/Rolf-C-p\u00e5-Caf\u00e9-August.jpg\"><img loading=\"lazy\" decoding=\"async\" class=\"alignleft size-medium wp-image-3331\" title=\"Rolf C p\u00e5 Caf\u00e9 August\" src=\"https:\/\/sven-ove.nu\/wp-content\/uploads\/2012\/09\/Rolf-C-p\u00e5-Caf\u00e9-August-300x179.jpg\" alt=\"\" width=\"300\" height=\"179\" srcset=\"https:\/\/sven-ove.nu\/wp-content\/uploads\/2012\/09\/Rolf-C-p\u00e5-Caf\u00e9-August-300x179.jpg 300w, https:\/\/sven-ove.nu\/wp-content\/uploads\/2012\/09\/Rolf-C-p\u00e5-Caf\u00e9-August-1024x613.jpg 1024w\" sizes=\"auto, (max-width: 300px) 100vw, 300px\" \/><\/a>H\u00f6stm\u00f6rker ute, trivselljus och m\u00e4nniskov\u00e4rme inne. Nu kommer han, st\u00e4ller sig vid mikrofonen och ser ut \u00f6ver lokalen. N\u00e4stan traumatiskt, s\u00e4ger han och konstaterar f\u00f6rmodligen det samma som vi 75 f\u00f6rv\u00e4ntansfulla. Detta \u00e4r ju ett m\u00f6te med den obefintliga facebookgruppen <strong>Vi som k\u00e4nner och tycker om Rolf Carlsson<\/strong>. Bok- och skrivarv\u00e4nner, musikerv\u00e4nner, gamla barndomsv\u00e4nner fr\u00e5n Kvarnberget. Hans engelskl\u00e4rarinna fr\u00e5n gymnasiet, flitig facebookare \u00e4ven hon (i bokkaf\u00e9\u00e4renden).<\/p>\n<p>Jag har inga bra ord f\u00f6r musik inser jag efter ett tag. Chauff\u00f6r som jag \u00e4r f\u00f6r kv\u00e4llen tar jag ett antal suddiga bilder med mobilen. Strunt samma, jag publicerar en. Det \u00e4r min mobils bild av kv\u00e4llen. Vad spelar det f\u00f6r roll om telefonlyftaren \u00e4r darrh\u00e4nt i konsertm\u00f6rkret?<\/p>\n<p><strong>Det n\u00e4st b\u00e4sta<br \/>\n<\/strong>Det blir en s\u00e5 bra konsert i tv\u00e5 avdelningar. R\u00f6sten \u00e4r som ett mellanting mellan Bruce Springsteen och Bob Dylan, musikerna \u00e4r i h\u00f6gform och Rolf verkar lycklig.<\/p>\n<p style=\"padding-left: 30px;\"><strong>Vemod. Inte kletig nostalgi, men vackert vemod sprider sig i lokalen, medan Rolfs texter och musik ber\u00e4ttar om uppv\u00e4xten p\u00e5 Kvarnberget, gamla k\u00e4rlekar och hans liv.<\/strong><\/p>\n<p>Det blir en hel del gammalt och en hel del fr\u00e5n nya skivan <strong>Fina dagar<\/strong>. Efter ett tag b\u00f6rjar n\u00e5gra par dansa framf\u00f6r scenen, vi andra lyssnar, appl\u00e5derar och m\u00e5r bra. Mycket igenk\u00e4nning.<\/p>\n<p>&#8211; Jag har inte repeterat mellanpratet, s\u00e4ger Rolf. Jag brukar inte g\u00f6ra det.<\/p>\n<p>Kanske \u00e4r det just d\u00e4rf\u00f6r som pratet \u00e4r det n\u00e4st b\u00e4sta p\u00e5 en bra och bejublad konsert. Varm, rolig och eftert\u00e4nksam \u2013 tr\u00e4der det fram en m\u00e4nniska n\u00e5gra meter framf\u00f6r oss, d\u00e4r vid mikrofonen. Precis som i hans s\u00e5nger. Hade jag n\u00e5got s\u00e5 fjantigt som sl\u00e4ngar i en femgradig skala att dela ut, skulle han f\u00e5 fem sl\u00e4ngar den h\u00e4r kv\u00e4llen.<\/p>\n<p>N\u00e4r vi ropar p\u00e5 extranummer blir det <strong>Tidig \u00e4r tiden<\/strong>. Han brukar inte spela den, s\u00e4ger han.<\/p>\n<p>&nbsp;<\/p>\n","protected":false},"excerpt":{"rendered":"<p>Det b\u00f6rjade f\u00f6r snart 30 \u00e5r sedan. En dag blev vi kontaktade av en kille som gillade att skriva. Inte bara gillade, han skrev bra dikter. Han var en ung man fr\u00e5n Karlstad. Vi var V\u00e4rml\u00e4ndska F\u00f6rfattars\u00e4llskapet. H\u00e4r kom det en arton\u00e5ring och slog oss p\u00e5 fingrarna med mycket, s\u00e5 d\u00e4r i f\u00f6rbig\u00e5ende. Tryckerikontakter, listigt &hellip; <a href=\"https:\/\/sven-ove.nu\/?p=3330\" class=\"more-link\">Forts\u00e4tt l\u00e4sa <span class=\"screen-reader-text\">Vemodet fr\u00e5n Kvarnberget<\/span><\/a><\/p>\n","protected":false},"author":1,"featured_media":0,"comment_status":"open","ping_status":"open","sticky":false,"template":"","format":"standard","meta":{"_crdt_document":"","_monsterinsights_skip_tracking":false,"_monsterinsights_sitenote_active":false,"_monsterinsights_sitenote_note":"","_monsterinsights_sitenote_category":0,"footnotes":""},"categories":[4],"tags":[24,15],"class_list":["post-3330","post","type-post","status-publish","format-standard","hentry","category-skrivande","tag-karlek","tag-mediedjungeln"],"_links":{"self":[{"href":"https:\/\/sven-ove.nu\/index.php?rest_route=\/wp\/v2\/posts\/3330","targetHints":{"allow":["GET"]}}],"collection":[{"href":"https:\/\/sven-ove.nu\/index.php?rest_route=\/wp\/v2\/posts"}],"about":[{"href":"https:\/\/sven-ove.nu\/index.php?rest_route=\/wp\/v2\/types\/post"}],"author":[{"embeddable":true,"href":"https:\/\/sven-ove.nu\/index.php?rest_route=\/wp\/v2\/users\/1"}],"replies":[{"embeddable":true,"href":"https:\/\/sven-ove.nu\/index.php?rest_route=%2Fwp%2Fv2%2Fcomments&post=3330"}],"version-history":[{"count":8,"href":"https:\/\/sven-ove.nu\/index.php?rest_route=\/wp\/v2\/posts\/3330\/revisions"}],"predecessor-version":[{"id":3348,"href":"https:\/\/sven-ove.nu\/index.php?rest_route=\/wp\/v2\/posts\/3330\/revisions\/3348"}],"wp:attachment":[{"href":"https:\/\/sven-ove.nu\/index.php?rest_route=%2Fwp%2Fv2%2Fmedia&parent=3330"}],"wp:term":[{"taxonomy":"category","embeddable":true,"href":"https:\/\/sven-ove.nu\/index.php?rest_route=%2Fwp%2Fv2%2Fcategories&post=3330"},{"taxonomy":"post_tag","embeddable":true,"href":"https:\/\/sven-ove.nu\/index.php?rest_route=%2Fwp%2Fv2%2Ftags&post=3330"}],"curies":[{"name":"wp","href":"https:\/\/api.w.org\/{rel}","templated":true}]}}