{"id":3359,"date":"2012-09-24T04:00:49","date_gmt":"2012-09-24T03:00:49","guid":{"rendered":"http:\/\/sven-ove.nu\/?p=3359"},"modified":"2012-09-24T17:22:13","modified_gmt":"2012-09-24T16:22:13","slug":"kraftig-satsning-pa-barnens-eget-flyg","status":"publish","type":"post","link":"https:\/\/sven-ove.nu\/?p=3359","title":{"rendered":"Kraftig satsning p\u00e5 barnens eget flyg"},"content":{"rendered":"<p>\u00d6ver hela landet breder det nya Sveriges linjer ut sig. Tjohoo vilken satsning, pang pang pang. Menar jag t\u00e5glinjer som f\u00e5r sin sn\u00f6 b\u00e4ttre skottad \u00e4n sist? Nej. Menar jag kontaktledningar som inte blir r\u00e4dda och ramlar ner om t\u00e5get kommer? Nix.<\/p>\n<p>Ta det lite lugnt nu, inte de linjerna. De f\u00e5r gr\u00f4schel j\u00e4mf\u00f6rt med vad Sverige v\u00e5gade satsa under 1800-talet. Det fattiga Sverige, d\u00e5 man likafullt byggde G\u00f6ta kanal och stambanorna. Dessa j\u00e4tteprojekt f\u00f6r hand.<\/p>\n<p>Ta det lugnt, jag menar ungdomsarbetsl\u00f6shets<em>linjen<\/em>.<a href=\"https:\/\/sven-ove.nu\/wp-content\/uploads\/2012\/09\/Vakt5.jpg\"><br \/>\n<\/a>Vuxenarbetsl\u00f6shets<em>linjen<\/em>.<br \/>\n<a href=\"https:\/\/sven-ove.nu\/wp-content\/uploads\/2012\/09\/Vakt6.jpg\"><img loading=\"lazy\" decoding=\"async\" class=\"alignright size-medium wp-image-3366\" title=\"Vakt\" src=\"https:\/\/sven-ove.nu\/wp-content\/uploads\/2012\/09\/Vakt6-179x300.jpg\" alt=\"\" width=\"179\" height=\"300\" srcset=\"https:\/\/sven-ove.nu\/wp-content\/uploads\/2012\/09\/Vakt6-179x300.jpg 179w, https:\/\/sven-ove.nu\/wp-content\/uploads\/2012\/09\/Vakt6-613x1024.jpg 613w, https:\/\/sven-ove.nu\/wp-content\/uploads\/2012\/09\/Vakt6.jpg 1552w\" sizes=\"auto, (max-width: 179px) 100vw, 179px\" \/><\/a>Fuck facket-<em>linjen<\/em>.<br \/>\nMera k\u00e4rnkraft-<em>linjen<\/em>.<a href=\"https:\/\/sven-ove.nu\/wp-content\/uploads\/2012\/09\/Vakt4.jpg\"><br \/>\n<\/a>Mera livsfarlig str\u00e5lning i 100 000 \u00e5r-<em>linjen<\/em>.<br \/>\nH\u00f6gre skatt f\u00f6r pension\u00e4rer-<em>linjen<\/em>.<br \/>\nKr\u00e5ngla med skolan g\u00e5ng p\u00e5 g\u00e5ng p\u00e5 g\u00e5ng-<em>linjen<\/em>.<\/p>\n<p>Till sist det allra skamligaste, en <a href=\"http:\/\/www.aftonbladet.se\/nyheter\/article15490695.ab\">egen<\/a> <a href=\"http:\/\/www.expressen.se\/nyheter\/bo-kallar-till-krismote-skarpning\/\">flyglinje<\/a> f\u00f6r <a href=\"http:\/\/www.svd.se\/nyheter\/inrikes\/haddile-kvar-hos-familjen_7522660.svd\" target=\"_blank\">dessa<\/a> <a href=\"http:\/\/www.aftonbladet.se\/kultur\/article15494588.ab\" target=\"_blank\">de<\/a> <a href=\"http:\/\/www.svd.se\/opinion\/brannpunkt\/migrationsverket-bor-forklara-synen-pa-barn_7524952.svd\" target=\"_blank\">v\u00e5ra<\/a> <a href=\"http:\/\/www.aftonbladet.se\/ledare\/ledarkronika\/anderslindberg\/article15493634.ab\" target=\"_blank\">minsta<\/a>. <strong>Utvisningslinjen<\/strong>.<\/p>\n<p style=\"padding-left: 30px;\">*<\/p>\n<p>Sk\u00e4mmes med er. Sk\u00e4mmes. Man g\u00f6r inte s\u00e5 mot en liten medm\u00e4nniska.<\/p>\n<p>&nbsp;<\/p>\n","protected":false},"excerpt":{"rendered":"<p>\u00d6ver hela landet breder det nya Sveriges linjer ut sig. Tjohoo vilken satsning, pang pang pang. Menar jag t\u00e5glinjer som f\u00e5r sin sn\u00f6 b\u00e4ttre skottad \u00e4n sist? Nej. Menar jag kontaktledningar som inte blir r\u00e4dda och ramlar ner om t\u00e5get kommer? Nix. Ta det lite lugnt nu, inte de linjerna. De f\u00e5r gr\u00f4schel j\u00e4mf\u00f6rt med &hellip; <a href=\"https:\/\/sven-ove.nu\/?p=3359\" class=\"more-link\">Forts\u00e4tt l\u00e4sa <span class=\"screen-reader-text\">Kraftig satsning p\u00e5 barnens eget flyg<\/span><\/a><\/p>\n","protected":false},"author":1,"featured_media":0,"comment_status":"open","ping_status":"open","sticky":false,"template":"","format":"standard","meta":{"_crdt_document":"","_monsterinsights_skip_tracking":false,"_monsterinsights_sitenote_active":false,"_monsterinsights_sitenote_note":"","_monsterinsights_sitenote_category":0,"footnotes":""},"categories":[9],"tags":[16],"class_list":["post-3359","post","type-post","status-publish","format-standard","hentry","category-politik","tag-dumheter"],"_links":{"self":[{"href":"https:\/\/sven-ove.nu\/index.php?rest_route=\/wp\/v2\/posts\/3359","targetHints":{"allow":["GET"]}}],"collection":[{"href":"https:\/\/sven-ove.nu\/index.php?rest_route=\/wp\/v2\/posts"}],"about":[{"href":"https:\/\/sven-ove.nu\/index.php?rest_route=\/wp\/v2\/types\/post"}],"author":[{"embeddable":true,"href":"https:\/\/sven-ove.nu\/index.php?rest_route=\/wp\/v2\/users\/1"}],"replies":[{"embeddable":true,"href":"https:\/\/sven-ove.nu\/index.php?rest_route=%2Fwp%2Fv2%2Fcomments&post=3359"}],"version-history":[{"count":11,"href":"https:\/\/sven-ove.nu\/index.php?rest_route=\/wp\/v2\/posts\/3359\/revisions"}],"predecessor-version":[{"id":3377,"href":"https:\/\/sven-ove.nu\/index.php?rest_route=\/wp\/v2\/posts\/3359\/revisions\/3377"}],"wp:attachment":[{"href":"https:\/\/sven-ove.nu\/index.php?rest_route=%2Fwp%2Fv2%2Fmedia&parent=3359"}],"wp:term":[{"taxonomy":"category","embeddable":true,"href":"https:\/\/sven-ove.nu\/index.php?rest_route=%2Fwp%2Fv2%2Fcategories&post=3359"},{"taxonomy":"post_tag","embeddable":true,"href":"https:\/\/sven-ove.nu\/index.php?rest_route=%2Fwp%2Fv2%2Ftags&post=3359"}],"curies":[{"name":"wp","href":"https:\/\/api.w.org\/{rel}","templated":true}]}}