{"id":3411,"date":"2012-10-06T09:30:25","date_gmt":"2012-10-06T08:30:25","guid":{"rendered":"http:\/\/sven-ove.nu\/?p=3411"},"modified":"2012-10-06T09:30:25","modified_gmt":"2012-10-06T08:30:25","slug":"fina-dagar-2","status":"publish","type":"post","link":"https:\/\/sven-ove.nu\/?p=3411","title":{"rendered":"Fina dagar"},"content":{"rendered":"<p>6 oktober: Semester hemma. Skriver. Umg\u00e5s.<br \/>\nFunderar p\u00e5 <a href=\"http:\/\/www.karlstadbokcafe.se\/\" target=\"_blank\">Karlstads bokcaf\u00e9s<\/a> program p\u00e5 Gjuteriet klockan 14.00.<\/p>\n<p>Trivs.<\/p>\n<p><a href=\"https:\/\/sven-ove.nu\/wp-content\/uploads\/2012\/10\/Soluppg\u00e5ng-fr\u00e5n-h\u00e5llplatsen.jpg\"><img loading=\"lazy\" decoding=\"async\" class=\"alignleft size-medium wp-image-3412\" title=\"Soluppg\u00e5ng fr\u00e5n h\u00e5llplatsen\" src=\"https:\/\/sven-ove.nu\/wp-content\/uploads\/2012\/10\/Soluppg\u00e5ng-fr\u00e5n-h\u00e5llplatsen-300x152.jpg\" alt=\"\" width=\"300\" height=\"152\" srcset=\"https:\/\/sven-ove.nu\/wp-content\/uploads\/2012\/10\/Soluppg\u00e5ng-fr\u00e5n-h\u00e5llplatsen-300x152.jpg 300w, https:\/\/sven-ove.nu\/wp-content\/uploads\/2012\/10\/Soluppg\u00e5ng-fr\u00e5n-h\u00e5llplatsen-1024x521.jpg 1024w\" sizes=\"auto, (max-width: 300px) 100vw, 300px\" \/><\/a><\/p>\n<p>&nbsp;<\/p>\n<p>&nbsp;<\/p>\n<p>&nbsp;<\/p>\n<p>&nbsp;<\/p>\n","protected":false},"excerpt":{"rendered":"<p>6 oktober: Semester hemma. Skriver. Umg\u00e5s. Funderar p\u00e5 Karlstads bokcaf\u00e9s program p\u00e5 Gjuteriet klockan 14.00. Trivs. &nbsp; &nbsp; &nbsp; &nbsp;<\/p>\n","protected":false},"author":1,"featured_media":0,"comment_status":"open","ping_status":"open","sticky":false,"template":"","format":"standard","meta":{"_crdt_document":"","_monsterinsights_skip_tracking":false,"_monsterinsights_sitenote_active":false,"_monsterinsights_sitenote_note":"","_monsterinsights_sitenote_category":0,"footnotes":""},"categories":[10,9],"tags":[17],"class_list":["post-3411","post","type-post","status-publish","format-standard","hentry","category-familjen","category-politik","tag-solidaritet"],"_links":{"self":[{"href":"https:\/\/sven-ove.nu\/index.php?rest_route=\/wp\/v2\/posts\/3411","targetHints":{"allow":["GET"]}}],"collection":[{"href":"https:\/\/sven-ove.nu\/index.php?rest_route=\/wp\/v2\/posts"}],"about":[{"href":"https:\/\/sven-ove.nu\/index.php?rest_route=\/wp\/v2\/types\/post"}],"author":[{"embeddable":true,"href":"https:\/\/sven-ove.nu\/index.php?rest_route=\/wp\/v2\/users\/1"}],"replies":[{"embeddable":true,"href":"https:\/\/sven-ove.nu\/index.php?rest_route=%2Fwp%2Fv2%2Fcomments&post=3411"}],"version-history":[{"count":3,"href":"https:\/\/sven-ove.nu\/index.php?rest_route=\/wp\/v2\/posts\/3411\/revisions"}],"predecessor-version":[{"id":3415,"href":"https:\/\/sven-ove.nu\/index.php?rest_route=\/wp\/v2\/posts\/3411\/revisions\/3415"}],"wp:attachment":[{"href":"https:\/\/sven-ove.nu\/index.php?rest_route=%2Fwp%2Fv2%2Fmedia&parent=3411"}],"wp:term":[{"taxonomy":"category","embeddable":true,"href":"https:\/\/sven-ove.nu\/index.php?rest_route=%2Fwp%2Fv2%2Fcategories&post=3411"},{"taxonomy":"post_tag","embeddable":true,"href":"https:\/\/sven-ove.nu\/index.php?rest_route=%2Fwp%2Fv2%2Ftags&post=3411"}],"curies":[{"name":"wp","href":"https:\/\/api.w.org\/{rel}","templated":true}]}}