{"id":3429,"date":"2012-10-07T18:04:21","date_gmt":"2012-10-07T17:04:21","guid":{"rendered":"http:\/\/sven-ove.nu\/?p=3429"},"modified":"2012-10-07T18:04:21","modified_gmt":"2012-10-07T17:04:21","slug":"palme-pers-och-hoppfulla-hostlov","status":"publish","type":"post","link":"https:\/\/sven-ove.nu\/?p=3429","title":{"rendered":"Palme, pers och hoppfulla h\u00f6stl\u00f6v"},"content":{"rendered":"<p>S\u00f6ndag. H\u00f6st p\u00e5 hela Grossbolstorp. Under dagen sol, n\u00e5gra l\u00e4tta molnskyar h\u00e4r och d\u00e4r, r\u00f6da, gula och orange l\u00f6v. L\u00f6v som faller, l\u00f6v som borde krattas men ocks\u00e5 knoppar som h\u00e5ller p\u00e5 och bildas. Springer mitt l\u00e4ngsta pass sedan diskbr\u00e5cket f\u00f6r elva \u00e5r sedan, dessutom \u00e5rsb\u00e4sta p\u00e5 milen.<\/p>\n<p><a href=\"https:\/\/sven-ove.nu\/wp-content\/uploads\/2012\/10\/Palme-p\u00e5-bio.jpg\"><img loading=\"lazy\" decoding=\"async\" class=\"alignleft size-thumbnail wp-image-3431\" title=\"Palme p\u00e5 bio\" src=\"https:\/\/sven-ove.nu\/wp-content\/uploads\/2012\/10\/Palme-p\u00e5-bio-150x150.jpg\" alt=\"\" width=\"150\" height=\"150\" \/><\/a>G\u00e5r och ser Palme-filmen. Jo, s\u00e5 var det den g\u00e5ngen. Sverige hade en demokratisk socialist som statsminister. En som jag sannerligen var kritisk mot m\u00e5nga g\u00e5nger, (<em>Palme och Geijer, Nixons lakejer!)<\/em> men som samtidigt var en briljant t\u00e4nkare och <a href=\"http:\/\/www.youtube.com\/watch?v=5zwBYkbMZFA\">talare<\/a>. En som gav Sverige en r\u00f6st i v\u00e4rlden, n\u00e4r europeiska l\u00e4nder fortfarande fick ha en egen r\u00f6st.<\/p>\n<p style=\"padding-left: 30px;\"><strong>Tiden g\u00e5r. Tiden g\u00e5r i cykler, politiska konjunkturer cyklar p\u00e5 de med. N\u00e4r f\u00e5r vi en socialdemokrati som v\u00e5gar formulera stolta visioner igen? En som inte \u00e4r vilsen och fast i det <\/strong><a href=\"http:\/\/www.aftonbladet.se\/nyheter\/kolumnister\/lenamellin\/article15566300.ab\"><strong>mediedramaturgiska<\/strong><\/a><strong> <\/strong><a href=\"http:\/\/www.vf.se\/asikter\/ledare\/mycket-forenar-om-valfarden\"><strong>slaget<\/strong><\/a><strong> om medelklassen?<\/strong><\/p>\n<p><strong>Str\u00e4ngs sn\u00e5la sedel<br \/>\n<\/strong>En g\u00e5ng har jag tr\u00e4ffat Gunnar Str\u00e4ng. Det finns en bild p\u00e5 mig i b\u00e4sta SSU-kostymen, n\u00e4r finansministern och folkhush\u00e5llaren l\u00e4gger en sn\u00e5l sedel i en insamlingsb\u00f6ssa som jag str\u00e4cker fram.<\/p>\n<p><a href=\"https:\/\/sven-ove.nu\/wp-content\/uploads\/2012\/10\/Palmeaffischen.jpg\"><img loading=\"lazy\" decoding=\"async\" class=\"alignright size-medium wp-image-3430\" title=\"Palmeaffischen\" src=\"https:\/\/sven-ove.nu\/wp-content\/uploads\/2012\/10\/Palmeaffischen-189x300.jpg\" alt=\"\" width=\"189\" height=\"300\" srcset=\"https:\/\/sven-ove.nu\/wp-content\/uploads\/2012\/10\/Palmeaffischen-189x300.jpg 189w, https:\/\/sven-ove.nu\/wp-content\/uploads\/2012\/10\/Palmeaffischen-648x1024.jpg 648w, https:\/\/sven-ove.nu\/wp-content\/uploads\/2012\/10\/Palmeaffischen.jpg 1552w\" sizes=\"auto, (max-width: 189px) 100vw, 189px\" \/><\/a>Palme tr\u00e4ffade jag tv\u00e5 g\u00e5nger. <a href=\"http:\/\/www.youtube.com\/watch?v=uZwmLFAreuk\">SSU-l\u00e4gret<\/a> i r\u00f6da \u00c5dalen 1976. Valr\u00f6relse, han \u00e4ter p\u00e5 en glass av m\u00e4rket Winner, jag f\u00f6rs\u00f6ker bjuda in honom till J\u00f6nk\u00f6pingsdelen av l\u00e4gret. Sedan f\u00f6rlorar han kampen mot Thorbj\u00f6rn F\u00e4lldin, p\u00e5 den tiden centern var motst\u00e5ndare till den livsfarliga k\u00e4rnkraften.<\/p>\n<p>Studiebes\u00f6ket i V\u00e4rmland i b\u00f6rjan p\u00e5 1980-talet. Palme besk\u00e5dar skogsd\u00f6den n\u00e4ra Kronoparken, Palme bes\u00f6ker IVL i Kil, Palme h\u00e5ller hyllningstal till industrialister p\u00e5 B\u00e4ckhammars Bruk, Palme bes\u00f6ker skolklass, Palme\u2026 resan h\u00e5ller ett n\u00e4rmast v\u00e5ldsamt tempo. Sj\u00e4lv skriver jag n\u00e5gra av de rader jag \u00e5ngrat och l\u00e5ter bli att skriva n\u00e5gra rader som jag borde ha skrivit. Offer f\u00f6r min egen mediedramaturgi.<\/p>\n<p style=\"padding-left: 30px;\"><strong>Den f\u00f6rsta toppolitiker jag m\u00f6tt som brytt sig om journalisterna. \u201dHinner ni med?\u201d sa Olof Palme n\u00e4r tempot var uppskruvat mellan bes\u00f6ksm\u00e5len, de m\u00e4sterligt improviserade talen och fototillf\u00e4llena. \u201dHinner ni med?\u201d.<\/strong><\/p>\n<p><strong>Ogillade och beundrade<br \/>\n<\/strong>Jag tyckte inte alltid om honom. Jag beundrade honom likafullt. En g\u00e5ng stod jag i en fullsatt F\u00e4rjestads ishall, h\u00f6ll min fru i ena handen och NWT:s lokalredakt\u00f6r i den andra och sj\u00f6ng Internationalen. H\u00f6jda h\u00e4nder, Palme i h\u00f6gform.<\/p>\n<p>L\u00f6v faller fr\u00e5n en bj\u00f6rk p\u00e5 Grossbolstorp. Knoppar bildas.<\/p>\n","protected":false},"excerpt":{"rendered":"<p>S\u00f6ndag. H\u00f6st p\u00e5 hela Grossbolstorp. Under dagen sol, n\u00e5gra l\u00e4tta molnskyar h\u00e4r och d\u00e4r, r\u00f6da, gula och orange l\u00f6v. L\u00f6v som faller, l\u00f6v som borde krattas men ocks\u00e5 knoppar som h\u00e5ller p\u00e5 och bildas. Springer mitt l\u00e4ngsta pass sedan diskbr\u00e5cket f\u00f6r elva \u00e5r sedan, dessutom \u00e5rsb\u00e4sta p\u00e5 milen. G\u00e5r och ser Palme-filmen. Jo, s\u00e5 var &hellip; <a href=\"https:\/\/sven-ove.nu\/?p=3429\" class=\"more-link\">Forts\u00e4tt l\u00e4sa <span class=\"screen-reader-text\">Palme, pers och hoppfulla h\u00f6stl\u00f6v<\/span><\/a><\/p>\n","protected":false},"author":1,"featured_media":0,"comment_status":"open","ping_status":"open","sticky":false,"template":"","format":"standard","meta":{"_crdt_document":"","_monsterinsights_skip_tracking":false,"_monsterinsights_sitenote_active":false,"_monsterinsights_sitenote_note":"","_monsterinsights_sitenote_category":0,"footnotes":""},"categories":[10,5,9],"tags":[3,17],"class_list":["post-3429","post","type-post","status-publish","format-standard","hentry","category-familjen","category-lopning","category-politik","tag-arbete","tag-solidaritet"],"_links":{"self":[{"href":"https:\/\/sven-ove.nu\/index.php?rest_route=\/wp\/v2\/posts\/3429","targetHints":{"allow":["GET"]}}],"collection":[{"href":"https:\/\/sven-ove.nu\/index.php?rest_route=\/wp\/v2\/posts"}],"about":[{"href":"https:\/\/sven-ove.nu\/index.php?rest_route=\/wp\/v2\/types\/post"}],"author":[{"embeddable":true,"href":"https:\/\/sven-ove.nu\/index.php?rest_route=\/wp\/v2\/users\/1"}],"replies":[{"embeddable":true,"href":"https:\/\/sven-ove.nu\/index.php?rest_route=%2Fwp%2Fv2%2Fcomments&post=3429"}],"version-history":[{"count":2,"href":"https:\/\/sven-ove.nu\/index.php?rest_route=\/wp\/v2\/posts\/3429\/revisions"}],"predecessor-version":[{"id":3433,"href":"https:\/\/sven-ove.nu\/index.php?rest_route=\/wp\/v2\/posts\/3429\/revisions\/3433"}],"wp:attachment":[{"href":"https:\/\/sven-ove.nu\/index.php?rest_route=%2Fwp%2Fv2%2Fmedia&parent=3429"}],"wp:term":[{"taxonomy":"category","embeddable":true,"href":"https:\/\/sven-ove.nu\/index.php?rest_route=%2Fwp%2Fv2%2Fcategories&post=3429"},{"taxonomy":"post_tag","embeddable":true,"href":"https:\/\/sven-ove.nu\/index.php?rest_route=%2Fwp%2Fv2%2Ftags&post=3429"}],"curies":[{"name":"wp","href":"https:\/\/api.w.org\/{rel}","templated":true}]}}