{"id":3446,"date":"2012-10-09T09:12:46","date_gmt":"2012-10-09T08:12:46","guid":{"rendered":"http:\/\/sven-ove.nu\/?p=3446"},"modified":"2012-10-09T09:12:46","modified_gmt":"2012-10-09T08:12:46","slug":"antligen-en-politiker-som-vagar-vara-rolig","status":"publish","type":"post","link":"https:\/\/sven-ove.nu\/?p=3446","title":{"rendered":"\u00c4ntligen en politiker som v\u00e5gar vara rolig"},"content":{"rendered":"<p><a href=\"https:\/\/sven-ove.nu\/wp-content\/uploads\/2012\/10\/B\u00e4st-f\u00f6re.jpg\"><img loading=\"lazy\" decoding=\"async\" class=\"alignright size-thumbnail wp-image-3447\" title=\"B\u00e4st f\u00f6re\" src=\"https:\/\/sven-ove.nu\/wp-content\/uploads\/2012\/10\/B\u00e4st-f\u00f6re-150x150.jpg\" alt=\"\" width=\"150\" height=\"150\" \/><\/a>Ibland blir jag tr\u00f6tt p\u00e5 aktualitetsj\u00e4ktet. Folk sl\u00e4nger mj\u00f6lk f\u00f6r att den g\u00e5tt \u00f6ver b\u00e4st f\u00f6re-datumet med tv\u00e5 dagar, trots att den luktar som mj\u00f6lk ska och smakar som den ska. P\u00e5 facebook d\u00f6r en h\u00e4ndelse efter fyra timmar, p\u00e5 twitter efter tv\u00e5.<\/p>\n<p style=\"padding-left: 30px;\"><strong>Sista skriket-j\u00e4ktet. \u201dF\u00e5nga inte \u00f6gonblicket, f\u00e5nga n\u00e4sta. Nej n\u00e4sta\u201d.<\/strong><\/p>\n<p>H\u00e4r \u00e4r l\u00e4nk till en <a href=\"http:\/\/www.youtube.com\/watch?v=JEJVeKw-A08\">politiker<\/a> som v\u00e5gar vara rolig.<br \/>\nKom ih\u00e5g var ni s\u00e5g den f\u00f6rst.<\/p>\n","protected":false},"excerpt":{"rendered":"<p>Ibland blir jag tr\u00f6tt p\u00e5 aktualitetsj\u00e4ktet. Folk sl\u00e4nger mj\u00f6lk f\u00f6r att den g\u00e5tt \u00f6ver b\u00e4st f\u00f6re-datumet med tv\u00e5 dagar, trots att den luktar som mj\u00f6lk ska och smakar som den ska. P\u00e5 facebook d\u00f6r en h\u00e4ndelse efter fyra timmar, p\u00e5 twitter efter tv\u00e5. Sista skriket-j\u00e4ktet. \u201dF\u00e5nga inte \u00f6gonblicket, f\u00e5nga n\u00e4sta. Nej n\u00e4sta\u201d. H\u00e4r \u00e4r l\u00e4nk &hellip; <a href=\"https:\/\/sven-ove.nu\/?p=3446\" class=\"more-link\">Forts\u00e4tt l\u00e4sa <span class=\"screen-reader-text\">\u00c4ntligen en politiker som v\u00e5gar vara rolig<\/span><\/a><\/p>\n","protected":false},"author":1,"featured_media":0,"comment_status":"open","ping_status":"open","sticky":false,"template":"","format":"standard","meta":{"_crdt_document":"","_monsterinsights_skip_tracking":false,"_monsterinsights_sitenote_active":false,"_monsterinsights_sitenote_note":"","_monsterinsights_sitenote_category":0,"footnotes":""},"categories":[9],"tags":[8],"class_list":["post-3446","post","type-post","status-publish","format-standard","hentry","category-politik","tag-historia"],"_links":{"self":[{"href":"https:\/\/sven-ove.nu\/index.php?rest_route=\/wp\/v2\/posts\/3446","targetHints":{"allow":["GET"]}}],"collection":[{"href":"https:\/\/sven-ove.nu\/index.php?rest_route=\/wp\/v2\/posts"}],"about":[{"href":"https:\/\/sven-ove.nu\/index.php?rest_route=\/wp\/v2\/types\/post"}],"author":[{"embeddable":true,"href":"https:\/\/sven-ove.nu\/index.php?rest_route=\/wp\/v2\/users\/1"}],"replies":[{"embeddable":true,"href":"https:\/\/sven-ove.nu\/index.php?rest_route=%2Fwp%2Fv2%2Fcomments&post=3446"}],"version-history":[{"count":2,"href":"https:\/\/sven-ove.nu\/index.php?rest_route=\/wp\/v2\/posts\/3446\/revisions"}],"predecessor-version":[{"id":3449,"href":"https:\/\/sven-ove.nu\/index.php?rest_route=\/wp\/v2\/posts\/3446\/revisions\/3449"}],"wp:attachment":[{"href":"https:\/\/sven-ove.nu\/index.php?rest_route=%2Fwp%2Fv2%2Fmedia&parent=3446"}],"wp:term":[{"taxonomy":"category","embeddable":true,"href":"https:\/\/sven-ove.nu\/index.php?rest_route=%2Fwp%2Fv2%2Fcategories&post=3446"},{"taxonomy":"post_tag","embeddable":true,"href":"https:\/\/sven-ove.nu\/index.php?rest_route=%2Fwp%2Fv2%2Ftags&post=3446"}],"curies":[{"name":"wp","href":"https:\/\/api.w.org\/{rel}","templated":true}]}}