{"id":3454,"date":"2012-10-09T15:24:36","date_gmt":"2012-10-09T14:24:36","guid":{"rendered":"http:\/\/sven-ove.nu\/?p=3454"},"modified":"2012-10-09T16:49:21","modified_gmt":"2012-10-09T15:49:21","slug":"orrholmen-kan-inte-langre-heta-orrholmen","status":"publish","type":"post","link":"https:\/\/sven-ove.nu\/?p=3454","title":{"rendered":"Orrholmen kan inte l\u00e4ngre heta Orrholmen"},"content":{"rendered":"<p><strong> <\/strong><\/p>\n<p>Ska biblioteken f\u00e5 l\u00e5na ut <strong>bibeln<\/strong>, fast d\u00e4r st\u00e5r om stening om jag inte minns fel och om \u00f6ga f\u00f6r \u00f6ga, tand f\u00f6r tand? Ja, det ska de. Ska biblioteken f\u00e5 l\u00e5na ut Hitlers <strong>Min kamp<\/strong>, fast vi vet vad den ideologin ledde till? Ja, det ska de. Ska de f\u00e5 l\u00e5na ut seriealbum, skrivna i en annan tid, med delvis andra v\u00e4rderingar? Ja, det ska de.<\/p>\n<p>Utan historia har vi ingen framtid. Dessutom \u00e4r folk kloka och kan t\u00e4nka sj\u00e4lva. Vi kan inte br\u00e4nna Strindberg, bara f\u00f6r att han var antisemit i vissa texter. Eller Hamsun, f\u00f6r att han blev som han blev.<\/p>\n<p>Ska ett kvarter f\u00e5 ha kvar namnet <strong>Negern<\/strong>, d\u00f6pt till det p\u00e5 1800-talet n\u00e4r Amerikas nordstater slogs f\u00f6r de svartas befrielse? Ja, det borde det ha f\u00e5tt. Konsekvensen blir annars att vi m\u00e5ste radera r\u00e4tt mycket av v\u00e5r historia. Munkfors f\u00e5r byta namn, f\u00f6r forsen \u00e4r t\u00e4mjd och pilgrimerna har vandrat vidare. Stegla i Brattfors f\u00e5r d\u00f6pas om, eftersom st\u00e4llet f\u00e5tt sitt namn efter n\u00e5got s\u00e5 f\u00f6rf\u00e4rligt och otidsenligt som en avr\u00e4ttningsplats. Orrholmen kan inte l\u00e4ngre heta Orrholmen, den har slutat vara en \u00f6. Badhusgatan i Sunne och Stationsgatan i Molkom \u00e4r lika pass\u00e9 de.<\/p>\n<p style=\"padding-left: 30px;\"><strong>Sj\u00e4lv \u00e4r jag republikan. Betyder det att jag tycker att b\u00e5de Kungsgatan och Drottninggatan i Karlstad ska heta President Wallstr\u00f6ms gata n\u00e4r republiken \u00e4r inf\u00f6rd? Nej, det betyder det inte.<\/strong><\/p>\n<p><strong><a href=\"https:\/\/sven-ove.nu\/wp-content\/uploads\/2012\/10\/Vakt.jpg\"><img loading=\"lazy\" decoding=\"async\" class=\"alignright size-thumbnail wp-image-3462\" title=\"Vakt\" src=\"https:\/\/sven-ove.nu\/wp-content\/uploads\/2012\/10\/Vakt-150x150.jpg\" alt=\"\" width=\"150\" height=\"150\" \/><\/a>Stalinradering nej tack<\/strong><br \/>\nVi kan inte h\u00e5lla p\u00e5 och radera v\u00e5r historia. Vi kan inte g\u00f6ra som Josef Stalins fototekniker, n\u00e4r \u00e4nnu en man i det forna ledarskapet skickats till Sibirien och inte fick vara kvar p\u00e5 jubelbilderna. Radera.<\/p>\n<p>Chokladbollarna kan ni g\u00e4rna kalla chokladbollar, det tycker jag \u00e4r bra. Se till att vi slipper schablonartade svarta och gula figurer p\u00e5 godisp\u00e5sarna. Men f\u00f6rs\u00f6ka stoppa en svart liten personligt tecknad sagofigur i en barnbok?<\/p>\n<p>Ge er nu.<\/p>\n<p><strong>Bosse Hansson<\/strong> \u00e4r en gammal man och har s\u00e4kert sina f\u00f6rdomar, han som vi andra. \u201d<em><a href=\"http:\/\/www.aftonbladet.se\/sportbladet\/article15575622.ab\" target=\"_blank\">Svarting<\/a><\/em>\u201d \u00e4r ett ovanligt korkat uttryck om en medm\u00e4nniska. Nog borde han ha haft vett att tiga, mikrofonr\u00e4v som han \u00e4r. Men f\u00f6rst\u00f6ra tv\u00e5 gamla radio- och tv-hj\u00e4ltars liv och efterm\u00e4le, bara f\u00f6r att han fr\u00f6s och inte kunde l\u00e5ta bli att mumla om sitt \u00e4lskade AIK?<\/p>\n<p>Ge er nu.<\/p>\n<p>&nbsp;<\/p>\n<p style=\"padding-left: 30px;\"><em>L\u00e4stips: <\/em><br \/>\n<em><a href=\"http:\/\/www.vf.se\/kronikor\/ps\/all-satir-ar-inte-kul\">Sven L-O Johansson-kr\u00f6nika i V\u00e4rmlands Folkblad<\/a><\/em><\/p>\n<p>&nbsp;<\/p>\n","protected":false},"excerpt":{"rendered":"<p>Ska biblioteken f\u00e5 l\u00e5na ut bibeln, fast d\u00e4r st\u00e5r om stening om jag inte minns fel och om \u00f6ga f\u00f6r \u00f6ga, tand f\u00f6r tand? Ja, det ska de. Ska biblioteken f\u00e5 l\u00e5na ut Hitlers Min kamp, fast vi vet vad den ideologin ledde till? Ja, det ska de. Ska de f\u00e5 l\u00e5na ut seriealbum, skrivna &hellip; <a href=\"https:\/\/sven-ove.nu\/?p=3454\" class=\"more-link\">Forts\u00e4tt l\u00e4sa <span class=\"screen-reader-text\">Orrholmen kan inte l\u00e4ngre heta Orrholmen<\/span><\/a><\/p>\n","protected":false},"author":1,"featured_media":0,"comment_status":"open","ping_status":"open","sticky":false,"template":"","format":"standard","meta":{"_crdt_document":"","_monsterinsights_skip_tracking":false,"_monsterinsights_sitenote_active":false,"_monsterinsights_sitenote_note":"","_monsterinsights_sitenote_category":0,"footnotes":""},"categories":[4],"tags":[16,8],"class_list":["post-3454","post","type-post","status-publish","format-standard","hentry","category-skrivande","tag-dumheter","tag-historia"],"_links":{"self":[{"href":"https:\/\/sven-ove.nu\/index.php?rest_route=\/wp\/v2\/posts\/3454","targetHints":{"allow":["GET"]}}],"collection":[{"href":"https:\/\/sven-ove.nu\/index.php?rest_route=\/wp\/v2\/posts"}],"about":[{"href":"https:\/\/sven-ove.nu\/index.php?rest_route=\/wp\/v2\/types\/post"}],"author":[{"embeddable":true,"href":"https:\/\/sven-ove.nu\/index.php?rest_route=\/wp\/v2\/users\/1"}],"replies":[{"embeddable":true,"href":"https:\/\/sven-ove.nu\/index.php?rest_route=%2Fwp%2Fv2%2Fcomments&post=3454"}],"version-history":[{"count":11,"href":"https:\/\/sven-ove.nu\/index.php?rest_route=\/wp\/v2\/posts\/3454\/revisions"}],"predecessor-version":[{"id":3466,"href":"https:\/\/sven-ove.nu\/index.php?rest_route=\/wp\/v2\/posts\/3454\/revisions\/3466"}],"wp:attachment":[{"href":"https:\/\/sven-ove.nu\/index.php?rest_route=%2Fwp%2Fv2%2Fmedia&parent=3454"}],"wp:term":[{"taxonomy":"category","embeddable":true,"href":"https:\/\/sven-ove.nu\/index.php?rest_route=%2Fwp%2Fv2%2Fcategories&post=3454"},{"taxonomy":"post_tag","embeddable":true,"href":"https:\/\/sven-ove.nu\/index.php?rest_route=%2Fwp%2Fv2%2Ftags&post=3454"}],"curies":[{"name":"wp","href":"https:\/\/api.w.org\/{rel}","templated":true}]}}